{"id":34532,"date":"2023-02-20T08:30:13","date_gmt":"2023-02-20T08:30:13","guid":{"rendered":"http:\/\/historiografija.hr\/?p=34532"},"modified":"2023-02-20T08:30:13","modified_gmt":"2023-02-20T08:30:13","slug":"medunarodni-znanstveni-skup-glagoljicna-i-cirilicna-bastina-sibenskoga-kraja","status":"publish","type":"post","link":"https:\/\/historiografija.hr\/?p=34532","title":{"rendered":"Me\u0111unarodni znanstveni skup \u201eGlagolji\u010dna i \u0107irili\u010dna ba\u0161tina \u0161ibenskoga kraja\u201c"},"content":{"rendered":"\n<p>Povodom Dana hrvatske glagoljice i glagolja\u0161tva 2023. Dr\u017eavni arhiv u \u0160ibeniku organizira Me\u0111unarodni znanstveni skup&nbsp;<em>Glagolji\u010dna i \u0107irili\u010dna ba\u0161tina \u0161ibenskoga kraja<\/em>&nbsp;koji \u0107e se odr\u017eati u srijedu, 22. velja\u010de 2023. s po\u010detkom u 9 sati u multimedijalnoj dvorani Interpretacijskog centra katedrale sv. Jakova&nbsp;<em>Civitas sacra<\/em>.<\/p>\n\n\n\n<p>Cilj skupa je promi\u0161ljanje, reinterpretacija i vrednovanje glagolji\u010dne i \u0107irili\u010dne ba\u0161tine \u0161ibenskoga kraja, prostora na razdjelnici utjecaja pojedina\u010dnih slavenskih pisama, \u010dija sa\u010duvana pisana ba\u0161tina predstavlja reprezentativnu dionicu hrvatskoga glagolja\u0161tva u smislu pro\u017eimanja glagolji\u010dne, \u0107irili\u010dne i latini\u010dne pismenosti na vernakulu.<\/p>\n\n\n\n<p>Plenarno izlaganje odr\u017eat \u0107e akademik Mateo \u017dagar.<\/p>\n\n\n\n<p>Radujemo se va\u0161em dolasku!<\/p>\n\n\n\n<hr class=\"wp-block-separator\"\/>\n\n\n\n<p>Izvor i knji\u017eica sa\u017eetaka:<\/p>\n\n\n\n<figure class=\"wp-block-embed-wordpress wp-block-embed is-type-wp-embed is-provider-drzavni-arhiv-u-sibeniku\"><div class=\"wp-block-embed__wrapper\">\n<blockquote class=\"wp-embedded-content\" data-secret=\"Kn47iO8pBO\"><a href=\"https:\/\/www.dasi.hr\/medunarodni-znanstveni-skup-glagoljicna-i-cirilicna-bastina-sibenskoga-kraja\/\">Me\u0111unarodni znanstveni skup Glagolji\u010dna i \u0107irili\u010dna ba\u0161tina \u0161ibenskoga kraja<\/a><\/blockquote><iframe loading=\"lazy\" class=\"wp-embedded-content\" sandbox=\"allow-scripts\" security=\"restricted\" style=\"position: absolute; clip: rect(1px, 1px, 1px, 1px);\" title=\"&#8220;Me\u0111unarodni znanstveni skup&lt;i&gt; Glagolji\u010dna i \u0107irili\u010dna ba\u0161tina \u0161ibenskoga kraja&lt;\/i&gt;&#8221; &#8212; Dr\u017eavni arhiv u \u0160ibeniku\" src=\"https:\/\/www.dasi.hr\/medunarodni-znanstveni-skup-glagoljicna-i-cirilicna-bastina-sibenskoga-kraja\/embed\/#?secret=FCfzP443e6#?secret=Kn47iO8pBO\" data-secret=\"Kn47iO8pBO\" width=\"600\" height=\"338\" frameborder=\"0\" marginwidth=\"0\" marginheight=\"0\" scrolling=\"no\"><\/iframe>\n<\/div><\/figure>\n\n\n\n<hr class=\"wp-block-separator\"\/>\n","protected":false},"excerpt":{"rendered":"","protected":false},"author":2,"featured_media":34533,"comment_status":"open","ping_status":"open","sticky":false,"template":"","format":"standard","meta":{"_acf_changed":false,"_jetpack_newsletter_access":"","_jetpack_dont_email_post_to_subs":false,"_jetpack_newsletter_tier_id":0,"_jetpack_memberships_contains_paywalled_content":false,"_jetpack_memberships_contains_paid_content":false,"footnotes":"","jetpack_publicize_message":"","jetpack_publicize_feature_enabled":true,"jetpack_social_post_already_shared":true,"jetpack_social_options":{"image_generator_settings":{"template":"highway","default_image_id":0,"font":"","enabled":false},"version":2},"jetpack_post_was_ever_published":false},"categories":[3,9],"tags":[],"class_list":["post-34532","post","type-post","status-publish","format-standard","has-post-thumbnail","hentry","category-novosti","category-skupovi"],"acf":{"facebook_opis":""},"jetpack_publicize_connections":[],"jetpack_featured_media_url":"https:\/\/i0.wp.com\/historiografija.hr\/wp-content\/uploads\/2023\/02\/skup-Glagoljica.jpg?fit=607%2C446&ssl=1","jetpack_sharing_enabled":true,"jetpack-related-posts":[{"id":53619,"url":"https:\/\/historiografija.hr\/?p=53619","url_meta":{"origin":34532,"position":0},"title":"U HAZU me\u0111unarodni znanstveni skup Borba protiv tuberkuloze: politike, razmjene i reprezentacije u Europi i njezinim kolonijama od 1850-ih do 1970-ih","author":"Branimir Jankovi\u0107","date":"22. svibnja 2026.","format":false,"excerpt":"U organizaciji Zavoda za povijest i filozofiju znanosti Hrvatske akademije znanosti i umjetnosti i pod pokroviteljstvom Razreda za medicinske znanosti HAZU, u utorak 26. svibnja 2026. u Knji\u017enici HAZU od 9 do 18 sati odr\u017eat \u0107e se\u00a0me\u0111unarodni znanstveni skup The Fight against Tuberculosis: Policies, Exchanges and Representations in Europe and\u2026","rel":"","context":"U &quot;Novosti&quot;","block_context":{"text":"Novosti","link":"https:\/\/historiografija.hr\/?cat=3"},"img":{"alt_text":"","src":"https:\/\/i0.wp.com\/historiografija.hr\/wp-content\/uploads\/2026\/05\/vagonasi.jpg?fit=1200%2C911&ssl=1&resize=350%2C200","width":350,"height":200,"srcset":"https:\/\/i0.wp.com\/historiografija.hr\/wp-content\/uploads\/2026\/05\/vagonasi.jpg?fit=1200%2C911&ssl=1&resize=350%2C200 1x, https:\/\/i0.wp.com\/historiografija.hr\/wp-content\/uploads\/2026\/05\/vagonasi.jpg?fit=1200%2C911&ssl=1&resize=525%2C300 1.5x, https:\/\/i0.wp.com\/historiografija.hr\/wp-content\/uploads\/2026\/05\/vagonasi.jpg?fit=1200%2C911&ssl=1&resize=700%2C400 2x, https:\/\/i0.wp.com\/historiografija.hr\/wp-content\/uploads\/2026\/05\/vagonasi.jpg?fit=1200%2C911&ssl=1&resize=1050%2C600 3x"},"classes":[]},{"id":53580,"url":"https:\/\/historiografija.hr\/?p=53580","url_meta":{"origin":34532,"position":1},"title":"Me\u0111unarodni znanstveni skup &#8220;Dan ekonomske historije 2026. Prostor, ljudi, ideje: Tomislav Raukar i svjetovi ekonomije&#8221;","author":"Branimir Jankovi\u0107","date":"21. svibnja 2026.","format":false,"excerpt":"Me\u0111unarodni znanstveni skup \"Dan ekonomske historije 2026. Prostor, ljudi, ideje: Tomislav Raukar i svjetovi ekonomije\" odr\u017eat \u0107e se u petak, 22. svibnja 2026. s po\u010detkom u 11 sati u Vije\u0107nici Filozofskog fakulteta Sveu\u010dili\u0161ta u Zagrebu. Programska knji\u017eica - Dan ekonomske historije 2026Preuzmi","rel":"","context":"U &quot;Novosti&quot;","block_context":{"text":"Novosti","link":"https:\/\/historiografija.hr\/?cat=3"},"img":{"alt_text":"","src":"https:\/\/i0.wp.com\/historiografija.hr\/wp-content\/uploads\/2026\/05\/Raukar.jpg?fit=875%2C414&ssl=1&resize=350%2C200","width":350,"height":200,"srcset":"https:\/\/i0.wp.com\/historiografija.hr\/wp-content\/uploads\/2026\/05\/Raukar.jpg?fit=875%2C414&ssl=1&resize=350%2C200 1x, https:\/\/i0.wp.com\/historiografija.hr\/wp-content\/uploads\/2026\/05\/Raukar.jpg?fit=875%2C414&ssl=1&resize=525%2C300 1.5x, https:\/\/i0.wp.com\/historiografija.hr\/wp-content\/uploads\/2026\/05\/Raukar.jpg?fit=875%2C414&ssl=1&resize=700%2C400 2x"},"classes":[]},{"id":55191,"url":"https:\/\/historiografija.hr\/?p=55191","url_meta":{"origin":34532,"position":2},"title":"Znanstveno-stru\u010dni skup \u201cKosinjska dolina \u2013 \u0161kolstvo, jezik, ba\u0161tina\u201d","author":"Branimir Jankovi\u0107","date":"3. rujna 2026.","format":false,"excerpt":"U suorganizaciji Hrvatskog instituta za povijest, Instituta za hrvatski jezik, Instituta dru\u0161tvenih znanosti Ivo Pilar,\u00a0 Filozofskog fakulteta Sveu\u010dili\u0161ta u Zagrebu, Sveu\u010dili\u0161ta u Zadru i Znanstvenog i kulturnog dru\u0161tva Kosinj u petak 4. rujna 2026. u osnovnoj \u0161koli An\u017e Frankopan u Gornjem Kosinju odr\u017eava se znanstveno-stru\u010dni skup \u201cKosinjska dolina \u2013 \u0161kolstvo,\u2026","rel":"","context":"U &quot;Novosti&quot;","block_context":{"text":"Novosti","link":"https:\/\/historiografija.hr\/?cat=3"},"img":{"alt_text":"","src":"https:\/\/i0.wp.com\/historiografija.hr\/wp-content\/uploads\/2026\/09\/Kosinj.png?fit=580%2C805&ssl=1&resize=350%2C200","width":350,"height":200,"srcset":"https:\/\/i0.wp.com\/historiografija.hr\/wp-content\/uploads\/2026\/09\/Kosinj.png?fit=580%2C805&ssl=1&resize=350%2C200 1x, https:\/\/i0.wp.com\/historiografija.hr\/wp-content\/uploads\/2026\/09\/Kosinj.png?fit=580%2C805&ssl=1&resize=525%2C300 1.5x"},"classes":[]},{"id":52830,"url":"https:\/\/historiografija.hr\/?p=52830","url_meta":{"origin":34532,"position":3},"title":"Znanstveni skup \u201eFa\u0161izam: teorija i povijest jedne ideje\u201c","author":"Filip \u0160imunjak","date":"5. svibnja 2026.","format":false,"excerpt":"U sklopu Festivala povijesti Kliofest, u petak 8. svibnja, s po\u010detkom u 12 sati u Knji\u017enici Fakulteta hrvatskih studija Sveu\u010dili\u0161ta u Zagrebu (Borongajska cesta 83d), odr\u017eava se me\u0111unarodni znanstveni skup \u201eFa\u0161izam: teorija i povijest jedne ideje\u201c. Rije\u010d je o \u010detvrtom u nizu interdisciplinarnih znanstvenih skupova koji se svake godine posve\u0107uju\u2026","rel":"","context":"U &quot;Novosti&quot;","block_context":{"text":"Novosti","link":"https:\/\/historiografija.hr\/?cat=3"},"img":{"alt_text":"","src":"https:\/\/i0.wp.com\/historiografija.hr\/wp-content\/uploads\/2026\/05\/Fasizam-teorija-i-povijest-jedne-ideje.jpg?fit=1069%2C800&ssl=1&resize=350%2C200","width":350,"height":200,"srcset":"https:\/\/i0.wp.com\/historiografija.hr\/wp-content\/uploads\/2026\/05\/Fasizam-teorija-i-povijest-jedne-ideje.jpg?fit=1069%2C800&ssl=1&resize=350%2C200 1x, https:\/\/i0.wp.com\/historiografija.hr\/wp-content\/uploads\/2026\/05\/Fasizam-teorija-i-povijest-jedne-ideje.jpg?fit=1069%2C800&ssl=1&resize=525%2C300 1.5x, https:\/\/i0.wp.com\/historiografija.hr\/wp-content\/uploads\/2026\/05\/Fasizam-teorija-i-povijest-jedne-ideje.jpg?fit=1069%2C800&ssl=1&resize=700%2C400 2x, https:\/\/i0.wp.com\/historiografija.hr\/wp-content\/uploads\/2026\/05\/Fasizam-teorija-i-povijest-jedne-ideje.jpg?fit=1069%2C800&ssl=1&resize=1050%2C600 3x"},"classes":[]},{"id":52887,"url":"https:\/\/historiografija.hr\/?p=52887","url_meta":{"origin":34532,"position":4},"title":"Znanstveni skup \u201eKalnik ju\u010der, danas, sutra\u201c","author":"Filip \u0160imunjak","date":"6. svibnja 2026.","format":false,"excerpt":"U Planinarskom domu Kalnik (Planinarac) u petak 8. svibnja 2026. odr\u017eat \u0107e se znanstveno-stru\u010dni skup \u201eKalnik ju\u010der, danas, sutra\u201c, koji okuplja znanstvenike, stru\u010dnjake i razvojne dionike s ciljem predstavljanja najnovijih istra\u017eivanja o Kalniku te otvaranja pitanja njegove obnove, valorizacije i budu\u0107e uloge u regionalnom razvoju. Program skupa strukturiran je kroz\u2026","rel":"","context":"U &quot;Novosti&quot;","block_context":{"text":"Novosti","link":"https:\/\/historiografija.hr\/?cat=3"},"img":{"alt_text":"","src":"https:\/\/i0.wp.com\/historiografija.hr\/wp-content\/uploads\/2026\/05\/Kalnik-skup-2026.jpg?fit=1200%2C675&ssl=1&resize=350%2C200","width":350,"height":200,"srcset":"https:\/\/i0.wp.com\/historiografija.hr\/wp-content\/uploads\/2026\/05\/Kalnik-skup-2026.jpg?fit=1200%2C675&ssl=1&resize=350%2C200 1x, https:\/\/i0.wp.com\/historiografija.hr\/wp-content\/uploads\/2026\/05\/Kalnik-skup-2026.jpg?fit=1200%2C675&ssl=1&resize=525%2C300 1.5x, https:\/\/i0.wp.com\/historiografija.hr\/wp-content\/uploads\/2026\/05\/Kalnik-skup-2026.jpg?fit=1200%2C675&ssl=1&resize=700%2C400 2x, https:\/\/i0.wp.com\/historiografija.hr\/wp-content\/uploads\/2026\/05\/Kalnik-skup-2026.jpg?fit=1200%2C675&ssl=1&resize=1050%2C600 3x"},"classes":[]},{"id":54563,"url":"https:\/\/historiografija.hr\/?p=54563","url_meta":{"origin":34532,"position":5},"title":"International workshop \u201cIntellectual History of Antifascism: Women\u2019s Responses to the Rise of Fascism and Nazism\u201d","author":"Branimir Jankovi\u0107","date":"13. srpnja 2026.","format":false,"excerpt":"U Pragu je 4. i 5. lipnja 2026. odr\u017ean me\u0111unarodni znanstveni skup \u201cIntellectual History of Antifascism: Women\u2019s Responses to the Rise of Fascism and Nazism\u201d, s nekoliko izlaganja na teme iz povijesti Jugoslavije. Op\u0161irnije: https:\/\/www.usd.cas.cz\/aktuality\/intellectual-history-of-antifascism-womens-responses-to-the-rise-of-fascism-and-nazism\/ https:\/\/inz.si\/en\/2026\/06\/17\/international-workshop-intellectual-history-of-antifascism-womens-responses-to-the-rise-of-fascism-and-nazism\/","rel":"","context":"U &quot;Novosti&quot;","block_context":{"text":"Novosti","link":"https:\/\/historiografija.hr\/?cat=3"},"img":{"alt_text":"","src":"https:\/\/i0.wp.com\/historiografija.hr\/wp-content\/uploads\/2026\/07\/Prague.jpg?fit=1200%2C1000&ssl=1&resize=350%2C200","width":350,"height":200,"srcset":"https:\/\/i0.wp.com\/historiografija.hr\/wp-content\/uploads\/2026\/07\/Prague.jpg?fit=1200%2C1000&ssl=1&resize=350%2C200 1x, https:\/\/i0.wp.com\/historiografija.hr\/wp-content\/uploads\/2026\/07\/Prague.jpg?fit=1200%2C1000&ssl=1&resize=525%2C300 1.5x, https:\/\/i0.wp.com\/historiografija.hr\/wp-content\/uploads\/2026\/07\/Prague.jpg?fit=1200%2C1000&ssl=1&resize=700%2C400 2x, https:\/\/i0.wp.com\/historiografija.hr\/wp-content\/uploads\/2026\/07\/Prague.jpg?fit=1200%2C1000&ssl=1&resize=1050%2C600 3x"},"classes":[]}],"_links":{"self":[{"href":"https:\/\/historiografija.hr\/index.php?rest_route=\/wp\/v2\/posts\/34532","targetHints":{"allow":["GET"]}}],"collection":[{"href":"https:\/\/historiografija.hr\/index.php?rest_route=\/wp\/v2\/posts"}],"about":[{"href":"https:\/\/historiografija.hr\/index.php?rest_route=\/wp\/v2\/types\/post"}],"author":[{"embeddable":true,"href":"https:\/\/historiografija.hr\/index.php?rest_route=\/wp\/v2\/users\/2"}],"replies":[{"embeddable":true,"href":"https:\/\/historiografija.hr\/index.php?rest_route=%2Fwp%2Fv2%2Fcomments&post=34532"}],"version-history":[{"count":1,"href":"https:\/\/historiografija.hr\/index.php?rest_route=\/wp\/v2\/posts\/34532\/revisions"}],"predecessor-version":[{"id":34534,"href":"https:\/\/historiografija.hr\/index.php?rest_route=\/wp\/v2\/posts\/34532\/revisions\/34534"}],"wp:featuredmedia":[{"embeddable":true,"href":"https:\/\/historiografija.hr\/index.php?rest_route=\/wp\/v2\/media\/34533"}],"wp:attachment":[{"href":"https:\/\/historiografija.hr\/index.php?rest_route=%2Fwp%2Fv2%2Fmedia&parent=34532"}],"wp:term":[{"taxonomy":"category","embeddable":true,"href":"https:\/\/historiografija.hr\/index.php?rest_route=%2Fwp%2Fv2%2Fcategories&post=34532"},{"taxonomy":"post_tag","embeddable":true,"href":"https:\/\/historiografija.hr\/index.php?rest_route=%2Fwp%2Fv2%2Ftags&post=34532"}],"curies":[{"name":"wp","href":"https:\/\/api.w.org\/{rel}","templated":true}]}}