{"id":34529,"date":"2023-02-20T08:19:21","date_gmt":"2023-02-20T08:19:21","guid":{"rendered":"http:\/\/historiografija.hr\/?p=34529"},"modified":"2023-02-23T22:33:03","modified_gmt":"2023-02-23T22:33:03","slug":"drzavni-strucni-skup-nastava-povijesti-u-teoriji-i-praksi-na-hrvatskom-katolickom-sveucilistu","status":"publish","type":"post","link":"https:\/\/historiografija.hr\/?p=34529","title":{"rendered":"Dr\u017eavni stru\u010dni skup \u201cNastava povijesti u teoriji i praksi\u201d na Hrvatskom katoli\u010dkom sveu\u010dili\u0161tu"},"content":{"rendered":"\n<p>Na Hrvatskom katoli\u010dkom sveu\u010dili\u0161tu u ponedjeljak 20. i u utorak 21. velja\u010de 2023. odr\u017eava se u organizaciji Agencije za odgoj i obrazovanje i Hrvatskog katoli\u010dkog sveu\u010dili\u0161ta dr\u017eavni stru\u010dni skup \u201cNastava povijesti u teoriji i praksi\u201d.<\/p>\n\n\n\n<p>Skup zapo\u010dinje u 9 sati u dvorani \u201cBla\u017eeni Alojzije kard. Stepinac\u201d, a otvorit \u0107e ga pro\u010delnik Odjela za povijest izv. prof. dr. sc. Mario Kevo i Vjera Brkovi\u0107.<\/p>\n\n\n\n<p>Prvi dan je podijeljen u dvije sekcije: Nastavna praksa i znanstvena istra\u017eivanja te Primjeri znanstvenih istra\u017eivanja, dok \u0107e drugi dan biti posve\u0107en primjerima iz dobre prakse.<\/p>\n\n\n\n<p>Prvog dana o&nbsp;nastavnoj praksi i znanstvenim istra\u017eivanjima<strong> govorit \u0107e Timur Kri\u017eak \u2013<\/strong> <em>Teorija i praksa nastave povijesti danas, <\/em><strong>Sini\u0161a Bili\u0107 Dujmu\u0161i\u0107 \u2013<\/strong> <em>Senat i Narod Rimljana (SPQR), <\/em><strong>Marijana Marinovi\u0107 \u2013<\/strong> <em>Nastava povijesti u procjepu stare i nove paradigme pou\u010davanja i u\u010denja, <\/em><strong>Ivan Majnari\u0107 \u2013 <\/strong><em>O ne\u0161to vapna i jednom brodolomu: pu\u010dani u zadarskom dru\u0161tvu prve polovice 15. stolje\u0107<\/em>a.<\/p>\n\n\n\n<p>O primjerima znanstvenih istra\u017eivanja predavanje \u0107e odr\u017eati <em><strong>Stipe Ledi\u0107<\/strong><\/em><strong> \u2013 <\/strong><em>Petar Berislavi\u0107 \u2013 od izvora i histotiografije do ud\u017ebenika, <\/em><strong>Vedran Klau\u017eer \u2013 <\/strong><em>Dru\u0161tvo Vojne krajine u 19. stolje\u0107u, <\/em>i <strong>Tomislav Ani\u0107<\/strong><em><strong> \u2013 <\/strong>AGITPROP kultura i oblikovanje javnog mnijenja:&nbsp; ikonografija po\u0161tanskih maraka i nov\u010danica u prvom desetlje\u0107u DFJ\/FNRJ.<\/em><\/p>\n\n\n\n<p>Drugog dana skupa o primjerima dobre prakse govorit \u0107e <strong>Vjera Brkovi\u0107<\/strong> \u2013 <em>Razvoj povijesnog mi\u0161ljenja radom na povijesnim tekstovima, <\/em><strong>Tina Matani\u0107 \u2013 <\/strong><em>&nbsp;Razvoj kronolo\u0161kog mi\u0161ljenja, <\/em>&nbsp;<strong>Du\u0161a \u0160aruni\u0107<\/strong> \u2013 <em>Projektna nastava <\/em>i <strong>Veronika Novoselac<\/strong> \u2013 (<em>Povijesne) fotografije i prou\u010davanje pro\u0161losti.<\/em><\/p>\n\n\n\n<p>Dr\u017eavni stru\u010dni skup mo\u017ee se pratiti i na <a href=\"https:\/\/www.youtube.com\/channel\/UCtVMJ9MUsQepETQgAfqkjFA\">YouTube<\/a> kanalu Hrvatskog katoli\u010dkog sveu\u010dili\u0161ta.<\/p>\n\n\n\n<hr class=\"wp-block-separator\"\/>\n\n\n\n<p>Izvor:<\/p>\n\n\n\n<figure class=\"wp-block-embed-wordpress wp-block-embed is-type-wp-embed is-provider-hrvatsko-katolicko-sveuciliste\"><div class=\"wp-block-embed__wrapper\">\n<blockquote class=\"wp-embedded-content\" data-secret=\"xjwGGGHUwJ\"><a href=\"https:\/\/www.unicath.hr\/najava-drzavni-strucni-skup-nastava-povijesti-u-teoriji-i-praksi-na-hrvatskom-katolickom-sveucilistu\">Najava: Dr\u017eavni stru\u010dni skup &#8220;Nastava povijesti u teoriji i praksi&#8221; na Hrvatskom katoli\u010dkom sveu\u010dili\u0161tu<\/a><\/blockquote><iframe loading=\"lazy\" class=\"wp-embedded-content\" sandbox=\"allow-scripts\" security=\"restricted\" style=\"position: absolute; clip: rect(1px, 1px, 1px, 1px);\" title=\"&#8220;Najava: Dr\u017eavni stru\u010dni skup &#8220;Nastava povijesti u teoriji i praksi&#8221; na Hrvatskom katoli\u010dkom sveu\u010dili\u0161tu&#8221; &#8212; Hrvatsko katoli\u010dko sveu\u010dili\u0161te\" src=\"https:\/\/www.unicath.hr\/najava-drzavni-strucni-skup-nastava-povijesti-u-teoriji-i-praksi-na-hrvatskom-katolickom-sveucilistu\/embed#?secret=2ecRzs66cC#?secret=xjwGGGHUwJ\" data-secret=\"xjwGGGHUwJ\" width=\"600\" height=\"338\" frameborder=\"0\" marginwidth=\"0\" marginheight=\"0\" scrolling=\"no\"><\/iframe>\n<\/div><\/figure>\n\n\n\n<hr class=\"wp-block-separator\"\/>\n\n\n\n<p>Dodatne informacije:<\/p>\n\n\n\n<figure class=\"wp-block-embed-wordpress wp-block-embed is-type-wp-embed is-provider-hrvatsko-katolicko-sveuciliste\"><div class=\"wp-block-embed__wrapper\">\n<blockquote class=\"wp-embedded-content\" data-secret=\"0IvKs7OXJb\"><a href=\"https:\/\/www.unicath.hr\/nastava-povijesti-u-teoriji-i-praksi-drzavni-strucni-skup-nastavnika-povijesti-na-hks-u\">Nastava povijesti u teoriji i praksi &#8211; dr\u017eavni stru\u010dni skup nastavnika povijesti na HKS-u<\/a><\/blockquote><iframe loading=\"lazy\" class=\"wp-embedded-content\" sandbox=\"allow-scripts\" security=\"restricted\" style=\"position: absolute; clip: rect(1px, 1px, 1px, 1px);\" title=\"&#8220;Nastava povijesti u teoriji i praksi &#8211; dr\u017eavni stru\u010dni skup nastavnika povijesti na HKS-u&#8221; &#8212; Hrvatsko katoli\u010dko sveu\u010dili\u0161te\" src=\"https:\/\/www.unicath.hr\/nastava-povijesti-u-teoriji-i-praksi-drzavni-strucni-skup-nastavnika-povijesti-na-hks-u\/embed#?secret=O42LGRoIQR#?secret=0IvKs7OXJb\" data-secret=\"0IvKs7OXJb\" width=\"600\" height=\"338\" frameborder=\"0\" marginwidth=\"0\" marginheight=\"0\" scrolling=\"no\"><\/iframe>\n<\/div><\/figure>\n\n\n\n<hr class=\"wp-block-separator\"\/>\n","protected":false},"excerpt":{"rendered":"","protected":false},"author":2,"featured_media":27303,"comment_status":"open","ping_status":"open","sticky":false,"template":"","format":"standard","meta":{"_acf_changed":false,"jetpack_post_was_ever_published":false,"_jetpack_newsletter_access":"","_jetpack_dont_email_post_to_subs":false,"_jetpack_newsletter_tier_id":0,"_jetpack_memberships_contains_paywalled_content":false,"_jetpack_memberships_contains_paid_content":false,"footnotes":"","jetpack_publicize_message":"","jetpack_publicize_feature_enabled":true,"jetpack_social_post_already_shared":true,"jetpack_social_options":{"image_generator_settings":{"template":"highway","default_image_id":0,"font":"","enabled":false},"version":2}},"categories":[3,9],"tags":[],"class_list":["post-34529","post","type-post","status-publish","format-standard","has-post-thumbnail","hentry","category-novosti","category-skupovi"],"acf":{"facebook_opis":""},"jetpack_publicize_connections":[],"jetpack_featured_media_url":"https:\/\/i0.wp.com\/historiografija.hr\/wp-content\/uploads\/2021\/09\/logo-hks-jpg.jpg?fit=457%2C572&ssl=1","jetpack_sharing_enabled":true,"jetpack-related-posts":[],"_links":{"self":[{"href":"https:\/\/historiografija.hr\/index.php?rest_route=\/wp\/v2\/posts\/34529","targetHints":{"allow":["GET"]}}],"collection":[{"href":"https:\/\/historiografija.hr\/index.php?rest_route=\/wp\/v2\/posts"}],"about":[{"href":"https:\/\/historiografija.hr\/index.php?rest_route=\/wp\/v2\/types\/post"}],"author":[{"embeddable":true,"href":"https:\/\/historiografija.hr\/index.php?rest_route=\/wp\/v2\/users\/2"}],"replies":[{"embeddable":true,"href":"https:\/\/historiografija.hr\/index.php?rest_route=%2Fwp%2Fv2%2Fcomments&post=34529"}],"version-history":[{"count":3,"href":"https:\/\/historiografija.hr\/index.php?rest_route=\/wp\/v2\/posts\/34529\/revisions"}],"predecessor-version":[{"id":34585,"href":"https:\/\/historiografija.hr\/index.php?rest_route=\/wp\/v2\/posts\/34529\/revisions\/34585"}],"wp:featuredmedia":[{"embeddable":true,"href":"https:\/\/historiografija.hr\/index.php?rest_route=\/wp\/v2\/media\/27303"}],"wp:attachment":[{"href":"https:\/\/historiografija.hr\/index.php?rest_route=%2Fwp%2Fv2%2Fmedia&parent=34529"}],"wp:term":[{"taxonomy":"category","embeddable":true,"href":"https:\/\/historiografija.hr\/index.php?rest_route=%2Fwp%2Fv2%2Fcategories&post=34529"},{"taxonomy":"post_tag","embeddable":true,"href":"https:\/\/historiografija.hr\/index.php?rest_route=%2Fwp%2Fv2%2Ftags&post=34529"}],"curies":[{"name":"wp","href":"https:\/\/api.w.org\/{rel}","templated":true}]}}