{"id":34523,"date":"2023-02-20T08:10:15","date_gmt":"2023-02-20T08:10:15","guid":{"rendered":"http:\/\/historiografija.hr\/?p=34523"},"modified":"2023-02-20T08:13:22","modified_gmt":"2023-02-20T08:13:22","slug":"simpozij-milan-sufflay-jucer-i-danas","status":"publish","type":"post","link":"https:\/\/historiografija.hr\/?p=34523","title":{"rendered":"Simpozij \u201eMilan \u0160ufflay \u2013 ju\u010der i danas\u201c"},"content":{"rendered":"\n<p>\u017dele\u0107i \u0161irem krugu na\u0161ih sugra\u0111ana pribli\u017eiti djelovanje vrsnog hrvatskog znanstvenika Milana \u0160ufflaya Hrvatska stranka umirovljenika odlu\u010dila je organizirati 20. velja\u010de s po\u010detkom u 11.00 sati u Hrvatskom dr\u017eavnom arhivu, Trg Marka Maruli\u0107a 21, u Zagrebu, <strong>simpozij <\/strong>povodom 92. obljetnice njegove tragi\u010dne smrti.<\/p>\n\n\n\n<p>U stru\u010dnom dijelu Simpozija sudjeluju sljede\u0107i predava\u010di s temama:<\/p>\n\n\n\n<p>1. <strong>Petar Bagari\u0107<\/strong>, profesor povijesti (XVI. Gimnazija Zagreb):<\/p>\n\n\n\n<p>\u201eMilan pl. \u0160ufflay \u2013 hrvatski albanolog i \u017ertva dr\u017eavnog terora\u201c<\/p>\n\n\n\n<p>2. <strong>Dr.sc. Vladimir Huzjan<\/strong> (upravitelj Zavoda za znanstveni rad<\/p>\n\n\n\n<p>HAZU-u u Vara\u017edinu): \u201eMilan i Zlata \u0160ufflay \u2013 Brat i sestra iznimnih \u017eivotnih postignu\u0107a\u201c<\/p>\n\n\n\n<p>3. <strong>Dr.sc. Tihana Lueti\u0107<\/strong> (Odsjek za povijesne znanosti HAZU):<\/p>\n\n\n\n<p>\u201cMilan \u0160ufflay kao student na Mudroslovnom fakultetu Kraljevskog Sveu\u010dili\u0161ta Franje Josipa I. u Zagrebu\u201d<\/p>\n\n\n\n<p>4. <strong>Dr. sc. Tomislav Galovi\u0107<\/strong> i <strong>mag. educ. hist. Mihaela Mari\u0107<\/strong><\/p>\n\n\n\n<p>(Filozofski fakultet Sveu\u010dili\u0161ta u Zagrebu): \u201dMilan \u0160ufflay kao sveu\u010dili\u0161ni profesor\u201d<\/p>\n\n\n\n<p>Simpozij zapo\u010dinje uvodnim obra\u0107anjem ravnatelja HDA-a <strong>dr. sc. Dinka \u010cuture<\/strong>, predsjednika Hrvatske stranke umirovljenika <strong>Veselka Gabri\u010devi\u0107a <\/strong>i dr\u017eavnog tajnika Ministarstva rada, mirovinskog sustava, obitelji i socijalne politike <strong>Ivana Vidi\u0161a<\/strong>.<\/p>\n\n\n\n<p>Svi zainteresirani su dobrodo\u0161li!<\/p>\n\n\n\n<p><strong>Djela, ne rije\u010di.<\/strong><\/p>\n\n\n\n<hr class=\"wp-block-separator\"\/>\n\n\n\n<figure class=\"wp-block-image size-large\"><img data-recalc-dims=\"1\" loading=\"lazy\" decoding=\"async\" width=\"860\" height=\"631\" data-attachment-id=\"34524\" data-permalink=\"https:\/\/historiografija.hr\/?attachment_id=34524\" data-orig-file=\"https:\/\/i0.wp.com\/historiografija.hr\/wp-content\/uploads\/2023\/02\/VIP-pozivnica-%C5%A0ufflay.jpg?fit=907%2C665&amp;ssl=1\" data-orig-size=\"907,665\" data-comments-opened=\"1\" data-image-meta=\"{&quot;aperture&quot;:&quot;0&quot;,&quot;credit&quot;:&quot;&quot;,&quot;camera&quot;:&quot;&quot;,&quot;caption&quot;:&quot;&quot;,&quot;created_timestamp&quot;:&quot;0&quot;,&quot;copyright&quot;:&quot;&quot;,&quot;focal_length&quot;:&quot;0&quot;,&quot;iso&quot;:&quot;0&quot;,&quot;shutter_speed&quot;:&quot;0&quot;,&quot;title&quot;:&quot;&quot;,&quot;orientation&quot;:&quot;0&quot;}\" data-image-title=\"VIP pozivnica \u0160ufflay\" data-image-description=\"\" data-image-caption=\"\" data-large-file=\"https:\/\/i0.wp.com\/historiografija.hr\/wp-content\/uploads\/2023\/02\/VIP-pozivnica-%C5%A0ufflay.jpg?fit=860%2C631&amp;ssl=1\" src=\"https:\/\/i0.wp.com\/historiografija.hr\/wp-content\/uploads\/2023\/02\/VIP-pozivnica-%C5%A0ufflay.jpg?resize=860%2C631&#038;ssl=1\" alt=\"\" class=\"wp-image-34524\" srcset=\"https:\/\/i0.wp.com\/historiografija.hr\/wp-content\/uploads\/2023\/02\/VIP-pozivnica-%C5%A0ufflay.jpg?w=907&amp;ssl=1 907w, https:\/\/i0.wp.com\/historiografija.hr\/wp-content\/uploads\/2023\/02\/VIP-pozivnica-%C5%A0ufflay.jpg?resize=300%2C220&amp;ssl=1 300w, https:\/\/i0.wp.com\/historiografija.hr\/wp-content\/uploads\/2023\/02\/VIP-pozivnica-%C5%A0ufflay.jpg?resize=768%2C563&amp;ssl=1 768w\" sizes=\"auto, (max-width: 860px) 100vw, 860px\" \/><\/figure>\n\n\n\n<hr class=\"wp-block-separator\"\/>\n\n\n\n<p>Izvor:<\/p>\n\n\n\n<figure class=\"wp-block-embed-wordpress wp-block-embed is-type-wp-embed is-provider-hrvatska-stranka-umirovljenika\"><div class=\"wp-block-embed__wrapper\">\n<blockquote class=\"wp-embedded-content\" data-secret=\"umezbzApMT\"><a href=\"https:\/\/hsu.hr\/vijesti\/simpozij-o-djelu-milana-sufflaya-u-organizaciji-hrvatske-stranke-umirovljenika\/\">Simpozij o liku i djelu Milana \u0160ufflaya u organizaciji Hrvatske stranke umirovljenika<\/a><\/blockquote><iframe loading=\"lazy\" class=\"wp-embedded-content\" sandbox=\"allow-scripts\" security=\"restricted\" style=\"position: absolute; clip: rect(1px, 1px, 1px, 1px);\" title=\"&#8220;Simpozij o liku i djelu Milana \u0160ufflaya u organizaciji Hrvatske stranke umirovljenika&#8221; &#8212; Hrvatska stranka umirovljenika\" src=\"https:\/\/hsu.hr\/vijesti\/simpozij-o-djelu-milana-sufflaya-u-organizaciji-hrvatske-stranke-umirovljenika\/embed\/#?secret=IhYC46hmUR#?secret=umezbzApMT\" data-secret=\"umezbzApMT\" width=\"600\" height=\"338\" frameborder=\"0\" marginwidth=\"0\" marginheight=\"0\" scrolling=\"no\"><\/iframe>\n<\/div><\/figure>\n\n\n\n<hr class=\"wp-block-separator\"\/>\n\n\n\n<p><\/p>\n","protected":false},"excerpt":{"rendered":"","protected":false},"author":2,"featured_media":34527,"comment_status":"open","ping_status":"open","sticky":false,"template":"","format":"standard","meta":{"_acf_changed":false,"jetpack_post_was_ever_published":false,"_jetpack_newsletter_access":"","_jetpack_dont_email_post_to_subs":false,"_jetpack_newsletter_tier_id":0,"_jetpack_memberships_contains_paywalled_content":false,"_jetpack_memberships_contains_paid_content":false,"footnotes":"","jetpack_publicize_message":"","jetpack_publicize_feature_enabled":true,"jetpack_social_post_already_shared":true,"jetpack_social_options":{"image_generator_settings":{"template":"highway","default_image_id":0,"font":"","enabled":false},"version":2}},"categories":[3,9],"tags":[],"class_list":["post-34523","post","type-post","status-publish","format-standard","has-post-thumbnail","hentry","category-novosti","category-skupovi"],"acf":{"facebook_opis":""},"jetpack_publicize_connections":[],"jetpack_featured_media_url":"https:\/\/i0.wp.com\/historiografija.hr\/wp-content\/uploads\/2023\/02\/Pozivnica-%C5%A0ufflay.jpg?fit=906%2C367&ssl=1","jetpack_sharing_enabled":true,"jetpack-related-posts":[],"_links":{"self":[{"href":"https:\/\/historiografija.hr\/index.php?rest_route=\/wp\/v2\/posts\/34523","targetHints":{"allow":["GET"]}}],"collection":[{"href":"https:\/\/historiografija.hr\/index.php?rest_route=\/wp\/v2\/posts"}],"about":[{"href":"https:\/\/historiografija.hr\/index.php?rest_route=\/wp\/v2\/types\/post"}],"author":[{"embeddable":true,"href":"https:\/\/historiografija.hr\/index.php?rest_route=\/wp\/v2\/users\/2"}],"replies":[{"embeddable":true,"href":"https:\/\/historiografija.hr\/index.php?rest_route=%2Fwp%2Fv2%2Fcomments&post=34523"}],"version-history":[{"count":3,"href":"https:\/\/historiografija.hr\/index.php?rest_route=\/wp\/v2\/posts\/34523\/revisions"}],"predecessor-version":[{"id":34528,"href":"https:\/\/historiografija.hr\/index.php?rest_route=\/wp\/v2\/posts\/34523\/revisions\/34528"}],"wp:featuredmedia":[{"embeddable":true,"href":"https:\/\/historiografija.hr\/index.php?rest_route=\/wp\/v2\/media\/34527"}],"wp:attachment":[{"href":"https:\/\/historiografija.hr\/index.php?rest_route=%2Fwp%2Fv2%2Fmedia&parent=34523"}],"wp:term":[{"taxonomy":"category","embeddable":true,"href":"https:\/\/historiografija.hr\/index.php?rest_route=%2Fwp%2Fv2%2Fcategories&post=34523"},{"taxonomy":"post_tag","embeddable":true,"href":"https:\/\/historiografija.hr\/index.php?rest_route=%2Fwp%2Fv2%2Ftags&post=34523"}],"curies":[{"name":"wp","href":"https:\/\/api.w.org\/{rel}","templated":true}]}}