{"id":34516,"date":"2023-02-17T23:03:28","date_gmt":"2023-02-17T23:03:28","guid":{"rendered":"http:\/\/historiografija.hr\/?p=34516"},"modified":"2023-02-17T23:03:28","modified_gmt":"2023-02-17T23:03:28","slug":"vanessa-montfort-zena-bez-imena","status":"publish","type":"post","link":"https:\/\/historiografija.hr\/?p=34516","title":{"rendered":"Vanessa Montfort, \u201e\u017dena bez imena\u201c"},"content":{"rendered":"\n<p>Koliko je \u017eena u sjeni mu\u0161karaca koji su bili potpisani na njihova djela? Nakon hit-knjige <em>\u017dene koje kupuju cvije\u0107e<\/em> Vanessa Montfort napisala je jo\u0161 jedan nevjerojatan roman koji se \u010dita u dahu, ovoga puta o pre\u0161u\u0107enoj \u017eenskoj povijesti, pisanju, \u017ertvi i upornosti.<br><em>\u017dena bez imena<\/em> maestralna je knjiga o prvoj \u0161panjolskoj dramati\u010darki Mar\u00edji Lej\u00e1rragi, koju je povijest zametnula, da bi se tek nedavno otkrilo kako je bila suautorica, a nerijetko i jedina autorica djela koja je potpisivao njezin suprug, jedan od najve\u0107ih \u0161panjolskih dramati\u010dara.<br>Prate\u0107i dvije paralelne radnje, Mar\u00edjin nepredvidiv \u017eivot s po\u010detka pro\u0161log stolje\u0107a i mladu redateljicu Noeliju koja u sada\u0161njosti poku\u0161ava postaviti predstavu za koju vjeruje da je djelo Mar\u00edjina mu\u017ea, <em>\u010cini<\/em>, rasple\u0107e se velika pri\u010da o ljubavi, knji\u017eevnosti i kazali\u0161tu, ali i o \u017eenskom stvarala\u0161tvu i njegovu nepriznavanju.<br>Pri\u010da je to i o Madridu s po\u010detka dvadesetog stolje\u0107a, o velikim knji\u017eevnim imenima koja prvi put izlaze na scenu, poput Garc\u00edje Lorce ili Jimeneza, o velikim glazbenicima poput Falle i Stravinskog. Uz bok najve\u0107ima, Mar\u00eda je pisala povijest, bore\u0107i se tada i za pravo glasa \u017eena, nikad ne pristaju\u0107i na politi\u010dke ucjene. Vanessi Montfort bit \u0107emo kroz cijeli roman zahvalni na hrabrosti da u <em>\u017deni bez imena <\/em>ispri\u010da ovu izvanrednu pri\u010du o nepravedno zaboravljenoj spisateljici.<\/p>\n\n\n\n<p>\u201c<em>\u017dena bez imena<\/em> jedno je od najambicioznijih djela Vanesse Monfort u kojemu nam autorica s velikim knji\u017eevnim umije\u0107em i dokumentaristi\u010dkom pouzdano\u0161\u0107u pribli\u017eava lik jedne od najplodnijih spisateljica iz sjene u 20. stolje\u0107u. Roman proni\u010de u odgovore koji le\u017ee iza misterija \u0161to ga predstavljaju mnogobrojna Mar\u00edjina imena \u2013 obiteljsko Mar\u00eda de la O Lej\u00e1rraga Garc\u00eda, pa Mar\u00eda Mart\u00ednez Sierra po suprugu, da bi poku\u0161ala vratiti vlastito autorstvo i vidljivost svojih djela postaju\u0107i Mar\u00eda Lej\u00e1rraga. Upoznat \u0107emo njezinu kreativnost i duh koji su je vodili u osvajanje svjetova i s kojima je napisala ponajbolja djela onog doba ne potpisuju\u0107i ih. Montfort nam u toj romansiranoj biografiji donosi umjetni\u010dki Madrid dvadesetih godina i likove epohe s kojima je Mar\u00eda prijateljevala ili sura\u0111ivala, od kazali\u0161ne impresarije Mar\u00edje Guerrero do slavnog pisca Benita P\u00e9reza Gald\u00f3sa.\u201d \u2013 Manuela Vicente Fern\u00e1ndez, <em>Moon Magazine<\/em><\/p>\n\n\n\n<p>\u201cIzvanredna pri\u010da o \u017eeni koja je iz sjene napisala neka od najva\u017enijih djela \u0161panjolske knji\u017eevnosti 20. stolje\u0107a. Od autorice <em>\u017dena koje kupuju cvije\u0107e<\/em> sti\u017ee fascinantna pustolovina o \u017eeni koju je povijest pre\u0161u\u0107ivala&#8230; sve dosad.\u201d \u2013 Casa del libro<\/p>\n\n\n\n<p>\u201cVanessa Montfort uzela je gotovo nepoznat lik iz na\u0161e kulturne povijesti kako bi napisala strastven i prekrasan roman.\u201d \u2013 Julia Navarro<\/p>\n\n\n\n<hr class=\"wp-block-separator\"\/>\n\n\n\n<p>Jezik izvornika: \u0161panjolski<\/p>\n\n\n\n<p>Prijevod: Tamara Horvat Kanjera<\/p>\n\n\n\n<p>Broj stranica: 552<\/p>\n\n\n\n<p>Datum izdanja: sije\u010danj 2023.<\/p>\n\n\n\n<p>Naslov izvornika: La mujer sin nombre<\/p>\n\n\n\n<hr class=\"wp-block-separator\"\/>\n\n\n\n<p>Izvor:<\/p>\n\n\n\n<p><a href=\"https:\/\/fraktura.hr\/zena-bez-imena.html\">https:\/\/fraktura.hr\/zena-bez-imena.html<\/a><\/p>\n\n\n\n<hr class=\"wp-block-separator\"\/>\n","protected":false},"excerpt":{"rendered":"","protected":false},"author":2,"featured_media":34517,"comment_status":"open","ping_status":"open","sticky":false,"template":"","format":"standard","meta":{"_acf_changed":false,"jetpack_post_was_ever_published":false,"_jetpack_newsletter_access":"","_jetpack_dont_email_post_to_subs":false,"_jetpack_newsletter_tier_id":0,"_jetpack_memberships_contains_paywalled_content":false,"_jetpack_memberships_contains_paid_content":false,"footnotes":"","jetpack_publicize_message":"","jetpack_publicize_feature_enabled":true,"jetpack_social_post_already_shared":true,"jetpack_social_options":{"image_generator_settings":{"template":"highway","default_image_id":0,"font":"","enabled":false},"version":2}},"categories":[3,12],"tags":[],"class_list":["post-34516","post","type-post","status-publish","format-standard","has-post-thumbnail","hentry","category-novosti","category-knjizevnost"],"acf":{"facebook_opis":""},"jetpack_publicize_connections":[],"jetpack_featured_media_url":"https:\/\/i0.wp.com\/historiografija.hr\/wp-content\/uploads\/2023\/02\/zena_bez_imena.jpg?fit=407%2C610&ssl=1","jetpack_sharing_enabled":true,"jetpack-related-posts":[],"_links":{"self":[{"href":"https:\/\/historiografija.hr\/index.php?rest_route=\/wp\/v2\/posts\/34516","targetHints":{"allow":["GET"]}}],"collection":[{"href":"https:\/\/historiografija.hr\/index.php?rest_route=\/wp\/v2\/posts"}],"about":[{"href":"https:\/\/historiografija.hr\/index.php?rest_route=\/wp\/v2\/types\/post"}],"author":[{"embeddable":true,"href":"https:\/\/historiografija.hr\/index.php?rest_route=\/wp\/v2\/users\/2"}],"replies":[{"embeddable":true,"href":"https:\/\/historiografija.hr\/index.php?rest_route=%2Fwp%2Fv2%2Fcomments&post=34516"}],"version-history":[{"count":1,"href":"https:\/\/historiografija.hr\/index.php?rest_route=\/wp\/v2\/posts\/34516\/revisions"}],"predecessor-version":[{"id":34518,"href":"https:\/\/historiografija.hr\/index.php?rest_route=\/wp\/v2\/posts\/34516\/revisions\/34518"}],"wp:featuredmedia":[{"embeddable":true,"href":"https:\/\/historiografija.hr\/index.php?rest_route=\/wp\/v2\/media\/34517"}],"wp:attachment":[{"href":"https:\/\/historiografija.hr\/index.php?rest_route=%2Fwp%2Fv2%2Fmedia&parent=34516"}],"wp:term":[{"taxonomy":"category","embeddable":true,"href":"https:\/\/historiografija.hr\/index.php?rest_route=%2Fwp%2Fv2%2Fcategories&post=34516"},{"taxonomy":"post_tag","embeddable":true,"href":"https:\/\/historiografija.hr\/index.php?rest_route=%2Fwp%2Fv2%2Ftags&post=34516"}],"curies":[{"name":"wp","href":"https:\/\/api.w.org\/{rel}","templated":true}]}}