{"id":34513,"date":"2023-02-17T22:56:43","date_gmt":"2023-02-17T22:56:43","guid":{"rendered":"http:\/\/historiografija.hr\/?p=34513"},"modified":"2023-02-17T22:56:43","modified_gmt":"2023-02-17T22:56:43","slug":"putni-dnevnici-alberta-ajnstajna-daleki-istok-palestina-i-spanija-1922-1923","status":"publish","type":"post","link":"https:\/\/historiografija.hr\/?p=34513","title":{"rendered":"PUTNI DNEVNICI ALBERTA AJN\u0160TAJNA. Daleki istok, Palestina i \u0160panija 1922\u20131923"},"content":{"rendered":"\n<p>Zajedno s tada\u0161njom \u017eenom, Elzom Ajn\u0161tajn, kasne 1922. godine Albert Ajn\u0161tajn krenuo je na putovanje po Dalekom i Bliskom istoku koje je trajalo pet i po meseci; bili su to delovi sveta koje slavni fizi\u010dar nikad ranije nije posetio. Ajn\u0161tajnov zgusnut raspored \u010dinile su posete Hongkongu i Singapuru, dva kratka zadr\u017eavanja u Kini, \u0161estonedeljna tura predavanja u Japanu, dvanaestodnevni obilazak Palestine i tronedeljna poseta \u0160paniji. U ovom izdanju nalazi se kompletan dnevnik koji je Ajn\u0161tajn vodio tokom ovog va\u017enog putovanja. U dnevni\u010dkim bele\u0161kama telegrafskog stila sadr\u017eana su Ajn\u0161tajnova razmi\u0161ljanja o nauci, filozofiji, umetnosti i politici, njegovi utisci i detaljnije refleksije o doga\u0111ajima kao \u0161to je nastupno predavanje na mestu budu\u0107eg Hebrejskog univerziteta u Jerusalimu, prijemu u vrtu \u010dija je doma\u0107ica bila japanska carica, audijenciji kod \u0161panskog kralja i susretima s istaknutim kolegama i dr\u017eavnicima. Dnevni\u010dke bele\u0161ke sadr\u017ee i mesta koja razotkrivaju Ajn\u0161tajnove stereotipe o pripadnicima razli\u010ditih nacija, ali i pokre\u0107u pitanja o njegovom stavu prema rasama.<\/p>\n\n\n\n<hr class=\"wp-block-separator\"\/>\n\n\n\n<p>Izvor i dodatne obavijesti:<\/p>\n\n\n\n<figure class=\"wp-block-embed-wordpress wp-block-embed is-type-wp-embed is-provider-akademska-knjiga\"><div class=\"wp-block-embed__wrapper\">\n<blockquote class=\"wp-embedded-content\" data-secret=\"s40Ri25xHA\"><a href=\"https:\/\/akademskaknjiga.com\/katalog\/putni-dnevnici-alberta-ajnstajna-daleki-istok-palestina-i-spanija-1922-1923\/\">PUTNI DNEVNICI ALBERTA AJN\u0160TAJNA. Daleki istok, Palestina i \u0160panija 1922\u20131923<\/a><\/blockquote><iframe loading=\"lazy\" class=\"wp-embedded-content\" sandbox=\"allow-scripts\" security=\"restricted\" style=\"position: absolute; clip: rect(1px, 1px, 1px, 1px);\" title=\"&#132;PUTNI DNEVNICI ALBERTA AJN\u0160TAJNA. Daleki istok, Palestina i \u0160panija 1922\u20131923&#147; &#8212; Akademska knjiga\" src=\"https:\/\/akademskaknjiga.com\/katalog\/putni-dnevnici-alberta-ajnstajna-daleki-istok-palestina-i-spanija-1922-1923\/embed\/#?secret=J2hZsIF40e#?secret=s40Ri25xHA\" data-secret=\"s40Ri25xHA\" width=\"600\" height=\"338\" frameborder=\"0\" marginwidth=\"0\" marginheight=\"0\" scrolling=\"no\"><\/iframe>\n<\/div><\/figure>\n\n\n\n<hr class=\"wp-block-separator\"\/>\n","protected":false},"excerpt":{"rendered":"","protected":false},"author":2,"featured_media":34514,"comment_status":"open","ping_status":"open","sticky":false,"template":"","format":"standard","meta":{"_acf_changed":false,"jetpack_post_was_ever_published":false,"_jetpack_newsletter_access":"","_jetpack_dont_email_post_to_subs":false,"_jetpack_newsletter_tier_id":0,"_jetpack_memberships_contains_paywalled_content":false,"_jetpack_memberships_contains_paid_content":false,"footnotes":"","jetpack_publicize_message":"","jetpack_publicize_feature_enabled":true,"jetpack_social_post_already_shared":true,"jetpack_social_options":{"image_generator_settings":{"template":"highway","default_image_id":0,"font":"","enabled":false},"version":2}},"categories":[8,3],"tags":[],"class_list":["post-34513","post","type-post","status-publish","format-standard","has-post-thumbnail","hentry","category-knjige","category-novosti"],"acf":{"facebook_opis":""},"jetpack_publicize_connections":[],"jetpack_featured_media_url":"https:\/\/i0.wp.com\/historiografija.hr\/wp-content\/uploads\/2023\/02\/Putni_dnevnici_Alberta_Ajnstajna.jpg?fit=600%2C900&ssl=1","jetpack_sharing_enabled":true,"jetpack-related-posts":[],"_links":{"self":[{"href":"https:\/\/historiografija.hr\/index.php?rest_route=\/wp\/v2\/posts\/34513","targetHints":{"allow":["GET"]}}],"collection":[{"href":"https:\/\/historiografija.hr\/index.php?rest_route=\/wp\/v2\/posts"}],"about":[{"href":"https:\/\/historiografija.hr\/index.php?rest_route=\/wp\/v2\/types\/post"}],"author":[{"embeddable":true,"href":"https:\/\/historiografija.hr\/index.php?rest_route=\/wp\/v2\/users\/2"}],"replies":[{"embeddable":true,"href":"https:\/\/historiografija.hr\/index.php?rest_route=%2Fwp%2Fv2%2Fcomments&post=34513"}],"version-history":[{"count":1,"href":"https:\/\/historiografija.hr\/index.php?rest_route=\/wp\/v2\/posts\/34513\/revisions"}],"predecessor-version":[{"id":34515,"href":"https:\/\/historiografija.hr\/index.php?rest_route=\/wp\/v2\/posts\/34513\/revisions\/34515"}],"wp:featuredmedia":[{"embeddable":true,"href":"https:\/\/historiografija.hr\/index.php?rest_route=\/wp\/v2\/media\/34514"}],"wp:attachment":[{"href":"https:\/\/historiografija.hr\/index.php?rest_route=%2Fwp%2Fv2%2Fmedia&parent=34513"}],"wp:term":[{"taxonomy":"category","embeddable":true,"href":"https:\/\/historiografija.hr\/index.php?rest_route=%2Fwp%2Fv2%2Fcategories&post=34513"},{"taxonomy":"post_tag","embeddable":true,"href":"https:\/\/historiografija.hr\/index.php?rest_route=%2Fwp%2Fv2%2Ftags&post=34513"}],"curies":[{"name":"wp","href":"https:\/\/api.w.org\/{rel}","templated":true}]}}