{"id":34501,"date":"2023-02-16T21:21:58","date_gmt":"2023-02-16T21:21:58","guid":{"rendered":"http:\/\/historiografija.hr\/?p=34501"},"modified":"2023-02-16T21:29:53","modified_gmt":"2023-02-16T21:29:53","slug":"predstavljanje-projekta-the-cartography-of-the-political-novel-in-europe-horizon-europe","status":"publish","type":"post","link":"https:\/\/historiografija.hr\/?p=34501","title":{"rendered":"Predstavljanje projekta &#8220;The Cartography of the Political Novel in Europe&#8221; (HORIZON EUROPE)"},"content":{"rendered":"\n<p>Javno predstavljanje projekta <strong>The Cartography of the Political Novel in Europe (CAPONEU)<\/strong> \u2013 u kojem sudjeluju i povjesni\u010dari, o \u010demu \u0107emo jo\u0161 obavje\u0161tavati \u2013 odr\u017eat \u0107e se u petak, <strong>17. velja\u010de 2023. <\/strong>u Konferencijskoj dvorani Knji\u017enice (II. kat) Filozofskog fakulteta Sveu\u010dili\u0161ta u Zagrebu s po\u010detkom u 10 sati.<\/p>\n\n\n\n<hr class=\"wp-block-separator\"\/>\n\n\n\n<p>Doga\u0111aj \u0107e se mo\u0107i pratiti i online na <a href=\"https:\/\/teams.microsoft.com\/l\/meetup-join\/19%3ameeting_MTFlMWE4MmMtNGMwNy00NGYxLThmMGUtYmNjYzVhMDQ1M2E5%40thread.v2\/0?context=%7b%22Tid%22%3a%22966177f7-9bc0-476a-8430-5470af760278%22%2c%22Oid%22%3a%228845230a-e61b-4c51-8ee7-15fc55beaa39%22%7d\"><strong>poveznici<\/strong><\/a>.<\/p>\n\n\n\n<hr class=\"wp-block-separator\"\/>\n\n\n\n<p>Rije\u010d je o projektu financiranom u sklopu programa Europske komisije <em>HORIZON EUROPE <\/em>ukupnog bud\u017eeta <strong>3 milijuna eura<\/strong>, kojemu je koordinator istra\u017eiva\u010dki tim s Filozofskog fakulteta. To je ujedno i <strong>najve\u0107i iznos<\/strong> ikad dodijeljen nekom projektu u hrvatskoj humanistici i prvi takav projekt u hrvatskoj znanosti o knji\u017eevnosti.<\/p>\n\n\n\n<p>Uz zagreba\u010dkog koordinatora u projektu sudjeluju i kolege sa Sveu\u010dili\u0161ta u Zadru i Instituta za politi\u010dku ekologiju te s \u010detiriju inozemnih sveu\u010dili\u0161ta (The University of Cambridge, The University of Brighton, Uniwersytet im. Adama Mickiewicza w Poznaniu, EDEX \u2013 University of Nicosia), jednog istra\u017eiva\u010dkog centra (GWZ \u2013 Geisteswissenschafliche Zentren Berlin), jednog think tanka (Autonomy London), jedne zadruge za digitalni kod i dizajn (Slobodna domena Zagreb) i savjetodavni odbor projekta sastavljen od kolega iz Ju\u017enoafri\u010dke Republike, Kenije, Kine, Indije, SAD-a, Brazila i Argentine. Na pojedinim aktivnostima pridru\u017eit \u0107e nam se i brojni dionici iz kulture, obrazovanja, politike i civilnog dru\u0161tva.<\/p>\n\n\n\n<p>Cilj je projekta istra\u017eiti kako se politi\u010dki roman, kao specifi\u010dan knji\u017eevni \u017eanr, u razli\u010ditim nacionalnim i kulturnim kontekstima nosi s politi\u010dkim pitanjima te tako oblikuje percepciju lokalne i globalne politike. Na tragu pove\u0107anog interesa humanisti\u010dke struke za politi\u010dke u\u010dinke knji\u017eevnosti, politi\u010dki \u0107e se roman motriti kao va\u017ean dio europskog kulturnog naslije\u0111a, ali i kao mo\u0107an alat za gra\u0111anski odgoj i obrazovanje mladih, rad u lokalnoj zajednici te zagovaranje europskih vrijednosti.<\/p>\n\n\n\n<p>Na predstavljanju \u0107e govoriti predstavnici Fakulteta, Agencije za mobilnost i programe EU,\u00a0 \u010dlanovi projektnog konzorcija i Me\u0111unarodnog savjetodavnog odbora.<\/p>\n\n\n\n<hr class=\"wp-block-separator\"\/>\n\n\n\n<p>Izvor:<\/p>\n\n\n\n<figure class=\"wp-block-embed-wordpress wp-block-embed is-type-wp-embed is-provider-filozofski-fakultet-sveucilista-u-zagrebu\"><div class=\"wp-block-embed__wrapper\">\n<blockquote class=\"wp-embedded-content\" data-secret=\"53l4tiqoTJ\"><a href=\"https:\/\/web2020.ffzg.unizg.hr\/blog\/2023\/02\/13\/poziv-na-predstavljanje-projekta-the-cartography-of-the-political-novel-in-europe-caponeu\/\">Poziv na predstavljanje projekta The Cartography of the Political Novel in Europe (CAPONEU)<\/a><\/blockquote><iframe loading=\"lazy\" class=\"wp-embedded-content\" sandbox=\"allow-scripts\" security=\"restricted\" style=\"position: absolute; clip: rect(1px, 1px, 1px, 1px);\" title=\"&#8220;Poziv na predstavljanje projekta The Cartography of the Political Novel in Europe (CAPONEU)&#8221; &#8212; Filozofski fakultet Sveu\u010dili\u0161ta u Zagrebu\" src=\"https:\/\/web2020.ffzg.unizg.hr\/blog\/2023\/02\/13\/poziv-na-predstavljanje-projekta-the-cartography-of-the-political-novel-in-europe-caponeu\/embed\/#?secret=53l4tiqoTJ\" data-secret=\"53l4tiqoTJ\" width=\"600\" height=\"338\" frameborder=\"0\" marginwidth=\"0\" marginheight=\"0\" scrolling=\"no\"><\/iframe>\n<\/div><\/figure>\n\n\n\n<hr class=\"wp-block-separator\"\/>\n\n\n\n<p><strong>Dodatne obavijesti:<\/strong><\/p>\n\n\n\n<p><a href=\"https:\/\/www.facebook.com\/profile.php?id=100089829465487\">https:\/\/www.facebook.com\/profile.php?id=100089829465487<\/a><\/p>\n\n\n\n<hr class=\"wp-block-separator\"\/>\n\n\n\n<p><strong>Iz medija:<\/strong><\/p>\n\n\n\n<p><a href=\"https:\/\/www.tportal.hr\/kultura\/clanak\/predstavlja-se-projekt-the-cartography-of-the-political-novel-in-europe-20230214\">https:\/\/www.tportal.hr\/kultura\/clanak\/predstavlja-se-projekt-the-cartography-of-the-political-novel-in-europe-20230214<\/a><\/p>\n\n\n\n<p><a href=\"https:\/\/www.najboljeknjige.com\/vijesti\/filozofski-fakultet-u-zagrebu-koordinira-medunarodni-projekt-istrazivanja-politickog-romana\">https:\/\/www.najboljeknjige.com\/vijesti\/filozofski-fakultet-u-zagrebu-koordinira-medunarodni-projekt-istrazivanja-politickog-romana<\/a><\/p>\n\n\n\n<hr class=\"wp-block-separator\"\/>\n\n\n\n<p><strong>The CAPONEU kick-off<\/strong><\/p>\n\n\n\n<p>It is with great pleasure that we invite you to the launch event of the HORIZON 2022 research and innovation project The Cartography of the Political Novel in Europe (CAPONEU), which will take place on February 17, 2023, at 10 a.m. CET at the Faculty of Humanities and Social Sciences, University of Zagreb (conference hall) and online.<\/p>\n\n\n\n<p>The CAPONEU project is an ambitious research initiative that aims to examine how a specific literary genre (political novel) in various national and cultural contexts deals with political issues and thereby shapes the perception of local and global politics. The CAPONEU\u2019s goal is to assess the political novel as an important element of the European cultural heritage and as a tool for community building and European advocacy. The consortium brings together an interdisciplinary research team that seeks not only to unpack the rich literary heritage of the 20th century but also (through collaboration with a wide range of actors) to make the political novel experiences relevant to our present. This allows us to understand how perceptions formed by different beliefs, values, traditions, economy, history, culture, age and gender are reflected in the political novel, and how and why this literary genre re-emerges as a social factor today.<\/p>\n\n\n\n<p>The event will feature a brief presentation of CAPONEU&#8217;s goals and ambitions, research and innovation activities, and participating institutions and organizations.<\/p>\n\n\n\n<p>We look forward to seeing you soon!<\/p>\n\n\n\n<hr class=\"wp-block-separator\"\/>\n\n\n\n<p><strong>PROGRAMME<\/strong><\/p>\n\n\n\n<hr class=\"wp-block-separator\"\/>\n\n\n\n<p><strong>10.00-10.25<\/strong> opening<\/p>\n\n\n\n<p>Domagoj Ton\u010dini\u0107, dean of the Faculty of Humanities and Social Sciences<\/p>\n\n\n\n<p>Ivana Ru\u017ei\u0107 Divjak and Sonja Jantar, Agency for Mobility and EU Programmes<\/p>\n\n\n\n<hr class=\"wp-block-separator\"\/>\n\n\n\n<p><strong>10.25-10.35<\/strong> objectives and ambition of the project and the CAPONEU consortium<\/p>\n\n\n\n<p>Zrinka Bo\u017ei\u0107, Faculty of Humanities and Social Sciences (FFZG, coordinator)<\/p>\n\n\n\n<hr class=\"wp-block-separator\"\/>\n\n\n\n<p><strong>10.35-11.35<\/strong> innovative project activities<\/p>\n\n\n\n<p>Ivana Perica, Geisteswissenschafliche Zentren Berlin<\/p>\n\n\n\n<p>Mark Devenney, Vedrana Velickovic, German Primera, University of Brighton<\/p>\n\n\n\n<p>Sarah Colvin, University of Cambridge<\/p>\n\n\n\n<p>Tomasz Mizerkiewicz, Uniwersytet im. Adama Mickiewicza w Poznaniu<\/p>\n\n\n\n<p>Rossita Terzieva-Artemis, University of Nicosia<\/p>\n\n\n\n<p>Karin Doolan, Sveu\u010dili\u0161te u Zadru<\/p>\n\n\n\n<hr class=\"wp-block-separator\"\/>\n\n\n\n<p><strong>11.35-11.50<\/strong> Global Advisory Board<\/p>\n\n\n\n<p>Divya Dwivedi (Indian Institute of Technology, New Delhi)<\/p>\n\n\n\n<p>Rahul Putty (Manipal Academy of Higher Education, Manipal)<\/p>\n\n\n\n<p>Shuangzhi Li (Fudan University, Shanghai)<\/p>\n\n\n\n<p>James Ogone (Jaramogi Oginga Odinga University of Science and Technology, Bondo)<\/p>\n\n\n\n<p>Shambavi Prakash (Jawaharlal Nehru University, New Delhi)<\/p>\n\n\n\n<hr class=\"wp-block-separator\"\/>\n\n\n\n<p><strong>11.50-12.05<\/strong> the CAPONEU digital platform<\/p>\n\n\n\n<p>Marko Vukovi\u0107 (Slobodna domena)<\/p>\n\n\n\n<hr class=\"wp-block-separator\"\/>\n\n\n\n<p><strong>12.05-12.20<\/strong> Q &amp; A<\/p>\n\n\n\n<hr class=\"wp-block-separator\"\/>\n\n\n\n<figure class=\"wp-block-image size-large\"><img data-recalc-dims=\"1\" loading=\"lazy\" decoding=\"async\" width=\"820\" height=\"360\" data-attachment-id=\"34504\" data-permalink=\"https:\/\/historiografija.hr\/?attachment_id=34504\" data-orig-file=\"https:\/\/i0.wp.com\/historiografija.hr\/wp-content\/uploads\/2023\/02\/CAPONEU-EU.png?fit=820%2C360&amp;ssl=1\" data-orig-size=\"820,360\" data-comments-opened=\"1\" data-image-meta=\"{&quot;aperture&quot;:&quot;0&quot;,&quot;credit&quot;:&quot;&quot;,&quot;camera&quot;:&quot;&quot;,&quot;caption&quot;:&quot;&quot;,&quot;created_timestamp&quot;:&quot;0&quot;,&quot;copyright&quot;:&quot;&quot;,&quot;focal_length&quot;:&quot;0&quot;,&quot;iso&quot;:&quot;0&quot;,&quot;shutter_speed&quot;:&quot;0&quot;,&quot;title&quot;:&quot;&quot;,&quot;orientation&quot;:&quot;0&quot;}\" data-image-title=\"CAPONEU-EU\" data-image-description=\"\" data-image-caption=\"\" data-large-file=\"https:\/\/i0.wp.com\/historiografija.hr\/wp-content\/uploads\/2023\/02\/CAPONEU-EU.png?fit=820%2C360&amp;ssl=1\" src=\"https:\/\/i0.wp.com\/historiografija.hr\/wp-content\/uploads\/2023\/02\/CAPONEU-EU.png?resize=820%2C360&#038;ssl=1\" alt=\"\" class=\"wp-image-34504\" srcset=\"https:\/\/i0.wp.com\/historiografija.hr\/wp-content\/uploads\/2023\/02\/CAPONEU-EU.png?w=820&amp;ssl=1 820w, https:\/\/i0.wp.com\/historiografija.hr\/wp-content\/uploads\/2023\/02\/CAPONEU-EU.png?resize=300%2C132&amp;ssl=1 300w, https:\/\/i0.wp.com\/historiografija.hr\/wp-content\/uploads\/2023\/02\/CAPONEU-EU.png?resize=768%2C337&amp;ssl=1 768w\" sizes=\"auto, (max-width: 820px) 100vw, 820px\" \/><\/figure>\n\n\n\n<hr class=\"wp-block-separator\"\/>\n","protected":false},"excerpt":{"rendered":"","protected":false},"author":2,"featured_media":34502,"comment_status":"open","ping_status":"open","sticky":false,"template":"","format":"standard","meta":{"_acf_changed":false,"jetpack_post_was_ever_published":false,"_jetpack_newsletter_access":"","_jetpack_dont_email_post_to_subs":false,"_jetpack_newsletter_tier_id":0,"_jetpack_memberships_contains_paywalled_content":false,"_jetpack_memberships_contains_paid_content":false,"footnotes":"","jetpack_publicize_message":"","jetpack_publicize_feature_enabled":true,"jetpack_social_post_already_shared":true,"jetpack_social_options":{"image_generator_settings":{"template":"highway","default_image_id":0,"font":"","enabled":false},"version":2}},"categories":[3,12],"tags":[],"class_list":["post-34501","post","type-post","status-publish","format-standard","has-post-thumbnail","hentry","category-novosti","category-knjizevnost"],"acf":{"facebook_opis":""},"jetpack_publicize_connections":[],"jetpack_featured_media_url":"https:\/\/i0.wp.com\/historiografija.hr\/wp-content\/uploads\/2023\/02\/CAPONEU.jpg?fit=1834%2C960&ssl=1","jetpack_sharing_enabled":true,"jetpack-related-posts":[],"_links":{"self":[{"href":"https:\/\/historiografija.hr\/index.php?rest_route=\/wp\/v2\/posts\/34501","targetHints":{"allow":["GET"]}}],"collection":[{"href":"https:\/\/historiografija.hr\/index.php?rest_route=\/wp\/v2\/posts"}],"about":[{"href":"https:\/\/historiografija.hr\/index.php?rest_route=\/wp\/v2\/types\/post"}],"author":[{"embeddable":true,"href":"https:\/\/historiografija.hr\/index.php?rest_route=\/wp\/v2\/users\/2"}],"replies":[{"embeddable":true,"href":"https:\/\/historiografija.hr\/index.php?rest_route=%2Fwp%2Fv2%2Fcomments&post=34501"}],"version-history":[{"count":6,"href":"https:\/\/historiografija.hr\/index.php?rest_route=\/wp\/v2\/posts\/34501\/revisions"}],"predecessor-version":[{"id":34509,"href":"https:\/\/historiografija.hr\/index.php?rest_route=\/wp\/v2\/posts\/34501\/revisions\/34509"}],"wp:featuredmedia":[{"embeddable":true,"href":"https:\/\/historiografija.hr\/index.php?rest_route=\/wp\/v2\/media\/34502"}],"wp:attachment":[{"href":"https:\/\/historiografija.hr\/index.php?rest_route=%2Fwp%2Fv2%2Fmedia&parent=34501"}],"wp:term":[{"taxonomy":"category","embeddable":true,"href":"https:\/\/historiografija.hr\/index.php?rest_route=%2Fwp%2Fv2%2Fcategories&post=34501"},{"taxonomy":"post_tag","embeddable":true,"href":"https:\/\/historiografija.hr\/index.php?rest_route=%2Fwp%2Fv2%2Ftags&post=34501"}],"curies":[{"name":"wp","href":"https:\/\/api.w.org\/{rel}","templated":true}]}}