{"id":34498,"date":"2023-02-16T20:59:00","date_gmt":"2023-02-16T20:59:00","guid":{"rendered":"http:\/\/historiografija.hr\/?p=34498"},"modified":"2023-02-16T21:03:56","modified_gmt":"2023-02-16T21:03:56","slug":"tribina-knjizevnost-i-kultura-knjizevni-simboli-marija-juric-zagorka-i-dinko-simunovic","status":"publish","type":"post","link":"https:\/\/historiografija.hr\/?p=34498","title":{"rendered":"Tribina Knji\u017eevnost i kultura &#8211; Knji\u017eevni simboli: Marija Juri\u0107 Zagorka i Dinko \u0160imunovi\u0107"},"content":{"rendered":"\n<p>Odjel za knji\u017eevnost Matice hrvatske<\/p>\n\n\n\n<p>Utorak, 21. velja\u010de 2023. u 13:00 sati, Knji\u017eara Matice hrvatske, Ulica Matice hrvatske 2, Zagreb<\/p>\n\n\n\n<p>Govore<br><strong>Kre\u0161imir Nemec<\/strong><br><strong>Evelina Rudan<\/strong><\/p>\n\n\n\n<p>Voditeljica<br><strong>Cvijeta Pavlovi\u0107<\/strong><\/p>\n\n\n\n<hr class=\"wp-block-separator\"\/>\n\n\n\n<p>Izvor:<\/p>\n\n\n\n<p><a href=\"https:\/\/www.matica.hr\/zbivanja\/tribina-knjizevnost-i-kultura-knjizevni-simboli-marija-juric-zagorka-i-dinko-simunovic-3623\/\">https:\/\/www.matica.hr\/zbivanja\/tribina-knjizevnost-i-kultura-knjizevni-simboli-marija-juric-zagorka-i-dinko-simunovic-3623\/<\/a><\/p>\n\n\n\n<hr class=\"wp-block-separator\"\/>\n","protected":false},"excerpt":{"rendered":"","protected":false},"author":2,"featured_media":34499,"comment_status":"open","ping_status":"open","sticky":false,"template":"","format":"standard","meta":{"_acf_changed":false,"_jetpack_newsletter_access":"","_jetpack_dont_email_post_to_subs":false,"_jetpack_newsletter_tier_id":0,"_jetpack_memberships_contains_paywalled_content":false,"_jetpack_memberships_contains_paid_content":false,"footnotes":"","jetpack_publicize_message":"","jetpack_publicize_feature_enabled":true,"jetpack_social_post_already_shared":true,"jetpack_social_options":{"image_generator_settings":{"template":"highway","default_image_id":0,"font":"","enabled":false},"version":2},"jetpack_post_was_ever_published":false},"categories":[3],"tags":[],"class_list":["post-34498","post","type-post","status-publish","format-standard","has-post-thumbnail","hentry","category-novosti"],"acf":{"facebook_opis":""},"jetpack_publicize_connections":[],"jetpack_featured_media_url":"https:\/\/i0.wp.com\/historiografija.hr\/wp-content\/uploads\/2023\/02\/Knjizevnost-i-kultura.jpg?fit=1640%2C924&ssl=1","jetpack_sharing_enabled":true,"jetpack-related-posts":[{"id":54224,"url":"https:\/\/historiografija.hr\/?p=54224","url_meta":{"origin":34498,"position":0},"title":"\u201eKolo\u201c (1-2026) \u2013 Tema broja: Jo\u0161 o Hrvatskom Kraljevstvu","author":"Branimir Jankovi\u0107","date":"19. lipnja 2026.","format":false,"excerpt":"Novi broj \u010dasopisa Matice hrvatske za knji\u017eevnost, umjetnost i kulturu \u201cKolo\u201d (1\/2026) donosi temu broja \u201eJo\u0161 o Hrvatskom Kraljevstvu\u201c. Detaljnije o \u010dasopisu u nastavku. Op\u0161irnije: https:\/\/www.matica.hr\/kolo\/847 https:\/\/www.matica.hr\/kolo\/847\/r\/tema-broja-jos-o-hrvatskom-kraljevstvu Iz medija: https:\/\/www.culturenet.hr\/objavljen-novi-broj-maticina-casopisa-kolo-1-2026\/234271 https:\/\/www.hina.hr\/vijest\/12325813","rel":"","context":"U &quot;\u010casopisi&quot;","block_context":{"text":"\u010casopisi","link":"https:\/\/historiografija.hr\/?cat=21"},"img":{"alt_text":"","src":"https:\/\/i0.wp.com\/historiografija.hr\/wp-content\/uploads\/2026\/06\/kolo-1-2026-naslovnica.jpg?fit=680%2C457&ssl=1&resize=350%2C200","width":350,"height":200,"srcset":"https:\/\/i0.wp.com\/historiografija.hr\/wp-content\/uploads\/2026\/06\/kolo-1-2026-naslovnica.jpg?fit=680%2C457&ssl=1&resize=350%2C200 1x, https:\/\/i0.wp.com\/historiografija.hr\/wp-content\/uploads\/2026\/06\/kolo-1-2026-naslovnica.jpg?fit=680%2C457&ssl=1&resize=525%2C300 1.5x"},"classes":[]},{"id":52607,"url":"https:\/\/historiografija.hr\/?p=52607","url_meta":{"origin":34498,"position":1},"title":"No\u0107 knjige: Kako je prije 410 godina smr\u0107u Shakespearea i Cervantesa zavr\u0161ilo razdoblje renesanse u knji\u017eevnosti","author":"Branimir Jankovi\u0107","date":"22. travnja 2026.","format":false,"excerpt":"\u010cetvrtak, 23. travnja 2026. u 18:00 sati, Knji\u017eara Matice hrvatske, Ulica Matice hrvatske 2, Zagreb Uvodna rije\u010d: dr. sc.\u00a0Dubravka Brezak Stama\u0107, pro\u010delnica Odjela za knji\u017eevnost Matice hrvatske Prof. dr. sc. Ivan Lupi\u0107, redoviti profesor u Odsjeku za anglistiku i Odsjeku za kroatistiku Sveu\u010dili\u0161ta u RijeciShakespeare, kazali\u0161te, glazbaKada se susre\u0107emo sa\u2026","rel":"","context":"U &quot;Novosti&quot;","block_context":{"text":"Novosti","link":"https:\/\/historiografija.hr\/?cat=3"},"img":{"alt_text":"","src":"https:\/\/i0.wp.com\/historiografija.hr\/wp-content\/uploads\/2026\/04\/noc_knjige_2026.jpg?fit=680%2C276&ssl=1&resize=350%2C200","width":350,"height":200,"srcset":"https:\/\/i0.wp.com\/historiografija.hr\/wp-content\/uploads\/2026\/04\/noc_knjige_2026.jpg?fit=680%2C276&ssl=1&resize=350%2C200 1x, https:\/\/i0.wp.com\/historiografija.hr\/wp-content\/uploads\/2026\/04\/noc_knjige_2026.jpg?fit=680%2C276&ssl=1&resize=525%2C300 1.5x"},"classes":[]},{"id":54271,"url":"https:\/\/historiografija.hr\/?p=54271","url_meta":{"origin":34498,"position":2},"title":"Slobodan Prosperov Novak, &#8220;Grga Novak. \u017divot i djela&#8221;","author":"Branimir Jankovi\u0107","date":"23. lipnja 2026.","format":false,"excerpt":"Biografija Grga Novak: \u017divot i djela donosi pri\u010du o hvarskom znanstveniku i arheologu, jedinom Hrvatu s vite\u0161kim naslovom sir, kojeg je odlikovala kraljica Elizabeta II. Slobodan Prosperov Novak prati njegov put od siroma\u0161tva do vrha akademije kroz re\u017eime XX. stolje\u0107a. Grga Novak jedan je od najfascinantnijih na\u0161ih znanstvenika u dvadesetom\u2026","rel":"","context":"U &quot;Knjige&quot;","block_context":{"text":"Knjige","link":"https:\/\/historiografija.hr\/?cat=8"},"img":{"alt_text":"","src":"https:\/\/i0.wp.com\/historiografija.hr\/wp-content\/uploads\/2026\/06\/grga-novak-slobodan-prosperov-novak-knjiga.jpg?fit=768%2C431&ssl=1&resize=350%2C200","width":350,"height":200,"srcset":"https:\/\/i0.wp.com\/historiografija.hr\/wp-content\/uploads\/2026\/06\/grga-novak-slobodan-prosperov-novak-knjiga.jpg?fit=768%2C431&ssl=1&resize=350%2C200 1x, https:\/\/i0.wp.com\/historiografija.hr\/wp-content\/uploads\/2026\/06\/grga-novak-slobodan-prosperov-novak-knjiga.jpg?fit=768%2C431&ssl=1&resize=525%2C300 1.5x, https:\/\/i0.wp.com\/historiografija.hr\/wp-content\/uploads\/2026\/06\/grga-novak-slobodan-prosperov-novak-knjiga.jpg?fit=768%2C431&ssl=1&resize=700%2C400 2x"},"classes":[]},{"id":53113,"url":"https:\/\/historiografija.hr\/?p=53113","url_meta":{"origin":34498,"position":3},"title":"\u201eMonografija grada \u010cakovca: od 1791. godine do najnovijeg doba\u201c","author":"Filip \u0160imunjak","date":"15. svibnja 2026.","format":false,"excerpt":"Objavljena je Monografija grada \u010cakovca: Od 1791. godine do najnovijeg doba, kapitalno djelo me\u0111imurske i hrvatske historiografije. Knjiga je objavljena u izdanju Ogranka Matice hrvatske u \u010cakovcu, Grada \u010cakovca i Muzeja Me\u0111imurja \u010cakovec. Rije\u010d je o prvom objavljenom, no tematski zami\u0161ljeno drugom svesku iz novoga pregleda povijesti \u010cakovca (prvi je\u2026","rel":"","context":"U &quot;Knjige&quot;","block_context":{"text":"Knjige","link":"https:\/\/historiografija.hr\/?cat=8"},"img":{"alt_text":"","src":"https:\/\/i0.wp.com\/historiografija.hr\/wp-content\/uploads\/2026\/05\/Monografija-grada-Cakovca.webp?fit=1200%2C794&ssl=1&resize=350%2C200","width":350,"height":200,"srcset":"https:\/\/i0.wp.com\/historiografija.hr\/wp-content\/uploads\/2026\/05\/Monografija-grada-Cakovca.webp?fit=1200%2C794&ssl=1&resize=350%2C200 1x, https:\/\/i0.wp.com\/historiografija.hr\/wp-content\/uploads\/2026\/05\/Monografija-grada-Cakovca.webp?fit=1200%2C794&ssl=1&resize=525%2C300 1.5x, https:\/\/i0.wp.com\/historiografija.hr\/wp-content\/uploads\/2026\/05\/Monografija-grada-Cakovca.webp?fit=1200%2C794&ssl=1&resize=700%2C400 2x, https:\/\/i0.wp.com\/historiografija.hr\/wp-content\/uploads\/2026\/05\/Monografija-grada-Cakovca.webp?fit=1200%2C794&ssl=1&resize=1050%2C600 3x"},"classes":[]},{"id":54318,"url":"https:\/\/historiografija.hr\/?p=54318","url_meta":{"origin":34498,"position":4},"title":"Predstavljanje knjige \u2013 Ladislav Fodroci, \u201eEpistola o starini i nekada\u0161njoj mo\u0107i grada Kri\u017eevaca\u201c","author":"Filip \u0160imunjak","date":"25. lipnja 2026.","format":false,"excerpt":"Ogranak Matice hrvatske u Kri\u017eevcima i Zavod za znanstvenoistra\u017eiva\u010dki i umjetni\u010dki rad HAZU-a Koprivni\u010dko kri\u017eeva\u010dke \u017eupanije pozivaju\u00a0 na predstavljanje knjige Ladislava Fodrocija, Epistola o starini i nekada\u0161njoj mo\u0107i grada Kri\u017eevaca. U predstavljanju sudjeluju: Tomislav Galovi\u0107,\u00a0autor predgovora; Martina Valec-Rebi\u0107,\u00a0urednica; te moderatorica, Renata Husinec. Predstavljanje knjige odr\u017eava se u \u010detvrtak, 25. lipnja\u2026","rel":"","context":"U &quot;Novosti&quot;","block_context":{"text":"Novosti","link":"https:\/\/historiografija.hr\/?cat=3"},"img":{"alt_text":"","src":"https:\/\/i0.wp.com\/historiografija.hr\/wp-content\/uploads\/2026\/06\/Fodroci-pozivnica.jpg?fit=1200%2C675&ssl=1&resize=350%2C200","width":350,"height":200,"srcset":"https:\/\/i0.wp.com\/historiografija.hr\/wp-content\/uploads\/2026\/06\/Fodroci-pozivnica.jpg?fit=1200%2C675&ssl=1&resize=350%2C200 1x, https:\/\/i0.wp.com\/historiografija.hr\/wp-content\/uploads\/2026\/06\/Fodroci-pozivnica.jpg?fit=1200%2C675&ssl=1&resize=525%2C300 1.5x, https:\/\/i0.wp.com\/historiografija.hr\/wp-content\/uploads\/2026\/06\/Fodroci-pozivnica.jpg?fit=1200%2C675&ssl=1&resize=700%2C400 2x, https:\/\/i0.wp.com\/historiografija.hr\/wp-content\/uploads\/2026\/06\/Fodroci-pozivnica.jpg?fit=1200%2C675&ssl=1&resize=1050%2C600 3x"},"classes":[]},{"id":54137,"url":"https:\/\/historiografija.hr\/?p=54137","url_meta":{"origin":34498,"position":5},"title":"Poziv za prijavu radova za znanstveno-knji\u017eevni skup Dana Marije Juri\u0107 Zagorke: Rod, rat i mir","author":"Branimir Jankovi\u0107","date":"17. lipnja 2026.","format":false,"excerpt":"Centar za \u017eenske studije Zagreb u suradnji s Odsjekom za komparativnu knji\u017eevnost Filozofskog fakulteta u Zagrebu i Odjelom za komunikologiju, medije i novinarstvo Sveu\u010dili\u0161ta Sjever objavljuje Poziv na znanstveno-knji\u017eevni skup s me\u0111unarodnim sudjelovanjem: ROD, RAT I MIR koji \u0107e se odr\u017eati u sklopu Dana Marije Juri\u0107 Zagorke, 27. i 28.\u2026","rel":"","context":"U &quot;Novosti&quot;","block_context":{"text":"Novosti","link":"https:\/\/historiografija.hr\/?cat=3"},"img":{"alt_text":"","src":"https:\/\/i0.wp.com\/historiografija.hr\/wp-content\/uploads\/2026\/06\/Dani-MJZ-web.png?fit=768%2C382&ssl=1&resize=350%2C200","width":350,"height":200,"srcset":"https:\/\/i0.wp.com\/historiografija.hr\/wp-content\/uploads\/2026\/06\/Dani-MJZ-web.png?fit=768%2C382&ssl=1&resize=350%2C200 1x, https:\/\/i0.wp.com\/historiografija.hr\/wp-content\/uploads\/2026\/06\/Dani-MJZ-web.png?fit=768%2C382&ssl=1&resize=525%2C300 1.5x, https:\/\/i0.wp.com\/historiografija.hr\/wp-content\/uploads\/2026\/06\/Dani-MJZ-web.png?fit=768%2C382&ssl=1&resize=700%2C400 2x"},"classes":[]}],"_links":{"self":[{"href":"https:\/\/historiografija.hr\/index.php?rest_route=\/wp\/v2\/posts\/34498","targetHints":{"allow":["GET"]}}],"collection":[{"href":"https:\/\/historiografija.hr\/index.php?rest_route=\/wp\/v2\/posts"}],"about":[{"href":"https:\/\/historiografija.hr\/index.php?rest_route=\/wp\/v2\/types\/post"}],"author":[{"embeddable":true,"href":"https:\/\/historiografija.hr\/index.php?rest_route=\/wp\/v2\/users\/2"}],"replies":[{"embeddable":true,"href":"https:\/\/historiografija.hr\/index.php?rest_route=%2Fwp%2Fv2%2Fcomments&post=34498"}],"version-history":[{"count":1,"href":"https:\/\/historiografija.hr\/index.php?rest_route=\/wp\/v2\/posts\/34498\/revisions"}],"predecessor-version":[{"id":34500,"href":"https:\/\/historiografija.hr\/index.php?rest_route=\/wp\/v2\/posts\/34498\/revisions\/34500"}],"wp:featuredmedia":[{"embeddable":true,"href":"https:\/\/historiografija.hr\/index.php?rest_route=\/wp\/v2\/media\/34499"}],"wp:attachment":[{"href":"https:\/\/historiografija.hr\/index.php?rest_route=%2Fwp%2Fv2%2Fmedia&parent=34498"}],"wp:term":[{"taxonomy":"category","embeddable":true,"href":"https:\/\/historiografija.hr\/index.php?rest_route=%2Fwp%2Fv2%2Fcategories&post=34498"},{"taxonomy":"post_tag","embeddable":true,"href":"https:\/\/historiografija.hr\/index.php?rest_route=%2Fwp%2Fv2%2Ftags&post=34498"}],"curies":[{"name":"wp","href":"https:\/\/api.w.org\/{rel}","templated":true}]}}