{"id":34495,"date":"2023-02-16T21:00:00","date_gmt":"2023-02-16T21:00:00","guid":{"rendered":"http:\/\/historiografija.hr\/?p=34495"},"modified":"2023-02-16T21:00:00","modified_gmt":"2023-02-16T21:00:00","slug":"katarina-ivon-jagoda-truhelka-poetika-na-margini","status":"publish","type":"post","link":"https:\/\/historiografija.hr\/?p=34495","title":{"rendered":"Katarina Ivon, \u201eJagoda Truhelka. Poetika na margini\u201c"},"content":{"rendered":"\n<p>Jagoda Truhelka (1864. \u2013 1957.) autorica je \u010dija se javna recepcija ve\u0107inom vezuje uz hrvatsku dje\u010dju knji\u017eevnost iako su s pravom sve izra\u017eeniji interesi knji\u017eevne i kulturne (\u017eenske) povijesti te feministi\u010dke i knji\u017eevne kritike za njezin lik i njezino stvarala\u0161tvo, \u010diji rezultati osvjetljavaju posve novu vizuru njezina javnog djelovanja. Izravno je Truhelka svjedo\u010dila strahotama Prvoga svjetskog rata u Sarajevu te naposljetku i krahu Monarhije uvijek anga\u017eirano djeluju\u0107i svojom knji\u017eevnom rije\u010dju te uzimaju\u0107i u za\u0161titu one najranjivije. Njezin politi\u010dki pesimizam nedugo nakon raspada Monarhije vodio ju je uvjetnoj radikalizaciji ideolo\u0161kih stavova u razdobljima koja su uslijedila, \u0161to je odredilo knji\u017eevnopovijesnu predod\u017ebu autorice koja ju je vezivala isklju\u010divo uz kr\u0161\u0107ansku svjetonazorsku koncepciju i hrvatsku nacionalnu poziciju zanemaruju\u0107i Truhelkin javni (pregala\u010dki) rad prije. \u010cinilo mi se potrebnim upoznati i njezin osobni lik, poku\u0161ati razumjeti njezina uvjerenja jer je rije\u010d o reprezentativnoj figuri hrvatske \u017eenske knji\u017eevne i kulturne povijesti koja svoje knji\u017eevne i profesionalne po\u010detke ipak vezuje uz vrijeme kada se \u017eene tek pojavljuju u javnom i dru\u0161tvenom \u017eivotu, krajem 19. i po\u010detkom 20. stolje\u0107a. Upravo je Truhelka, kako navodi Zdenka Markovi\u0107 (1939), izrekla prvu glasnu rije\u010d u obranu \u017eena u literaturi suprotstavljaju\u0107i se onda\u0161njemu javnom mi\u0161ljenju. Jagoda Truhelka borila se knji\u017eevnom rije\u010dju, tiho i samozatajno, uvijek na strani slabijih, svoju ti\u0161inu transformiraju\u0107i u knji\u017eevno sna\u017ean i anga\u017eiran glas.<\/p>\n\n\n\n<hr class=\"wp-block-separator\"\/>\n\n\n\n<p>Iz recenzija:<\/p>\n\n\n\n<p>&#8220;Jedna od sto\u017eernih pojava u hrvatskoj dje\u010djoj knji\u017eevnosti u vrijeme kada zapo\u010dinje klju\u010dno modeliranje njezinih obrisa na samom kraju Austro-Ugarske svakako je Jagoda Truhelka. Njezina knji\u017eevna relevantnost nesporno je prepoznata tridesetih godina u mnogo puta isticanom trolistu Jagoda Truhelka \u2013 Ivana Brli\u0107-Ma\u017eurani\u0107 \u2013 Vladimir Nazor. Me\u0111utim, revolucionarna promjena dru\u0161tvenog poretka 1945. zna\u010dila je i gotovo potpuno potiskivanje knji\u017eevnog djela Jagode Truhelke u zaborav. Uspostavom demokratskog poretka u Republici Hrvatskoj nametnula se potreba revalorizacije komunisti\u010dkog naslje\u0111a, a time onda i restauracije objektivne slike hrvatske pro\u0161losti pa onda i zaslu\u017eenih mjesta koja su zauzimali velikani poput Jagode Truhelke. U\u010dinjeni su znatni napori jer se iz godine u godinu javlja sve vi\u0161e knji\u017eevnih povjesni\u010dara koji su Jagodu Truhelku obra\u0111ivali u \u010dlancima, to \u0107e re\u0107i jakim upaljenim reflektorima poku\u0161avali su u\u0107i u dubinu izu\u010davanog aspekta. To je nu\u017eno dovodilo tek do fragmentarnih odgovora limitiranog vidokruga. No svakim takvim poku\u0161ajem sve je vi\u0161e dolazila do izra\u017eaja potreba za sintezom, prikazom cjelovitoga knji\u017eevnog lika i djela Jagode Truhelke. Knjiga Katarine Ivon odgovara upravo na tu nasu\u0161nu potrebu: ona nam daje zaokru\u017eenu, reljefnu sliku ne samo lika i knji\u017eevnog djela Jagode Truhelke ve\u0107 i osobiti pogled na kulturne vrijednosti koje oni prezentiraju i nastoje afirmirati kao i polo\u017eaj Truhelkina lika i knji\u017eevnog djela i u povijesti hrvatske knji\u017eevnosti, i u povijesti hrvatske dje\u010dje knji\u017eevnosti, i u povijesti ideja (otvaranje \u017eenskog pitanja), i u afirmaciji i analizi konzervativne misli.&#8221;&nbsp;<\/p>\n\n\n\n<p>\u2014 Berislav Majhut<\/p>\n\n\n\n<hr class=\"wp-block-separator\"\/>\n\n\n\n<p><strong>Katarina Ivon<\/strong> ro\u0111ena je 1976. u Zadru, gdje je zavr\u0161ila osnovnu i srednju \u0161kolu. Na Filozofskom fakultetu u Zagrebu diplomirala je hrvatski jezik i knji\u017eevnost 2000. godine. Na istom je fakultetu doktorirala 2011. godine. Zaposlena je na Odjelu za izobrazbu u\u010ditelja i odgojitelja Sveu\u010dili\u0161ta u Zadru, gdje predaje kolegije iz teorije knji\u017eevnosti, novije hrvatske knji\u017eevnosti i hrvatske dje\u010dje knji\u017eevnosti. Njezini primarni znanstveni interesi usmjereni su prema novijoj i dje\u010djoj hrvatskoj knji\u017eevnosti, knji\u017eevnoj i kulturnoj teoriji, posebice knji\u017eevnoj imagologiji. Objavljuje znanstvene i stru\u010dne radove u Hrvatskoj i inozemstvu. Autorica je znanstvene monografije Od Ka\u010di\u0107a do Sva\u010di\u0107a. Imagologija i ideologija zadarskih koledara, objavljene 2018. godine (Jesenski i Turk). Dopredsjednica je Hrvatske udruge istra\u017eiva\u010da dje\u010dje knji\u017eevnosti.<\/p>\n\n\n\n<hr class=\"wp-block-separator\"\/>\n\n\n\n<p>Nakladnik: Naklada Ljevak<\/p>\n\n\n\n<p>Broj stranica: 392<\/p>\n\n\n\n<p>Godina izdanja: 2023<\/p>\n\n\n\n<hr class=\"wp-block-separator\"\/>\n\n\n\n<p>Izvor:<\/p>\n\n\n\n<p><a href=\"https:\/\/www.ljevak.hr\/katarina-ivon\/29995-jagoda-truhelka.html\">https:\/\/www.ljevak.hr\/katarina-ivon\/29995-jagoda-truhelka.html<\/a><\/p>\n\n\n\n<hr class=\"wp-block-separator\"\/>\n","protected":false},"excerpt":{"rendered":"","protected":false},"author":2,"featured_media":34496,"comment_status":"open","ping_status":"open","sticky":false,"template":"","format":"standard","meta":{"_acf_changed":false,"jetpack_post_was_ever_published":false,"_jetpack_newsletter_access":"","_jetpack_dont_email_post_to_subs":false,"_jetpack_newsletter_tier_id":0,"_jetpack_memberships_contains_paywalled_content":false,"_jetpack_memberships_contains_paid_content":false,"footnotes":"","jetpack_publicize_message":"","jetpack_publicize_feature_enabled":true,"jetpack_social_post_already_shared":true,"jetpack_social_options":{"image_generator_settings":{"template":"highway","default_image_id":0,"font":"","enabled":false},"version":2}},"categories":[8,3,12],"tags":[],"class_list":["post-34495","post","type-post","status-publish","format-standard","has-post-thumbnail","hentry","category-knjige","category-novosti","category-knjizevnost"],"acf":{"facebook_opis":""},"jetpack_publicize_connections":[],"jetpack_featured_media_url":"https:\/\/i0.wp.com\/historiografija.hr\/wp-content\/uploads\/2023\/02\/jagoda-truhelka.jpg?fit=570%2C678&ssl=1","jetpack_sharing_enabled":true,"jetpack-related-posts":[],"_links":{"self":[{"href":"https:\/\/historiografija.hr\/index.php?rest_route=\/wp\/v2\/posts\/34495","targetHints":{"allow":["GET"]}}],"collection":[{"href":"https:\/\/historiografija.hr\/index.php?rest_route=\/wp\/v2\/posts"}],"about":[{"href":"https:\/\/historiografija.hr\/index.php?rest_route=\/wp\/v2\/types\/post"}],"author":[{"embeddable":true,"href":"https:\/\/historiografija.hr\/index.php?rest_route=\/wp\/v2\/users\/2"}],"replies":[{"embeddable":true,"href":"https:\/\/historiografija.hr\/index.php?rest_route=%2Fwp%2Fv2%2Fcomments&post=34495"}],"version-history":[{"count":1,"href":"https:\/\/historiografija.hr\/index.php?rest_route=\/wp\/v2\/posts\/34495\/revisions"}],"predecessor-version":[{"id":34497,"href":"https:\/\/historiografija.hr\/index.php?rest_route=\/wp\/v2\/posts\/34495\/revisions\/34497"}],"wp:featuredmedia":[{"embeddable":true,"href":"https:\/\/historiografija.hr\/index.php?rest_route=\/wp\/v2\/media\/34496"}],"wp:attachment":[{"href":"https:\/\/historiografija.hr\/index.php?rest_route=%2Fwp%2Fv2%2Fmedia&parent=34495"}],"wp:term":[{"taxonomy":"category","embeddable":true,"href":"https:\/\/historiografija.hr\/index.php?rest_route=%2Fwp%2Fv2%2Fcategories&post=34495"},{"taxonomy":"post_tag","embeddable":true,"href":"https:\/\/historiografija.hr\/index.php?rest_route=%2Fwp%2Fv2%2Ftags&post=34495"}],"curies":[{"name":"wp","href":"https:\/\/api.w.org\/{rel}","templated":true}]}}