{"id":34480,"date":"2023-02-15T11:18:14","date_gmt":"2023-02-15T11:18:14","guid":{"rendered":"http:\/\/historiografija.hr\/?p=34480"},"modified":"2023-02-15T11:19:01","modified_gmt":"2023-02-15T11:19:01","slug":"virtualni-muzej-antifasisticke-bastine-u-hrvatskoj","status":"publish","type":"post","link":"https:\/\/historiografija.hr\/?p=34480","title":{"rendered":"Virtualni Muzej antifa\u0161isti\u010dke ba\u0161tine u Hrvatskoj"},"content":{"rendered":"\n<p>Savez antifa\u0161isti\u010dkih boraca i antifa\u0161ista Republike Hrvatske pokrenuo je virtualni Muzej antifa\u0161isti\u010dkog otpora u Hrvatskoj u vrijeme Drugoga svjetskog rata. Op\u0161irnije o muzeju i izlo\u017ebama u nastavku.<\/p>\n\n\n\n<hr class=\"wp-block-separator\"\/>\n\n\n\n<p>Op\u0161irnije:<\/p>\n\n\n\n<figure class=\"wp-block-embed-wordpress wp-block-embed is-type-wp-embed is-provider-savez-antifasistickih-boraca-i-antifasista-republike-hrvatske\"><div class=\"wp-block-embed__wrapper\">\n<blockquote class=\"wp-embedded-content\" data-secret=\"thbOtPlC9W\"><a href=\"https:\/\/sabh.hr\/dobrodosli-na-stranicu-muzeja-antifasisticke-bastine\/\">DOBRODO\u0160LI NA STRANICU MUZEJA ANTIFA\u0160ISTI\u010cKE BA\u0160TINE<\/a><\/blockquote><iframe loading=\"lazy\" class=\"wp-embedded-content\" sandbox=\"allow-scripts\" security=\"restricted\" style=\"position: absolute; clip: rect(1px, 1px, 1px, 1px);\" title=\"&#8220;DOBRODO\u0160LI NA STRANICU MUZEJA ANTIFA\u0160ISTI\u010cKE BA\u0160TINE&#8221; &#8212; Savez antifa\u0161isti\u010dkih boraca i antifa\u0161ista Republike Hrvatske\" src=\"https:\/\/sabh.hr\/dobrodosli-na-stranicu-muzeja-antifasisticke-bastine\/embed\/#?secret=8w1DEDl0L9#?secret=thbOtPlC9W\" data-secret=\"thbOtPlC9W\" width=\"600\" height=\"338\" frameborder=\"0\" marginwidth=\"0\" marginheight=\"0\" scrolling=\"no\"><\/iframe>\n<\/div><\/figure>\n\n\n\n<figure class=\"wp-block-embed-wordpress wp-block-embed is-type-wp-embed is-provider-muzej-antifasisticke-borbe\"><div class=\"wp-block-embed__wrapper\">\n<blockquote class=\"wp-embedded-content\" data-secret=\"NZ3Rzf2Lot\"><a href=\"https:\/\/mab.hr\/\">Muzej antifa\u0161isti\u010dke borbe<\/a><\/blockquote><iframe loading=\"lazy\" class=\"wp-embedded-content\" sandbox=\"allow-scripts\" security=\"restricted\" style=\"position: absolute; clip: rect(1px, 1px, 1px, 1px);\" title=\"&#8220;Muzej antifa\u0161isti\u010dke borbe&#8221; &#8212; Muzej antifa\u0161isti\u010dke borbe\" src=\"https:\/\/mab.hr\/embed\/#?secret=hAevNc5wbe#?secret=NZ3Rzf2Lot\" data-secret=\"NZ3Rzf2Lot\" width=\"600\" height=\"338\" frameborder=\"0\" marginwidth=\"0\" marginheight=\"0\" scrolling=\"no\"><\/iframe>\n<\/div><\/figure>\n\n\n\n<hr class=\"wp-block-separator\"\/>\n\n\n\n<p>Iz medija:<\/p>\n\n\n\n<p><a href=\"https:\/\/www.portalnovosti.com\/pokrenut-virtualni-muzej-antifasisticke-bastine\">https:\/\/www.portalnovosti.com\/pokrenut-virtualni-muzej-antifasisticke-bastine<\/a><\/p>\n\n\n\n<p><a href=\"https:\/\/www.nacional.hr\/pokrenut-virtualni-muzej-antifasisticke-bastine\/\">https:\/\/www.nacional.hr\/pokrenut-virtualni-muzej-antifasisticke-bastine\/<\/a><\/p>\n\n\n\n<p><a href=\"https:\/\/www.glas-slavonije.hr\/512456\/1\/Antifasisticka-bastina-na-webu\">https:\/\/www.glas-slavonije.hr\/512456\/1\/Antifasisticka-bastina-na-webu<\/a><\/p>\n\n\n\n<p><a href=\"https:\/\/balkans.aljazeera.net\/news\/balkan\/2023\/1\/3\/antifasisticka-borba-hrvatske-dobila-prostor-u-virtualnom-muzeju\">https:\/\/balkans.aljazeera.net\/news\/balkan\/2023\/1\/3\/antifasisticka-borba-hrvatske-dobila-prostor-u-virtualnom-muzeju<\/a><\/p>\n\n\n\n<hr class=\"wp-block-separator\"\/>\n","protected":false},"excerpt":{"rendered":"","protected":false},"author":2,"featured_media":34481,"comment_status":"open","ping_status":"open","sticky":false,"template":"","format":"standard","meta":{"_acf_changed":false,"jetpack_post_was_ever_published":false,"_jetpack_newsletter_access":"","_jetpack_dont_email_post_to_subs":false,"_jetpack_newsletter_tier_id":0,"_jetpack_memberships_contains_paywalled_content":false,"_jetpack_memberships_contains_paid_content":false,"footnotes":"","jetpack_publicize_message":"","jetpack_publicize_feature_enabled":true,"jetpack_social_post_already_shared":true,"jetpack_social_options":{"image_generator_settings":{"template":"highway","default_image_id":0,"font":"","enabled":false},"version":2}},"categories":[10,3],"tags":[],"class_list":["post-34480","post","type-post","status-publish","format-standard","has-post-thumbnail","hentry","category-izlozbe","category-novosti"],"acf":{"facebook_opis":""},"jetpack_publicize_connections":[],"jetpack_featured_media_url":"https:\/\/i0.wp.com\/historiografija.hr\/wp-content\/uploads\/2023\/02\/Muzej.png?fit=1920%2C877&ssl=1","jetpack_sharing_enabled":true,"jetpack-related-posts":[],"_links":{"self":[{"href":"https:\/\/historiografija.hr\/index.php?rest_route=\/wp\/v2\/posts\/34480","targetHints":{"allow":["GET"]}}],"collection":[{"href":"https:\/\/historiografija.hr\/index.php?rest_route=\/wp\/v2\/posts"}],"about":[{"href":"https:\/\/historiografija.hr\/index.php?rest_route=\/wp\/v2\/types\/post"}],"author":[{"embeddable":true,"href":"https:\/\/historiografija.hr\/index.php?rest_route=\/wp\/v2\/users\/2"}],"replies":[{"embeddable":true,"href":"https:\/\/historiografija.hr\/index.php?rest_route=%2Fwp%2Fv2%2Fcomments&post=34480"}],"version-history":[{"count":2,"href":"https:\/\/historiografija.hr\/index.php?rest_route=\/wp\/v2\/posts\/34480\/revisions"}],"predecessor-version":[{"id":34483,"href":"https:\/\/historiografija.hr\/index.php?rest_route=\/wp\/v2\/posts\/34480\/revisions\/34483"}],"wp:featuredmedia":[{"embeddable":true,"href":"https:\/\/historiografija.hr\/index.php?rest_route=\/wp\/v2\/media\/34481"}],"wp:attachment":[{"href":"https:\/\/historiografija.hr\/index.php?rest_route=%2Fwp%2Fv2%2Fmedia&parent=34480"}],"wp:term":[{"taxonomy":"category","embeddable":true,"href":"https:\/\/historiografija.hr\/index.php?rest_route=%2Fwp%2Fv2%2Fcategories&post=34480"},{"taxonomy":"post_tag","embeddable":true,"href":"https:\/\/historiografija.hr\/index.php?rest_route=%2Fwp%2Fv2%2Ftags&post=34480"}],"curies":[{"name":"wp","href":"https:\/\/api.w.org\/{rel}","templated":true}]}}