{"id":34469,"date":"2023-02-14T18:36:37","date_gmt":"2023-02-14T18:36:37","guid":{"rendered":"http:\/\/historiografija.hr\/?p=34469"},"modified":"2023-02-14T18:36:37","modified_gmt":"2023-02-14T18:36:37","slug":"virtual-symposium-a-nazi-killing-center-through-a-perpetrators-lens-the-sobibor-perpetrator-collection","status":"publish","type":"post","link":"https:\/\/historiografija.hr\/?p=34469","title":{"rendered":"Virtual Symposium: A Nazi Killing Center through a Perpetrator\u2019s Lens: The Sobibor Perpetrator Collection"},"content":{"rendered":"\n<p>March 1, 2023\u00a0<\/p>\n\n\n\n<hr class=\"wp-block-separator\"\/>\n\n\n\n<p>Co-organizers<\/p>\n\n\n\n<p>Jack, Joseph and Morton Mandel Center for Advanced Holocaust Studies, United States Holocaust Memorial Museum<\/p>\n\n\n\n<p>Bildungswerk Stanis\u0142aw Hantz<\/p>\n\n\n\n<p>Ludwigsburg Research Center, University of Stuttgart<\/p>\n\n\n\n<hr class=\"wp-block-separator\"\/>\n\n\n\n<p>Overview<\/p>\n\n\n\n<p>The Sobibor Perpetrator Collection provides an unprecedented view into the operations of one of the five killing centers Nazi Germany established for the sole purpose of murdering Jews. Created by the Sobibor camp\u2019s deputy commandant, Johann Niemann, this large collection of recently discovered documents and photographs shows in new and vivid detail the topography of the killing center, which was located in German-occupied Poland and in operation from April 1942 until November 1943. The collection also illuminates interactions among the camp\u2019s SS staff and between the SS and auxiliary guards, as well as the role of women, including perpetrators\u2019 wives and local female civilians.<\/p>\n\n\n\n<p>The subject of a new book published by Indiana University Press in association with the United States Holocaust Memorial Museum, <a href=\"https:\/\/iupress.org\/9780253064318\/from-euthanasia-to-sobibor\/\">From \u201cEuthanasia\u201d to Sobibor: An SS-Officer&#8217;s Photo Collection<\/a>, the Sobibor Perpetrator Collection opens new vistas on one of the most crucial chapters of the Holocaust.&nbsp;<\/p>\n\n\n\n<p>Scholars will present the new insights the collection affords into the workings of Sobibor and the wider networks of perpetrators that spanned the so-called Euthanasia Program, other concentration camps, and Operation Reinhard in the implementation of the Final Solution, and address the implications of the collection for research and teaching about the Holocaust.<\/p>\n\n\n\n<p>This program will be held via Zoom and is free and open to the public. Please register <a href=\"https:\/\/www.ushmm.org\/online-calendar\/event\/mchsobsym0323x\">here<\/a>.<\/p>\n\n\n\n<p>Information on the collection is available at <a href=\"https:\/\/www.ushmm.org\/sobibor-perpetrators\">ushmm.org\/sobibor-perpetrators<\/a>.<\/p>\n\n\n\n<p>Schedule<\/p>\n\n\n\n<p>10am EST | 16h CET<\/p>\n\n\n\n<p>Welcome and Opening Remarks<\/p>\n\n\n\n<p>Edna Friedberg, Historian, United States Holocaust Memorial Museum<\/p>\n\n\n\n<p>J\u00fcrgen Matth\u00e4us, Director, Applied Research, Mandel Center for Advanced Holocaust Studies, United States Holocaust Memorial Museum<\/p>\n\n\n\n<p>Tagan Engel, Granddaughter of Selma and Chaim Engel<\/p>\n\n\n\n<p>Session I: Introduction to the Sobibor Perpetrator Collection<\/p>\n\n\n\n<p>Moderator: Anatol Steck, Senior Project Director, International Archival Programs, United States Holocaust Memorial Museum<\/p>\n\n\n\n<p>Presenters<\/p>\n\n\n\n<p>Approaching the Sobibor Perpetrator Collection<\/p>\n\n\n\n<p>Martin C\u00fcppers, Head, Ludwigsburg Research Center, University of Stuttgart<\/p>\n\n\n\n<p>Coworkers not Comrades: The Case of the Trawniki Men<\/p>\n\n\n\n<p>Kimberly Allar, Independent Scholar and <a href=\"http:\/\/ushmm.org\/allar\">2013\u201314 Ben and Zelda Cohen Fellow<\/a><\/p>\n\n\n\n<p>Forgotten Places of the Holocaust: Be\u0142zec and Sobib\u00f3r in the Aftermath<\/p>\n\n\n\n<p>Steffen H\u00e4nschen, Staff&nbsp; Scholar, Bildungswerk Stanis\u0142aw Hantz<\/p>\n\n\n\n<p>Q&amp;A<\/p>\n\n\n\n<p>11:00 am EST | 17h CET&nbsp;<\/p>\n\n\n\n<p>Break<\/p>\n\n\n\n<p>11:15 am EST | 17h15 CET<\/p>\n\n\n\n<p>Session II: The Sobibor Perpetrator Collection from the Perspectives of Perpetrators and Victims<\/p>\n\n\n\n<p>Moderator: Patricia Heberer Rice, Senior Historian, United States Holocaust Memorial Museum<\/p>\n\n\n\n<p>Presenters<\/p>\n\n\n\n<p>\u201cIt was the humiliation that hurt us the most\u201d: The Deportation of Dutch Jews to Sobibor<\/p>\n\n\n\n<p>Katja Happe, Director, KZ-Gedenk- und Begegnungsst\u00e4tte Ladelund<\/p>\n\n\n\n<p>Sobibor Reflected in Testimony and Visual Sources<\/p>\n\n\n\n<p>Anne Lepper, International School for Holocaust Studies Yad Vashem, Representative of the German-speaking countries Section; Staff Scholar, Bildungswerk Stanis\u0142aw Hantz; and <a href=\"http:\/\/ushmm.org\/lepper\">Former Institute for Contemporary History-Munich Jack, Joseph and Morton Mandel Center for Advanced Holocaust Studies Exchange Scholar<\/a><\/p>\n\n\n\n<p>Euthanasia, Aktion Reinhard, and Johann Niemann in the Sobibor Perpetrator Collection<\/p>\n\n\n\n<p>Andreas Kahrs, Staff Scholar, Bildungswerk Stanis\u0142aw Hantz<\/p>\n\n\n\n<p>Q&amp;A<\/p>\n\n\n\n<p>Closing Remarks<\/p>\n\n\n\n<p>Rebecca Boehling, Director, David M. Rubenstein National Institute for Holocaust Documentation, United States Holocaust Memorial Museum<\/p>\n\n\n\n<p>Lisa Leff, Director, Jack, Joseph and Morton Mandel Center for Advanced Holocaust Studies, United States Holocaust Memorial Museum<\/p>\n\n\n\n<p>Close at 12:30 pm EST | 18h30 CET<\/p>\n\n\n\n<p>This symposium has been made possible by the Jack, Joseph and Morton Mandel Center for Advanced Holocaust Studies at the United States Holocaust Memorial Museum, the Bildungswerk Stanis\u0142aw Hantz, and the Ludwigsburg Research Center at the University of Stuttgart. The publication of From \u201cEuthanasia\u201d to Sobibor: An SS-Officer&#8217;s Photo Collection has been made possible in part by the generous support of the Stichting Sobibor \/ Sobibor Foundation, Amsterdam.<\/p>\n\n\n\n<p>The organizers thank Semyon Rosenfeld and Selma Engel for their invaluable contributions to&nbsp; the research on the Sobibor Perpetrator Collection. This program is dedicated to them.<\/p>\n\n\n\n<p>The US Holocaust Memorial Museum\u2019s Jack, Joseph, and Morton Mandel Center\u2019s mission is to ensure the long-term growth and vitality of Holocaust Studies. To do that, it is essential to provide opportunities for new generations of scholars. The vitality and the integrity of Holocaust Studies requires openness, independence, and free inquiry so that new ideas are generated and tested through peer review and public debate. The opinions of scholars expressed before, during the course of, or after their activities with the Mandel Center do not represent and are not endorsed by the Museum or its Mandel Center.<\/p>\n\n\n\n<hr class=\"wp-block-separator\"\/>\n\n\n\n<p><a href=\"https:\/\/networks.h-net.org\/node\/9669\/discussions\/12321278\/virtual-symposium-nazi-killing-center-through-perpetrators-lens\">https:\/\/networks.h-net.org\/node\/9669\/discussions\/12321278\/virtual-symposium-nazi-killing-center-through-perpetrators-lens<\/a><\/p>\n\n\n\n<hr class=\"wp-block-separator\"\/>\n\n\n\n<p><\/p>\n","protected":false},"excerpt":{"rendered":"","protected":false},"author":2,"featured_media":12932,"comment_status":"open","ping_status":"open","sticky":false,"template":"","format":"standard","meta":{"_acf_changed":false,"_jetpack_newsletter_access":"","_jetpack_dont_email_post_to_subs":false,"_jetpack_newsletter_tier_id":0,"_jetpack_memberships_contains_paywalled_content":false,"_jetpack_memberships_contains_paid_content":false,"footnotes":"","jetpack_publicize_message":"","jetpack_publicize_feature_enabled":true,"jetpack_social_post_already_shared":true,"jetpack_social_options":{"image_generator_settings":{"template":"highway","default_image_id":0,"font":"","enabled":false},"version":2},"jetpack_post_was_ever_published":false},"categories":[3,9],"tags":[],"class_list":["post-34469","post","type-post","status-publish","format-standard","has-post-thumbnail","hentry","category-novosti","category-skupovi"],"acf":{"facebook_opis":""},"jetpack_publicize_connections":[],"jetpack_featured_media_url":"https:\/\/i0.wp.com\/historiografija.hr\/wp-content\/uploads\/2018\/12\/header-hnet.png?fit=583%2C143&ssl=1","jetpack_sharing_enabled":true,"jetpack-related-posts":[{"id":55072,"url":"https:\/\/historiografija.hr\/?p=55072","url_meta":{"origin":34469,"position":0},"title":"Victoria Khiterer, \u201eBitter War of Memory: The Babyn Yar Massacre, Aftermath, and Commemoration\u201c","author":"Branimir Jankovi\u0107","date":"25. kolovoza 2026.","format":false,"excerpt":"Bitter War of Memory: The Babyn Yar Massacre, Aftermath, and Commemoration\u00a0discusses the Holocaust in Kyiv and the efforts to memorialize the Babyn Yar massacre. Babyn Yar is one of the largest Holocaust sites in the Soviet Union and modern Ukraine, where the Nazis and their collaborators killed virtually all the\u2026","rel":"","context":"U &quot;Knjige&quot;","block_context":{"text":"Knjige","link":"https:\/\/historiografija.hr\/?cat=8"},"img":{"alt_text":"","src":"https:\/\/i0.wp.com\/historiografija.hr\/wp-content\/uploads\/2026\/08\/Bitter-War-of-Memory-2.jpg?fit=596%2C466&ssl=1&resize=350%2C200","width":350,"height":200,"srcset":"https:\/\/i0.wp.com\/historiografija.hr\/wp-content\/uploads\/2026\/08\/Bitter-War-of-Memory-2.jpg?fit=596%2C466&ssl=1&resize=350%2C200 1x, https:\/\/i0.wp.com\/historiografija.hr\/wp-content\/uploads\/2026\/08\/Bitter-War-of-Memory-2.jpg?fit=596%2C466&ssl=1&resize=525%2C300 1.5x"},"classes":[]},{"id":52736,"url":"https:\/\/historiografija.hr\/?p=52736","url_meta":{"origin":34469,"position":1},"title":"Playing God: Eugenics in Modern History, Gda\u0144sk, 18th\u201320th November 2026 (Deadline: 1st June 2026)","author":"Filip \u0160imunjak","date":"30. travnja 2026.","format":false,"excerpt":"The Museum of the Second World War in Gda\u0144sk (Poland) invites researchers, educators and others to take part in an interdisciplinary academic conference entitled \u2018Playing God: Eugenics in Modern History' (18th-20th November 2026) Playing God: Eugenics in Modern History The history of modern biological engineering and social control is inextricably\u2026","rel":"","context":"U &quot;Novosti&quot;","block_context":{"text":"Novosti","link":"https:\/\/historiografija.hr\/?cat=3"},"img":{"alt_text":"","src":"https:\/\/i0.wp.com\/historiografija.hr\/wp-content\/uploads\/2017\/10\/hsozkult.png?fit=1006%2C241&ssl=1&resize=350%2C200","width":350,"height":200,"srcset":"https:\/\/i0.wp.com\/historiografija.hr\/wp-content\/uploads\/2017\/10\/hsozkult.png?fit=1006%2C241&ssl=1&resize=350%2C200 1x, https:\/\/i0.wp.com\/historiografija.hr\/wp-content\/uploads\/2017\/10\/hsozkult.png?fit=1006%2C241&ssl=1&resize=525%2C300 1.5x, https:\/\/i0.wp.com\/historiografija.hr\/wp-content\/uploads\/2017\/10\/hsozkult.png?fit=1006%2C241&ssl=1&resize=700%2C400 2x"},"classes":[]},{"id":52625,"url":"https:\/\/historiografija.hr\/?p=52625","url_meta":{"origin":34469,"position":2},"title":"Omer Bartov, \u201eIsrael: What Went Wrong?\u201c","author":"Branimir Jankovi\u0107","date":"23. travnja 2026.","format":false,"excerpt":"Professor Omer Bartov was born on a kibbutz, grew up in Tel Aviv and served in the Israel Defence Forces during the Yom Kippur War. He went on to become an expert on the German army and the Holocaust, before turning his attention to his native country.In Israel: What Went\u2026","rel":"","context":"U &quot;Knjige&quot;","block_context":{"text":"Knjige","link":"https:\/\/historiografija.hr\/?cat=8"},"img":{"alt_text":"","src":"https:\/\/i0.wp.com\/historiografija.hr\/wp-content\/uploads\/2026\/04\/Bartov.jpeg?fit=320%2C500&ssl=1&resize=350%2C200","width":350,"height":200},"classes":[]},{"id":54420,"url":"https:\/\/historiografija.hr\/?p=54420","url_meta":{"origin":34469,"position":3},"title":"Anna H\u00e1jkov\u00e1, &#8220;Das letzte Ghetto. Eine Alltagsgeschichte von Theresienstadt&#8221;","author":"Branimir Jankovi\u0107","date":"2. srpnja 2026.","format":false,"excerpt":"W\u00e4hrend des Holocaust bildete sich in der H\u00e4ftlingsgesellschaft von Theresienstadt eine eigene soziale Hierarchie heraus. Dabei entschieden kleine Unterschiede zwischen den H\u00e4ftlingen \u2013 ihr Alter, ihre Herkunft oder ihre fr\u00fchere Arbeit \u2013 \u00fcber Leben und Tod. In den dreieinhalb Jahren des Bestehens des Lagers schufen die H\u00e4ftlinge ihre eigene Kultur\u2026","rel":"","context":"U &quot;Knjige&quot;","block_context":{"text":"Knjige","link":"https:\/\/historiografija.hr\/?cat=8"},"img":{"alt_text":"","src":"https:\/\/i0.wp.com\/historiografija.hr\/wp-content\/uploads\/2026\/07\/A_Hajkova.jpg?fit=789%2C685&ssl=1&resize=350%2C200","width":350,"height":200,"srcset":"https:\/\/i0.wp.com\/historiografija.hr\/wp-content\/uploads\/2026\/07\/A_Hajkova.jpg?fit=789%2C685&ssl=1&resize=350%2C200 1x, https:\/\/i0.wp.com\/historiografija.hr\/wp-content\/uploads\/2026\/07\/A_Hajkova.jpg?fit=789%2C685&ssl=1&resize=525%2C300 1.5x, https:\/\/i0.wp.com\/historiografija.hr\/wp-content\/uploads\/2026\/07\/A_Hajkova.jpg?fit=789%2C685&ssl=1&resize=700%2C400 2x"},"classes":[]},{"id":55016,"url":"https:\/\/historiografija.hr\/?p=55016","url_meta":{"origin":34469,"position":4},"title":"S\u00e9bastien Ledoux, \u201eThe Duty of Memory: Changing Language in the Era of Memory, 1970 \u2013 2010\u201c","author":"Branimir Jankovi\u0107","date":"19. kolovoza 2026.","format":false,"excerpt":"Within France, the expression \u201cduty of memory\u201d (devoir de m\u00e9moire)\u00a0speaks to a complex and ever-evolving relationship with the past. Emerging in the 1970s, this term raised questions about memorialization which dominated public debates in the 1990s, highlighting France\u2019s entanglements with colonialism and the Holocaust. Drawing on a variety of interviews,\u2026","rel":"","context":"U &quot;Knjige&quot;","block_context":{"text":"Knjige","link":"https:\/\/historiografija.hr\/?cat=8"},"img":{"alt_text":"","src":"https:\/\/i0.wp.com\/historiografija.hr\/wp-content\/uploads\/2026\/08\/The-Duty-of-Memory.jpg?fit=400%2C598&ssl=1&resize=350%2C200","width":350,"height":200},"classes":[]},{"id":55065,"url":"https:\/\/historiografija.hr\/?p=55065","url_meta":{"origin":34469,"position":5},"title":"Germany\u2019s History Wars: Contesting Memory and Identity Today","author":"Branimir Jankovi\u0107","date":"24. kolovoza 2026.","format":false,"excerpt":"Edited by J\u00fcrgen Zimmerer Like no other country\u2019s Germany\u2019s identity is shaped by its history or rather by the critical engagement with this history. The book traces the most important public debates on history since the new millennium thereby adding a mosaic of topics and perspectives to the memorial landscape\u2026","rel":"","context":"U &quot;E-knjige&quot;","block_context":{"text":"E-knjige","link":"https:\/\/historiografija.hr\/?cat=19"},"img":{"alt_text":"","src":"https:\/\/i0.wp.com\/historiografija.hr\/wp-content\/uploads\/2026\/08\/History-Wars-2.jpg?fit=800%2C593&ssl=1&resize=350%2C200","width":350,"height":200,"srcset":"https:\/\/i0.wp.com\/historiografija.hr\/wp-content\/uploads\/2026\/08\/History-Wars-2.jpg?fit=800%2C593&ssl=1&resize=350%2C200 1x, https:\/\/i0.wp.com\/historiografija.hr\/wp-content\/uploads\/2026\/08\/History-Wars-2.jpg?fit=800%2C593&ssl=1&resize=525%2C300 1.5x, https:\/\/i0.wp.com\/historiografija.hr\/wp-content\/uploads\/2026\/08\/History-Wars-2.jpg?fit=800%2C593&ssl=1&resize=700%2C400 2x"},"classes":[]}],"_links":{"self":[{"href":"https:\/\/historiografija.hr\/index.php?rest_route=\/wp\/v2\/posts\/34469","targetHints":{"allow":["GET"]}}],"collection":[{"href":"https:\/\/historiografija.hr\/index.php?rest_route=\/wp\/v2\/posts"}],"about":[{"href":"https:\/\/historiografija.hr\/index.php?rest_route=\/wp\/v2\/types\/post"}],"author":[{"embeddable":true,"href":"https:\/\/historiografija.hr\/index.php?rest_route=\/wp\/v2\/users\/2"}],"replies":[{"embeddable":true,"href":"https:\/\/historiografija.hr\/index.php?rest_route=%2Fwp%2Fv2%2Fcomments&post=34469"}],"version-history":[{"count":1,"href":"https:\/\/historiografija.hr\/index.php?rest_route=\/wp\/v2\/posts\/34469\/revisions"}],"predecessor-version":[{"id":34470,"href":"https:\/\/historiografija.hr\/index.php?rest_route=\/wp\/v2\/posts\/34469\/revisions\/34470"}],"wp:featuredmedia":[{"embeddable":true,"href":"https:\/\/historiografija.hr\/index.php?rest_route=\/wp\/v2\/media\/12932"}],"wp:attachment":[{"href":"https:\/\/historiografija.hr\/index.php?rest_route=%2Fwp%2Fv2%2Fmedia&parent=34469"}],"wp:term":[{"taxonomy":"category","embeddable":true,"href":"https:\/\/historiografija.hr\/index.php?rest_route=%2Fwp%2Fv2%2Fcategories&post=34469"},{"taxonomy":"post_tag","embeddable":true,"href":"https:\/\/historiografija.hr\/index.php?rest_route=%2Fwp%2Fv2%2Ftags&post=34469"}],"curies":[{"name":"wp","href":"https:\/\/api.w.org\/{rel}","templated":true}]}}