{"id":34465,"date":"2023-02-14T18:27:54","date_gmt":"2023-02-14T18:27:54","guid":{"rendered":"http:\/\/historiografija.hr\/?p=34465"},"modified":"2023-02-14T18:30:07","modified_gmt":"2023-02-14T18:30:07","slug":"davor-mandic-fojbe-mit-i-stvarnost-dvadeset-i-pet-dana-ustanicke-vlasti-u-istri-rujan-listopad-1943","status":"publish","type":"post","link":"https:\/\/historiografija.hr\/?p=34465","title":{"rendered":"Davor Mandi\u0107, \u201eFojbe &#8211; Mit i stvarnost. Dvadeset i pet dana ustani\u010dke vlasti u Istri (rujan &#8211; listopad 1943.)\u201c"},"content":{"rendered":"\n<p>Nakon kapitulacije Italije u rujnu 1943. godine razoru\u017eano je vi\u0161e tisu\u0107a talijanskih vojnika, fa\u0161ista, policajaca. Ve\u0107 ranije formirane narodnooslobodila\u010dke snage (KPH, KPS, istarski emigranti) oslobodile su gotovo cijelu Istru, osim Pule, Fa\u017eane, Vodnjana i Brijuna. Odluka ZAVNOH-a o priklju\u010denju Istre matici Hrvatskoj potvr\u0111ena je na Istarskom saboru u Pazinu, u rujnu 1943. godine. Ustani\u010dko preuzimanje vlasti u Istri pratili su problemi oko organizacije teritorija, procesuiranja osoba koje su vr\u0161ile teror nad hrvatskim i slovenskim stanovni\u0161tvom. S druge strane Tre\u0107i Reich formira operativnu zonu \u201eJadransko primorje\u201d, nacisti\u010dka Njema\u010dka u suradnji s ostacima talijanskih fa\u0161ista nastoji za sile Osovine zauzeti strate\u0161ki va\u017ean teritorij Istre. Autor, hrvatski povjesni\u010dar, problematiku stradanja i zlo\u010dina sagledava metodolo\u0161ki koriste\u0107i hrvatske, slovenske, talijanske i njema\u010dke izvore, stavljaju\u0107i ih u \u0161iri kontekst vojnih i politi\u010dkih zbivanja na tom podru\u010dju.<\/p>\n\n\n\n<hr class=\"wp-block-separator\"\/>\n\n\n\n<p>Kra\u0161ke i boksitne jame, zvane <em>fojbe<\/em> &#8211; grobi\u0161ta su stradalnika, nastala tijekom 25 dana ustani\u010dke vlasti u Istri, u rujnu i listopadu 1943. U knjizi se ovaj fenomen prvi put ra\u0161\u010dlanjuje u kontekstu op\u0107ih vojnih i politi\u010dkih prilika na ratom zahva\u0107enu prostoru. Ukazuju\u0107i na kontekst nastanka i djelovanja istra\u017enih povjerenstava i ustani\u010dkih vojnih sudova te usporedbom s vojnim sudovima drugih vojnih \u010dimbenika, autor analizira uzroke i slijed uhi\u0107enja i izvr\u0161enja brojnih smrtnih kazni. Prvi put se razmatraju gledi\u0161ta Crkve prema onodobnim doga\u0111ajima kao i odnos NDH prema Istri. Prilo\u017een je popis i broj kra\u0161kih i boksitnih jama, broj i popis ekshumiranih i identificiranih stradalnika te popis Istrana &#8211; Hrvata i Talijana &#8211; poginulih, strijeljanih i nestalih u sukobu s njema\u010dkom oru\u017eanom silom.<\/p>\n\n\n\n<p>Analiziraju\u0107i sve dostupne izvore (ustani\u010dke, talijanske i njema\u010dke policijsko-sigurnosne i vojne izvore, onodobni tisak, promid\u017ebene aktivnosti i sje\u0107anja sudionika te najbli\u017ee rodbine stradalnika), autor upu\u0107uje na bit problema, a tekst postaje objektivnom slikom onoga \u0161to se te te\u0161ke ratne godine stvarno doga\u0111alo.<\/p>\n\n\n\n<hr class=\"wp-block-separator\"\/>\n\n\n\n<p>Pula, Istarski ogranak Dru\u0161tva hrvatskih knji\u017eevnika, 2022., 560 str.<\/p>\n\n\n\n<hr class=\"wp-block-separator\"\/>\n\n\n\n<p>Izvori i dodatne informacije:<\/p>\n\n\n\n<figure class=\"wp-block-embed-wordpress wp-block-embed is-type-wp-embed is-provider-nova-stvarnost-knjizara-i-antikvarijat\"><div class=\"wp-block-embed__wrapper\">\n<blockquote class=\"wp-embedded-content\" data-secret=\"5J8a1NOzpI\"><a href=\"https:\/\/novastvarnost.hr\/p\/fojbe-mit-i-stvarnost\/\">Fojbe: mit i stvarnost<\/a><\/blockquote><iframe loading=\"lazy\" class=\"wp-embedded-content\" sandbox=\"allow-scripts\" security=\"restricted\" style=\"position: absolute; clip: rect(1px, 1px, 1px, 1px);\" title=\"&#8220;Fojbe: mit i stvarnost&#8221; &#8212; Nova stvarnost - knji\u017eara i antikvarijat\" src=\"https:\/\/novastvarnost.hr\/p\/fojbe-mit-i-stvarnost\/embed\/#?secret=jsY1BJTVof#?secret=5J8a1NOzpI\" data-secret=\"5J8a1NOzpI\" width=\"600\" height=\"338\" frameborder=\"0\" marginwidth=\"0\" marginheight=\"0\" scrolling=\"no\"><\/iframe>\n<\/div><\/figure>\n\n\n\n<p><a href=\"https:\/\/www.ljevak.hr\/davor-mandic\/28912-fojbe-mit-i-stvarnost.html\">https:\/\/www.ljevak.hr\/davor-mandic\/28912-fojbe-mit-i-stvarnost.html<\/a><\/p>\n\n\n\n<figure class=\"wp-block-embed-wordpress wp-block-embed is-type-wp-embed is-provider-gradska-knjiznica-quot-matija-vlacic-ilirik-quot-rovinj-rovigno\"><div class=\"wp-block-embed__wrapper\">\n<blockquote class=\"wp-embedded-content\" data-secret=\"awKNf5aMzq\"><a href=\"https:\/\/www.gk-rovinj.hr\/naslovi\/fojbe-mit-i-stvarnost\/\">FOJBE: Mit i stvarnost<\/a><\/blockquote><iframe loading=\"lazy\" class=\"wp-embedded-content\" sandbox=\"allow-scripts\" security=\"restricted\" style=\"position: absolute; clip: rect(1px, 1px, 1px, 1px);\" title=\"&#8220;FOJBE: Mit i stvarnost&#8221; &#8212; Gradska knji\u017enica &quot;Matija Vla\u010di\u0107 Ilirik&quot; Rovinj-Rovigno\" src=\"https:\/\/www.gk-rovinj.hr\/naslovi\/fojbe-mit-i-stvarnost\/embed\/#?secret=awKNf5aMzq\" data-secret=\"awKNf5aMzq\" width=\"600\" height=\"338\" frameborder=\"0\" marginwidth=\"0\" marginheight=\"0\" scrolling=\"no\"><\/iframe>\n<\/div><\/figure>\n\n\n\n<figure class=\"wp-block-embed-wordpress wp-block-embed is-type-wp-embed is-provider-stav\"><div class=\"wp-block-embed__wrapper\">\n<blockquote class=\"wp-embedded-content\" data-secret=\"MyhCtm4wex\"><a href=\"https:\/\/www.stav.com.hr\/tekuca-kritika\/ivo-goldstein-i-mihael-sobolevski-fojbe-mit-i-stvarnost-davor-mandic\/\">Ivo Goldstein i Mihael Sobolevski: FOJBE: MIT I STVARNOST \/ Davor Mandi\u0107<\/a><\/blockquote><iframe loading=\"lazy\" class=\"wp-embedded-content\" sandbox=\"allow-scripts\" security=\"restricted\" style=\"position: absolute; clip: rect(1px, 1px, 1px, 1px);\" title=\"&#8220;Ivo Goldstein i Mihael Sobolevski: FOJBE: MIT I STVARNOST \/ Davor Mandi\u0107&#8221; &#8212; STAV\" src=\"https:\/\/www.stav.com.hr\/tekuca-kritika\/ivo-goldstein-i-mihael-sobolevski-fojbe-mit-i-stvarnost-davor-mandic\/embed\/#?secret=MyhCtm4wex\" data-secret=\"MyhCtm4wex\" width=\"600\" height=\"338\" frameborder=\"0\" marginwidth=\"0\" marginheight=\"0\" scrolling=\"no\"><\/iframe>\n<\/div><\/figure>\n\n\n\n<p><a href=\"https:\/\/www.istra24.hr\/politika-i-drustvo\/fojbe-mit-i-stvarnost-predstavljena-knjiga-davora-mandica-o-jednoj-od-najvecih-trauma-i-tabu-tema-novije-istarske-povijesti\">https:\/\/www.istra24.hr\/politika-i-drustvo\/fojbe-mit-i-stvarnost-predstavljena-knjiga-davora-mandica-o-jednoj-od-najvecih-trauma-i-tabu-tema-novije-istarske-povijesti<\/a><\/p>\n\n\n\n<figure class=\"wp-block-embed-wordpress wp-block-embed is-type-wp-embed is-provider-autograf-hr\"><div class=\"wp-block-embed__wrapper\">\n<blockquote class=\"wp-embedded-content\" data-secret=\"zWVWvQPDbB\"><a href=\"https:\/\/www.autograf.hr\/fojbe-mit-i-stvarnost\/\">Fojbe, mit i stvarnost<\/a><\/blockquote><iframe loading=\"lazy\" class=\"wp-embedded-content\" sandbox=\"allow-scripts\" security=\"restricted\" style=\"position: absolute; clip: rect(1px, 1px, 1px, 1px);\" title=\"&#8220;Fojbe, mit i stvarnost&#8221; &#8212; autograf.hr\" src=\"https:\/\/www.autograf.hr\/fojbe-mit-i-stvarnost\/embed\/#?secret=zWVWvQPDbB\" data-secret=\"zWVWvQPDbB\" width=\"600\" height=\"338\" frameborder=\"0\" marginwidth=\"0\" marginheight=\"0\" scrolling=\"no\"><\/iframe>\n<\/div><\/figure>\n\n\n\n<p><a href=\"https:\/\/www.glasistre.hr\/istra\/milan-rakovac-pisac-publicist-i-novinar-o-novoj-knjizi-davora-mandica-823822\">https:\/\/www.glasistre.hr\/istra\/milan-rakovac-pisac-publicist-i-novinar-o-novoj-knjizi-davora-mandica-823822<\/a><\/p>\n\n\n\n<figure class=\"wp-block-embed-wordpress wp-block-embed is-type-wp-embed is-provider-savez-antifasistickih-boraca-i-antifasista-republike-hrvatske\"><div class=\"wp-block-embed__wrapper\">\n<blockquote class=\"wp-embedded-content\" data-secret=\"0WTDkxNKus\"><a href=\"https:\/\/sabh.hr\/pretjerani-hvalospjevi-milana-rakovca-o-knjizi-i-autoru-koji-se-nije-bavio-proucavanjem-zrtava-kraskih-jama%ef%bf%bc\/\">Pretjerani hvalospjevi Milana Rakovca o knjizi i autoru koji se nije bavio prou\u010davanjem \u017ertava kra\u0161kih jama!<\/a><\/blockquote><iframe loading=\"lazy\" class=\"wp-embedded-content\" sandbox=\"allow-scripts\" security=\"restricted\" style=\"position: absolute; clip: rect(1px, 1px, 1px, 1px);\" title=\"&#8220;Pretjerani hvalospjevi Milana Rakovca o knjizi i autoru koji se nije bavio prou\u010davanjem \u017ertava kra\u0161kih jama!&#8221; &#8212; Savez antifa\u0161isti\u010dkih boraca i antifa\u0161ista Republike Hrvatske\" src=\"https:\/\/sabh.hr\/pretjerani-hvalospjevi-milana-rakovca-o-knjizi-i-autoru-koji-se-nije-bavio-proucavanjem-zrtava-kraskih-jama%ef%bf%bc\/embed\/#?secret=lGehi2sZTV#?secret=0WTDkxNKus\" data-secret=\"0WTDkxNKus\" width=\"600\" height=\"338\" frameborder=\"0\" marginwidth=\"0\" marginheight=\"0\" scrolling=\"no\"><\/iframe>\n<\/div><\/figure>\n\n\n\n<p><a href=\"https:\/\/www.portalnovosti.com\/fojbe-mit-i-stvarnost\">https:\/\/www.portalnovosti.com\/fojbe-mit-i-stvarnost<\/a><\/p>\n\n\n\n<hr class=\"wp-block-separator\"\/>\n","protected":false},"excerpt":{"rendered":"","protected":false},"author":2,"featured_media":34466,"comment_status":"open","ping_status":"open","sticky":false,"template":"","format":"standard","meta":{"_acf_changed":false,"jetpack_post_was_ever_published":false,"_jetpack_newsletter_access":"","_jetpack_dont_email_post_to_subs":false,"_jetpack_newsletter_tier_id":0,"_jetpack_memberships_contains_paywalled_content":false,"_jetpack_memberships_contains_paid_content":false,"footnotes":"","jetpack_publicize_message":"","jetpack_publicize_feature_enabled":true,"jetpack_social_post_already_shared":true,"jetpack_social_options":{"image_generator_settings":{"template":"highway","default_image_id":0,"font":"","enabled":false},"version":2}},"categories":[8,3],"tags":[],"class_list":["post-34465","post","type-post","status-publish","format-standard","has-post-thumbnail","hentry","category-knjige","category-novosti"],"acf":{"facebook_opis":""},"jetpack_publicize_connections":[],"jetpack_featured_media_url":"https:\/\/i0.wp.com\/historiografija.hr\/wp-content\/uploads\/2023\/02\/fojbe.jpg?fit=570%2C678&ssl=1","jetpack_sharing_enabled":true,"jetpack-related-posts":[],"_links":{"self":[{"href":"https:\/\/historiografija.hr\/index.php?rest_route=\/wp\/v2\/posts\/34465","targetHints":{"allow":["GET"]}}],"collection":[{"href":"https:\/\/historiografija.hr\/index.php?rest_route=\/wp\/v2\/posts"}],"about":[{"href":"https:\/\/historiografija.hr\/index.php?rest_route=\/wp\/v2\/types\/post"}],"author":[{"embeddable":true,"href":"https:\/\/historiografija.hr\/index.php?rest_route=\/wp\/v2\/users\/2"}],"replies":[{"embeddable":true,"href":"https:\/\/historiografija.hr\/index.php?rest_route=%2Fwp%2Fv2%2Fcomments&post=34465"}],"version-history":[{"count":2,"href":"https:\/\/historiografija.hr\/index.php?rest_route=\/wp\/v2\/posts\/34465\/revisions"}],"predecessor-version":[{"id":34468,"href":"https:\/\/historiografija.hr\/index.php?rest_route=\/wp\/v2\/posts\/34465\/revisions\/34468"}],"wp:featuredmedia":[{"embeddable":true,"href":"https:\/\/historiografija.hr\/index.php?rest_route=\/wp\/v2\/media\/34466"}],"wp:attachment":[{"href":"https:\/\/historiografija.hr\/index.php?rest_route=%2Fwp%2Fv2%2Fmedia&parent=34465"}],"wp:term":[{"taxonomy":"category","embeddable":true,"href":"https:\/\/historiografija.hr\/index.php?rest_route=%2Fwp%2Fv2%2Fcategories&post=34465"},{"taxonomy":"post_tag","embeddable":true,"href":"https:\/\/historiografija.hr\/index.php?rest_route=%2Fwp%2Fv2%2Ftags&post=34465"}],"curies":[{"name":"wp","href":"https:\/\/api.w.org\/{rel}","templated":true}]}}