{"id":34462,"date":"2023-02-14T18:07:29","date_gmt":"2023-02-14T18:07:29","guid":{"rendered":"http:\/\/historiografija.hr\/?p=34462"},"modified":"2023-02-14T18:07:29","modified_gmt":"2023-02-14T18:07:29","slug":"dragan-markovina-14-februar-1945","status":"publish","type":"post","link":"https:\/\/historiografija.hr\/?p=34462","title":{"rendered":"Dragan Markovina, \u201e14. februar 1945.\u201c"},"content":{"rendered":"\n<p>Izdava\u010dka ku\u0107a Art Rabic iz Sarajeva objavila je 2022. godine knjigu Dragana Markovine \u201e14. februar 1945.\u201c<\/p>\n\n\n\n<p>Rije\u010d je o romanu posve\u0107enom Danu oslobo\u0111enja Mostara od fa\u0161izma. Slika je to grada unutar ta 24 sata, opisana kroz 27 poglavlja koji prate \u010detrdesetak, uglavnom stvarnih ljudi svih nacionalnosti i ideolo\u0161kih opredijeljenja, pobjednika i gubitnika, i bavi se s tim kako su oni do\u017eivjeli taj dan.<\/p>\n\n\n\n<hr class=\"wp-block-separator\"\/>\n\n\n\n<p>Izvori i dodatne obavijesti:<\/p>\n\n\n\n<p><a href=\"https:\/\/historiografija.ba\/article.php?id=1643\">https:\/\/historiografija.ba\/article.php?id=1643<\/a><\/p>\n\n\n\n<p><a href=\"https:\/\/www.zurnal.info\/clanak\/predrag\/25661\">https:\/\/www.zurnal.info\/clanak\/predrag\/25661<\/a><\/p>\n\n\n\n<hr class=\"wp-block-separator\"\/>\n","protected":false},"excerpt":{"rendered":"","protected":false},"author":2,"featured_media":34463,"comment_status":"open","ping_status":"open","sticky":false,"template":"","format":"standard","meta":{"_acf_changed":false,"jetpack_post_was_ever_published":false,"_jetpack_newsletter_access":"","_jetpack_dont_email_post_to_subs":false,"_jetpack_newsletter_tier_id":0,"_jetpack_memberships_contains_paywalled_content":false,"_jetpack_memberships_contains_paid_content":false,"footnotes":"","jetpack_publicize_message":"","jetpack_publicize_feature_enabled":true,"jetpack_social_post_already_shared":true,"jetpack_social_options":{"image_generator_settings":{"template":"highway","default_image_id":0,"font":"","enabled":false},"version":2}},"categories":[3,12],"tags":[],"class_list":["post-34462","post","type-post","status-publish","format-standard","has-post-thumbnail","hentry","category-novosti","category-knjizevnost"],"acf":{"facebook_opis":""},"jetpack_publicize_connections":[],"jetpack_featured_media_url":"https:\/\/i0.wp.com\/historiografija.hr\/wp-content\/uploads\/2023\/02\/roman-markovina.jpg?fit=800%2C600&ssl=1","jetpack_sharing_enabled":true,"jetpack-related-posts":[],"_links":{"self":[{"href":"https:\/\/historiografija.hr\/index.php?rest_route=\/wp\/v2\/posts\/34462","targetHints":{"allow":["GET"]}}],"collection":[{"href":"https:\/\/historiografija.hr\/index.php?rest_route=\/wp\/v2\/posts"}],"about":[{"href":"https:\/\/historiografija.hr\/index.php?rest_route=\/wp\/v2\/types\/post"}],"author":[{"embeddable":true,"href":"https:\/\/historiografija.hr\/index.php?rest_route=\/wp\/v2\/users\/2"}],"replies":[{"embeddable":true,"href":"https:\/\/historiografija.hr\/index.php?rest_route=%2Fwp%2Fv2%2Fcomments&post=34462"}],"version-history":[{"count":1,"href":"https:\/\/historiografija.hr\/index.php?rest_route=\/wp\/v2\/posts\/34462\/revisions"}],"predecessor-version":[{"id":34464,"href":"https:\/\/historiografija.hr\/index.php?rest_route=\/wp\/v2\/posts\/34462\/revisions\/34464"}],"wp:featuredmedia":[{"embeddable":true,"href":"https:\/\/historiografija.hr\/index.php?rest_route=\/wp\/v2\/media\/34463"}],"wp:attachment":[{"href":"https:\/\/historiografija.hr\/index.php?rest_route=%2Fwp%2Fv2%2Fmedia&parent=34462"}],"wp:term":[{"taxonomy":"category","embeddable":true,"href":"https:\/\/historiografija.hr\/index.php?rest_route=%2Fwp%2Fv2%2Fcategories&post=34462"},{"taxonomy":"post_tag","embeddable":true,"href":"https:\/\/historiografija.hr\/index.php?rest_route=%2Fwp%2Fv2%2Ftags&post=34462"}],"curies":[{"name":"wp","href":"https:\/\/api.w.org\/{rel}","templated":true}]}}