{"id":34422,"date":"2023-02-10T15:51:22","date_gmt":"2023-02-10T15:51:22","guid":{"rendered":"http:\/\/historiografija.hr\/?p=34422"},"modified":"2023-02-10T15:52:21","modified_gmt":"2023-02-10T15:52:21","slug":"poziv-za-prijavu-na-konferenciju-zene-jucer-danas-sutra","status":"publish","type":"post","link":"https:\/\/historiografija.hr\/?p=34422","title":{"rendered":"Poziv za prijavu na konferenciju \u201c\u017dene ju\u010der, danas, sutra\u201d"},"content":{"rendered":"\n<p>Konferencija ,,\u017dene ju\u010der, danas, sutra&#8221; odr\u017eat \u0107e se 8. i 9. o\u017eujka 2023. godine na Filozofskom fakultetu u Osijeku.<\/p>\n\n\n\n<p>Konferencija je interdisciplinarnog karaktera i na njoj \u0107e sudjelovati studenti, profesori i vanjski izlaga\u010di iz razli\u010ditih podru\u010dja.<\/p>\n\n\n\n<p>Rok prijave: 14. velja\u010de 2023.<\/p>\n\n\n\n<figure class=\"wp-block-image size-large\"><img data-recalc-dims=\"1\" loading=\"lazy\" decoding=\"async\" width=\"860\" height=\"645\" data-attachment-id=\"34423\" data-permalink=\"https:\/\/historiografija.hr\/?attachment_id=34423\" data-orig-file=\"https:\/\/i0.wp.com\/historiografija.hr\/wp-content\/uploads\/2023\/02\/Zene-jucer-danas-sutra.jpg?fit=1536%2C1152&amp;ssl=1\" data-orig-size=\"1536,1152\" data-comments-opened=\"1\" data-image-meta=\"{&quot;aperture&quot;:&quot;0&quot;,&quot;credit&quot;:&quot;&quot;,&quot;camera&quot;:&quot;&quot;,&quot;caption&quot;:&quot;&quot;,&quot;created_timestamp&quot;:&quot;0&quot;,&quot;copyright&quot;:&quot;&quot;,&quot;focal_length&quot;:&quot;0&quot;,&quot;iso&quot;:&quot;0&quot;,&quot;shutter_speed&quot;:&quot;0&quot;,&quot;title&quot;:&quot;&quot;,&quot;orientation&quot;:&quot;0&quot;}\" data-image-title=\"Zene-jucer-danas-sutra\" data-image-description=\"\" data-image-caption=\"\" data-large-file=\"https:\/\/i0.wp.com\/historiografija.hr\/wp-content\/uploads\/2023\/02\/Zene-jucer-danas-sutra.jpg?fit=860%2C645&amp;ssl=1\" src=\"https:\/\/i0.wp.com\/historiografija.hr\/wp-content\/uploads\/2023\/02\/Zene-jucer-danas-sutra.jpg?resize=860%2C645&#038;ssl=1\" alt=\"\" class=\"wp-image-34423\" srcset=\"https:\/\/i0.wp.com\/historiografija.hr\/wp-content\/uploads\/2023\/02\/Zene-jucer-danas-sutra.jpg?resize=1024%2C768&amp;ssl=1 1024w, https:\/\/i0.wp.com\/historiografija.hr\/wp-content\/uploads\/2023\/02\/Zene-jucer-danas-sutra.jpg?resize=300%2C225&amp;ssl=1 300w, https:\/\/i0.wp.com\/historiografija.hr\/wp-content\/uploads\/2023\/02\/Zene-jucer-danas-sutra.jpg?resize=768%2C576&amp;ssl=1 768w, https:\/\/i0.wp.com\/historiografija.hr\/wp-content\/uploads\/2023\/02\/Zene-jucer-danas-sutra.jpg?w=1536&amp;ssl=1 1536w\" sizes=\"auto, (max-width: 860px) 100vw, 860px\" \/><\/figure>\n\n\n\n<hr class=\"wp-block-separator\"\/>\n\n\n\n<p>Izvor:<\/p>\n\n\n\n<p><a href=\"https:\/\/www.ffos.unios.hr\/konferencija-zene-jucer-danas-sutra\/\">https:\/\/www.ffos.unios.hr\/konferencija-zene-jucer-danas-sutra\/<\/a><\/p>\n\n\n\n<hr class=\"wp-block-separator\"\/>\n","protected":false},"excerpt":{"rendered":"","protected":false},"author":2,"featured_media":34423,"comment_status":"open","ping_status":"open","sticky":false,"template":"","format":"standard","meta":{"_acf_changed":false,"jetpack_post_was_ever_published":false,"_jetpack_newsletter_access":"","_jetpack_dont_email_post_to_subs":false,"_jetpack_newsletter_tier_id":0,"_jetpack_memberships_contains_paywalled_content":false,"_jetpack_memberships_contains_paid_content":false,"footnotes":"","jetpack_publicize_message":"","jetpack_publicize_feature_enabled":true,"jetpack_social_post_already_shared":true,"jetpack_social_options":{"image_generator_settings":{"template":"highway","default_image_id":0,"font":"","enabled":false},"version":2}},"categories":[3,9],"tags":[],"class_list":["post-34422","post","type-post","status-publish","format-standard","has-post-thumbnail","hentry","category-novosti","category-skupovi"],"acf":{"facebook_opis":""},"jetpack_publicize_connections":[],"jetpack_featured_media_url":"https:\/\/i0.wp.com\/historiografija.hr\/wp-content\/uploads\/2023\/02\/Zene-jucer-danas-sutra.jpg?fit=1536%2C1152&ssl=1","jetpack_sharing_enabled":true,"jetpack-related-posts":[],"_links":{"self":[{"href":"https:\/\/historiografija.hr\/index.php?rest_route=\/wp\/v2\/posts\/34422","targetHints":{"allow":["GET"]}}],"collection":[{"href":"https:\/\/historiografija.hr\/index.php?rest_route=\/wp\/v2\/posts"}],"about":[{"href":"https:\/\/historiografija.hr\/index.php?rest_route=\/wp\/v2\/types\/post"}],"author":[{"embeddable":true,"href":"https:\/\/historiografija.hr\/index.php?rest_route=\/wp\/v2\/users\/2"}],"replies":[{"embeddable":true,"href":"https:\/\/historiografija.hr\/index.php?rest_route=%2Fwp%2Fv2%2Fcomments&post=34422"}],"version-history":[{"count":2,"href":"https:\/\/historiografija.hr\/index.php?rest_route=\/wp\/v2\/posts\/34422\/revisions"}],"predecessor-version":[{"id":34425,"href":"https:\/\/historiografija.hr\/index.php?rest_route=\/wp\/v2\/posts\/34422\/revisions\/34425"}],"wp:featuredmedia":[{"embeddable":true,"href":"https:\/\/historiografija.hr\/index.php?rest_route=\/wp\/v2\/media\/34423"}],"wp:attachment":[{"href":"https:\/\/historiografija.hr\/index.php?rest_route=%2Fwp%2Fv2%2Fmedia&parent=34422"}],"wp:term":[{"taxonomy":"category","embeddable":true,"href":"https:\/\/historiografija.hr\/index.php?rest_route=%2Fwp%2Fv2%2Fcategories&post=34422"},{"taxonomy":"post_tag","embeddable":true,"href":"https:\/\/historiografija.hr\/index.php?rest_route=%2Fwp%2Fv2%2Ftags&post=34422"}],"curies":[{"name":"wp","href":"https:\/\/api.w.org\/{rel}","templated":true}]}}