{"id":34416,"date":"2023-02-10T15:37:29","date_gmt":"2023-02-10T15:37:29","guid":{"rendered":"http:\/\/historiografija.hr\/?p=34416"},"modified":"2023-02-10T15:38:56","modified_gmt":"2023-02-10T15:38:56","slug":"zeljko-karaula-bjelovar-i-hrvatska-u-srcu-zeljko-sabol-pjesnik-likovni-kriticar-proljecar-leksikograf-prilozi-za-biografiju","status":"publish","type":"post","link":"https:\/\/historiografija.hr\/?p=34416","title":{"rendered":"\u017deljko Karaula, \u201eBjelovar i Hrvatska u srcu. \u017deljko Sabol: pjesnik, likovni kriti\u010dar, prolje\u0107ar, leksikograf. Prilozi za biografiju\u201c"},"content":{"rendered":"\n<p>Ogranak Matice hrvatske iz Bjelovara kao nakladnik (sunakladnici Dru\u0161tvo hrvatskih knji\u017eevnika, Narodna knji\u017enica &#8220;Petar Preradovi\u0107&#8221; Bjelovar, Dru\u017eba &#8220;Bra\u0107a hrvatskog zmaja&#8221; &#8211; Zmajski stol Bjelovar)\u00a0 je objavilo knjigu \u017deljka Karaule o bjelovarskom pjesniku, likovnom kriti\u010daru, sudioniku &#8220;hrvatskog prolje\u0107a&#8221; te leksikografu \u017deljku Sabolu (1941.-1991.) pomalo legendarnoj figuri bjelovarske kulturne (s tim povezano donekle i politi\u010dke) scene 1960-ih i 1970-ih godina. <\/p>\n\n\n\n<p>Izdvajamo iz recenzije dr. Vjenceslava Herouta: &#8220;Autor \u017deljko Karaula na osnovu brojnih sa\u010duvanih izvora znanstveno oslikava \u017eivotni put i kulturni rad \u017deljka Sabola od djetinjstva do njegove smrti. Jednim lepr\u0161avim stilom vodi nas kroz brojne etape u njegovom \u017eivotu. Jedna me\u0111u prvima je kada je kao dijete pratio jedne poslijeratne izbore, zatim prati njegovo \u0161kolovanje, prve njegove pjesme, slikarske poku\u0161aje i godine mladosti. Posebno je vi\u0161e zanimljivih prikaza iz njegovih gimnazijskih dana u kojima je Sabol susre\u0107e s brojnim li\u010dnostima iz politi\u010dkog i kulturnog \u017eivota. Nakon toga nastavio je studij povijesti umjetnosti i komparativne knji\u017eevnosti na Filozofskom fakultetu u Zagrebu. U Zagrebu je na\u0161ao svoj drugi dom, stekao je niz prijatelja i upoznao brojne kulturne djelatnike Zagreba. Kao student pisao je svoje priloge u \u201eStudentski list&#8221; i \u201ePolet&#8221;. Nakon zavr\u0161enog studija radio je kao kustos Gradskog muzeja u Bjelovaru, nastavio pisati tekstove za \u0161ansone koje su pjevali poznati hrvatski pjeva\u010di. Godina 1971. dodatno je promijenila \u017eivot \u017deljku Sabolu. Kao \u010dlan Matice hrvatske bio je jedan od progonjenih bjelovarskih prolje\u0107ara. Iz opisa u knjizi doznajemo ne samo o njemu nego i brojnim kulturnim i politi\u010dkim previranjima u Bjelovara od konca 1971. godine. Iako ni on nije izbjegao hajku protiv prolje\u0107ara, ipak je zahvaljuju\u0107i svjedo\u010denju uglednih intelektualaca i kulturnih djelatnika iz Zagreba, optu\u017eba protiv njega zbog sadr\u017eaja njegove pjesme \u201eKada izgovorim tvoje ime&#8221; bila odba\u010dena. Nakon njegova samoubojstva 1991. Sabolovo ime kao pjesnika ulazi u hrvatsku nacionalnu mitologiju.&#8221;\u00a0<\/p>\n\n\n\n<hr class=\"wp-block-separator\"\/>\n\n\n\n<div class=\"wp-block-file\"><a href=\"https:\/\/historiografija.hr\/wp-content\/uploads\/2023\/02\/Korice-Sabol.pdf\">Korice-Sabol<\/a><a href=\"https:\/\/historiografija.hr\/wp-content\/uploads\/2023\/02\/Korice-Sabol.pdf\" class=\"wp-block-file__button\" download>Preuzmi<\/a><\/div>\n\n\n\n<hr class=\"wp-block-separator\"\/>\n","protected":false},"excerpt":{"rendered":"","protected":false},"author":2,"featured_media":34417,"comment_status":"open","ping_status":"open","sticky":false,"template":"","format":"standard","meta":{"_acf_changed":false,"jetpack_post_was_ever_published":false,"_jetpack_newsletter_access":"","_jetpack_dont_email_post_to_subs":false,"_jetpack_newsletter_tier_id":0,"_jetpack_memberships_contains_paywalled_content":false,"_jetpack_memberships_contains_paid_content":false,"footnotes":"","jetpack_publicize_message":"","jetpack_publicize_feature_enabled":true,"jetpack_social_post_already_shared":true,"jetpack_social_options":{"image_generator_settings":{"template":"highway","default_image_id":0,"font":"","enabled":false},"version":2}},"categories":[8,3],"tags":[],"class_list":["post-34416","post","type-post","status-publish","format-standard","has-post-thumbnail","hentry","category-knjige","category-novosti"],"acf":{"facebook_opis":""},"jetpack_publicize_connections":[],"jetpack_featured_media_url":"https:\/\/i0.wp.com\/historiografija.hr\/wp-content\/uploads\/2023\/02\/SABOL-scaled.jpg?fit=2560%2C1012&ssl=1","jetpack_sharing_enabled":true,"jetpack-related-posts":[],"_links":{"self":[{"href":"https:\/\/historiografija.hr\/index.php?rest_route=\/wp\/v2\/posts\/34416","targetHints":{"allow":["GET"]}}],"collection":[{"href":"https:\/\/historiografija.hr\/index.php?rest_route=\/wp\/v2\/posts"}],"about":[{"href":"https:\/\/historiografija.hr\/index.php?rest_route=\/wp\/v2\/types\/post"}],"author":[{"embeddable":true,"href":"https:\/\/historiografija.hr\/index.php?rest_route=\/wp\/v2\/users\/2"}],"replies":[{"embeddable":true,"href":"https:\/\/historiografija.hr\/index.php?rest_route=%2Fwp%2Fv2%2Fcomments&post=34416"}],"version-history":[{"count":3,"href":"https:\/\/historiografija.hr\/index.php?rest_route=\/wp\/v2\/posts\/34416\/revisions"}],"predecessor-version":[{"id":34421,"href":"https:\/\/historiografija.hr\/index.php?rest_route=\/wp\/v2\/posts\/34416\/revisions\/34421"}],"wp:featuredmedia":[{"embeddable":true,"href":"https:\/\/historiografija.hr\/index.php?rest_route=\/wp\/v2\/media\/34417"}],"wp:attachment":[{"href":"https:\/\/historiografija.hr\/index.php?rest_route=%2Fwp%2Fv2%2Fmedia&parent=34416"}],"wp:term":[{"taxonomy":"category","embeddable":true,"href":"https:\/\/historiografija.hr\/index.php?rest_route=%2Fwp%2Fv2%2Fcategories&post=34416"},{"taxonomy":"post_tag","embeddable":true,"href":"https:\/\/historiografija.hr\/index.php?rest_route=%2Fwp%2Fv2%2Ftags&post=34416"}],"curies":[{"name":"wp","href":"https:\/\/api.w.org\/{rel}","templated":true}]}}