{"id":34409,"date":"2023-02-09T20:05:46","date_gmt":"2023-02-09T20:05:46","guid":{"rendered":"http:\/\/historiografija.hr\/?p=34409"},"modified":"2023-02-09T20:05:46","modified_gmt":"2023-02-09T20:05:46","slug":"poziv-za-prijavu-na-medunarodnu-znanstvenu-konferenciju-re-interpreting-the-first-world-war-cultural-memory","status":"publish","type":"post","link":"https:\/\/historiografija.hr\/?p=34409","title":{"rendered":"Poziv za prijavu na me\u0111unarodnu znanstvenu konferenciju \u201cRe-Interpreting the First World War Cultural Memory\u201c"},"content":{"rendered":"\n<p><strong>Pozivamo Vas da sudjelujete na me\u0111unarodnoj znanstvenoj konferenciji \u201cRe-Interpreting the First World War Cultural Memory: Sites of Memory, Rituals, Symbols and Commemorative Practices\u201d koju organizira Institut dru\u0161tvenih znanosti Ivo Pilar u suradnji s Maticom hrvatskom i Hrvatskom maticom iseljenika. Me\u0111unarodna znanstvena konferencija odr\u017eat \u0107e se u Zagrebu 29. \u2013 30. rujna 2023. godine<\/strong><\/p>\n\n\n\n<p>\u2013 <a href=\"https:\/\/www.pilar.hr\/wp-content\/uploads\/2023\/02\/Call_for_papers_Zg_conference_2023.pdf\">Call for International Scientific Conference RE-INTERPRETING THE FIRST WORLD WAR CULTURAL MEMORY, September 29-30, 2023<\/a><\/p>\n\n\n\n<p>Konferencija je sastavni dio znanstvenoistra\u017eiva\u010dkog projekta Prvi svjetski rat u kulturi sje\u0107anja \u2013 Zaboravljena ba\u0161tina (IP-2019-04-5897), a financira ga Hrvatska zaklada za znanosti.<\/p>\n\n\n\n<p>U okviru ove konferencije \u017eeli se progovoriti o kulturi sje\u0107anja na Prvi svjetski rat ne samo iz me\u0111unarodne perspektive nego i na razini provedenih istra\u017eivanja i novih znanstvenih spoznaja o hrvatskoj kulturi sje\u0107anja na Veliki rat po njegovom zavr\u0161etku. Jezik konferencije je engleski. Uvodna predavanja odr\u017eati \u0107e Jay Winter i John P. Newman.<\/p>\n\n\n\n<p>Potencijalne sudionike se moli da svoje prijave dostave na e-mail adresu dr. sc. Sandre Cviki\u0107 (sandra.cvikic@pilar.hr ) najkasnije do 15. o\u017eujka 2023. godine u skladu s dolje navedenim uputama poziva. Prijavljeni izlaga\u010di biti \u0107e obavije\u0161teni o prihva\u0107anju ili odbijanju poslanih sa\u017eetaka najkasnije do 31. o\u017eujka 2023. godine.<\/p>\n\n\n\n<p><strong><em>International Scientific Conference<\/em><\/strong><br><strong><em>RE-INTERPRETING THE FIRST WORLD WAR CULTURAL MEMORY<\/em><\/strong><br><strong><em>September 29-30, 2023<\/em><\/strong><br><strong><em>Institute of Social Sciences Ivo Pilar, Zagreb, Croatia<\/em><\/strong><\/p>\n\n\n\n<p><em>We invite you to participate in the international scientific conference \u201cRe-Interpreting the First World War Cultural Memory\u201d organized by the Institute of Social Sciences Ivo Pilar, Matica hrvatska and Croatian Heritage Foundation on September 29 \u2013 30, 2023. The conference venue is in Zagreb. This conference is an integral part of the national research project IP-2019-04-5897 The First World War in the Culture of Memory. Forgotten Heritage financed by the Croatian Science Foundation.<\/em><\/p>\n\n\n\n<p><em>The First World War as a subject will be discussed not only from an international perspective, but also on the level of new research and scientific findings about Croatian cultural memory in the aftermath of the Great War. The language of the conference is English. Introductory lectures are given by Jay Winter and John P. Newman.<\/em><\/p>\n\n\n\n<p><em>Participants are asked to send their proposals to dr.sc. Sandra Cviki\u0107 (sandra.cvikic@pilar.hr ) by March 15, 2023, as indicated in the Call for Papers. Submissions will be reviewed, and confirmations sent to respective participants by e-mail on March 31, 2023.<\/em><\/p>\n\n\n\n<p><a href=\"https:\/\/www.pilar.hr\/2020\/01\/prvi-svjetski-rat-u-kulturi-sjecanja-zaboravljena-bastina\/\">Projekt Prvi svjetski rat u kulturi sje\u0107anja<\/a><\/p>\n\n\n\n<hr class=\"wp-block-separator\"\/>\n\n\n\n<p>Izvor:<\/p>\n\n\n\n<figure class=\"wp-block-embed-wordpress wp-block-embed is-type-wp-embed is-provider-institut-drustvenih-znanosti-ivo-pilar\"><div class=\"wp-block-embed__wrapper\">\n<blockquote class=\"wp-embedded-content\" data-secret=\"HSvQIZASqA\"><a href=\"https:\/\/www.pilar.hr\/2023\/02\/poziv-na-medunarodnu-znanstvenu-konferenciju-re-interpreting-the-first-world-war-cultural-memory-prijave-do-15-3-2023\/\">Poziv na me\u0111unarodnu znanstvenu konferenciju RE-INTERPRETING THE FIRST WORLD WAR CULTURAL MEMORY &#8211; Prijave do 15. 3. 2023.<\/a><\/blockquote><iframe loading=\"lazy\" class=\"wp-embedded-content\" sandbox=\"allow-scripts\" security=\"restricted\" style=\"position: absolute; clip: rect(1px, 1px, 1px, 1px);\" title=\"&#8220;Poziv na me\u0111unarodnu znanstvenu konferenciju RE-INTERPRETING THE FIRST WORLD WAR CULTURAL MEMORY &#8211; Prijave do 15. 3. 2023.&#8221; &#8212; Institut dru\u0161tvenih znanosti Ivo Pilar\" src=\"https:\/\/www.pilar.hr\/2023\/02\/poziv-na-medunarodnu-znanstvenu-konferenciju-re-interpreting-the-first-world-war-cultural-memory-prijave-do-15-3-2023\/embed\/#?secret=9nlXY840Mo#?secret=HSvQIZASqA\" data-secret=\"HSvQIZASqA\" width=\"600\" height=\"338\" frameborder=\"0\" marginwidth=\"0\" marginheight=\"0\" scrolling=\"no\"><\/iframe>\n<\/div><\/figure>\n\n\n\n<hr class=\"wp-block-separator\"\/>\n","protected":false},"excerpt":{"rendered":"","protected":false},"author":2,"featured_media":34410,"comment_status":"open","ping_status":"open","sticky":false,"template":"","format":"standard","meta":{"_acf_changed":false,"jetpack_post_was_ever_published":false,"_jetpack_newsletter_access":"","_jetpack_dont_email_post_to_subs":false,"_jetpack_newsletter_tier_id":0,"_jetpack_memberships_contains_paywalled_content":false,"_jetpack_memberships_contains_paid_content":false,"footnotes":"","jetpack_publicize_message":"","jetpack_publicize_feature_enabled":true,"jetpack_social_post_already_shared":true,"jetpack_social_options":{"image_generator_settings":{"template":"highway","default_image_id":0,"font":"","enabled":false},"version":2}},"categories":[3,9],"tags":[],"class_list":["post-34409","post","type-post","status-publish","format-standard","has-post-thumbnail","hentry","category-novosti","category-skupovi"],"acf":{"facebook_opis":""},"jetpack_publicize_connections":[],"jetpack_featured_media_url":"https:\/\/i0.wp.com\/historiografija.hr\/wp-content\/uploads\/2023\/02\/Pilar-23.jpg?fit=620%2C308&ssl=1","jetpack_sharing_enabled":true,"jetpack-related-posts":[],"_links":{"self":[{"href":"https:\/\/historiografija.hr\/index.php?rest_route=\/wp\/v2\/posts\/34409","targetHints":{"allow":["GET"]}}],"collection":[{"href":"https:\/\/historiografija.hr\/index.php?rest_route=\/wp\/v2\/posts"}],"about":[{"href":"https:\/\/historiografija.hr\/index.php?rest_route=\/wp\/v2\/types\/post"}],"author":[{"embeddable":true,"href":"https:\/\/historiografija.hr\/index.php?rest_route=\/wp\/v2\/users\/2"}],"replies":[{"embeddable":true,"href":"https:\/\/historiografija.hr\/index.php?rest_route=%2Fwp%2Fv2%2Fcomments&post=34409"}],"version-history":[{"count":1,"href":"https:\/\/historiografija.hr\/index.php?rest_route=\/wp\/v2\/posts\/34409\/revisions"}],"predecessor-version":[{"id":34411,"href":"https:\/\/historiografija.hr\/index.php?rest_route=\/wp\/v2\/posts\/34409\/revisions\/34411"}],"wp:featuredmedia":[{"embeddable":true,"href":"https:\/\/historiografija.hr\/index.php?rest_route=\/wp\/v2\/media\/34410"}],"wp:attachment":[{"href":"https:\/\/historiografija.hr\/index.php?rest_route=%2Fwp%2Fv2%2Fmedia&parent=34409"}],"wp:term":[{"taxonomy":"category","embeddable":true,"href":"https:\/\/historiografija.hr\/index.php?rest_route=%2Fwp%2Fv2%2Fcategories&post=34409"},{"taxonomy":"post_tag","embeddable":true,"href":"https:\/\/historiografija.hr\/index.php?rest_route=%2Fwp%2Fv2%2Ftags&post=34409"}],"curies":[{"name":"wp","href":"https:\/\/api.w.org\/{rel}","templated":true}]}}