{"id":34397,"date":"2023-02-09T18:57:51","date_gmt":"2023-02-09T18:57:51","guid":{"rendered":"http:\/\/historiografija.hr\/?p=34397"},"modified":"2023-02-09T19:05:02","modified_gmt":"2023-02-09T19:05:02","slug":"poziv-za-prijavu-na-znanstveni-skup-antika-u-hrvatskoj-kulturi-umjetnosti-i-knjizevnosti-u-dugom-18-stoljecu","status":"publish","type":"post","link":"https:\/\/historiografija.hr\/?p=34397","title":{"rendered":"Poziv za prijavu na znanstveni skup &#8220;Antika u hrvatskoj kulturi, umjetnosti i knji\u017eevnosti u &#8220;dugom&#8221; 18. stolje\u0107u&#8221;"},"content":{"rendered":"\n<p>Prenosimo poziv za prijavu na interdisciplinarni znanstveni skup &#8220;Antika u hrvatskoj kulturi, umjetnosti i knji\u017eevnosti u &#8220;dugom&#8221; 18. stolje\u0107u&#8221;.<\/p>\n\n\n\n<p>Znanstveni skup \u0107e se odr\u017eati u Zagrebu od 30. studenog do 2. prosinca 2023. godine. Suorganizatori su IGOS &#8211; istra\u017eiva\u010dka grupa za 18. stolje\u0107e u hrvatskim zemljama, Hrvatski institut za povijest, Odsjek za povijest umjetnosti Filozofskog fakulteta u Zagrebu i Leksikografski zavod Miroslav Krle\u017ea.<\/p>\n\n\n\n<p>Cilj skupa je prikazati razli\u010dite aspekte prisutnosti i transformacije antike u hrvatskoj kulturi, umjetnosti i knji\u017eevnosti u \u201edugom&#8221; 18. stolje\u0107u pod kojim se podrazumijeva kronolo\u0161ko 18. stolje\u0107e sve do po\u010detka preporodnog razdoblja 19. stolje\u0107a.<\/p>\n\n\n\n<hr class=\"wp-block-separator\"\/>\n\n\n\n<p>Op\u0161irnije obavijesti o skupu, uz predlo\u017eeni popis tema i upute za prijavu, dostupne su u prilogu:<\/p>\n\n\n\n<div class=\"wp-block-file\"><a href=\"https:\/\/historiografija.hr\/wp-content\/uploads\/2023\/02\/POZIV-Antika-u-18-st..pdf\">POZIV-Antika-u-18-st.<\/a><a href=\"https:\/\/historiografija.hr\/wp-content\/uploads\/2023\/02\/POZIV-Antika-u-18-st..pdf\" class=\"wp-block-file__button\" download>Preuzmi<\/a><\/div>\n\n\n\n<hr class=\"wp-block-separator\"\/>\n\n\n\n<p>Prijedlog teme referata, uz sa\u017eetak do 1000 znakova, s podatcima o izlaga\u010du (ustanova, kontakt adresa i CV do 400 znakova), potrebno je poslati\u00a0do 31. o\u017eujka 2023. na e-mail adresu <a href=\"mailto:igos.18.stoljece@gmail.com\">igos.18.stoljece@gmail.com<\/a><\/p>\n\n\n\n<hr class=\"wp-block-separator\"\/>\n\n\n\n<p>Dodatne informacije:<\/p>\n\n\n\n<p><a href=\"https:\/\/www.facebook.com\/igos18\">https:\/\/www.facebook.com\/igos18<\/a><\/p>\n\n\n\n<hr class=\"wp-block-separator\"\/>\n","protected":false},"excerpt":{"rendered":"","protected":false},"author":2,"featured_media":34399,"comment_status":"open","ping_status":"open","sticky":false,"template":"","format":"standard","meta":{"_acf_changed":false,"jetpack_post_was_ever_published":false,"_jetpack_newsletter_access":"","_jetpack_dont_email_post_to_subs":false,"_jetpack_newsletter_tier_id":0,"_jetpack_memberships_contains_paywalled_content":false,"_jetpack_memberships_contains_paid_content":false,"footnotes":"","jetpack_publicize_message":"","jetpack_publicize_feature_enabled":true,"jetpack_social_post_already_shared":true,"jetpack_social_options":{"image_generator_settings":{"template":"highway","default_image_id":0,"font":"","enabled":false},"version":2}},"categories":[3,9],"tags":[],"class_list":["post-34397","post","type-post","status-publish","format-standard","has-post-thumbnail","hentry","category-novosti","category-skupovi"],"acf":{"facebook_opis":""},"jetpack_publicize_connections":[],"jetpack_featured_media_url":"https:\/\/i0.wp.com\/historiografija.hr\/wp-content\/uploads\/2023\/02\/Poziv-IGOS.jpg?fit=724%2C1024&ssl=1","jetpack_sharing_enabled":true,"jetpack-related-posts":[],"_links":{"self":[{"href":"https:\/\/historiografija.hr\/index.php?rest_route=\/wp\/v2\/posts\/34397","targetHints":{"allow":["GET"]}}],"collection":[{"href":"https:\/\/historiografija.hr\/index.php?rest_route=\/wp\/v2\/posts"}],"about":[{"href":"https:\/\/historiografija.hr\/index.php?rest_route=\/wp\/v2\/types\/post"}],"author":[{"embeddable":true,"href":"https:\/\/historiografija.hr\/index.php?rest_route=\/wp\/v2\/users\/2"}],"replies":[{"embeddable":true,"href":"https:\/\/historiografija.hr\/index.php?rest_route=%2Fwp%2Fv2%2Fcomments&post=34397"}],"version-history":[{"count":3,"href":"https:\/\/historiografija.hr\/index.php?rest_route=\/wp\/v2\/posts\/34397\/revisions"}],"predecessor-version":[{"id":34402,"href":"https:\/\/historiografija.hr\/index.php?rest_route=\/wp\/v2\/posts\/34397\/revisions\/34402"}],"wp:featuredmedia":[{"embeddable":true,"href":"https:\/\/historiografija.hr\/index.php?rest_route=\/wp\/v2\/media\/34399"}],"wp:attachment":[{"href":"https:\/\/historiografija.hr\/index.php?rest_route=%2Fwp%2Fv2%2Fmedia&parent=34397"}],"wp:term":[{"taxonomy":"category","embeddable":true,"href":"https:\/\/historiografija.hr\/index.php?rest_route=%2Fwp%2Fv2%2Fcategories&post=34397"},{"taxonomy":"post_tag","embeddable":true,"href":"https:\/\/historiografija.hr\/index.php?rest_route=%2Fwp%2Fv2%2Ftags&post=34397"}],"curies":[{"name":"wp","href":"https:\/\/api.w.org\/{rel}","templated":true}]}}