{"id":34384,"date":"2023-02-08T11:18:38","date_gmt":"2023-02-08T11:18:38","guid":{"rendered":"http:\/\/historiografija.hr\/?p=34384"},"modified":"2023-02-08T11:21:23","modified_gmt":"2023-02-08T11:21:23","slug":"manifestacija-ozivljene-povijesti-seljacka-buna-1573-2023","status":"publish","type":"post","link":"https:\/\/historiografija.hr\/?p=34384","title":{"rendered":"Manifestacija o\u017eivljene povijesti: Selja\u010dka buna 1573-2023."},"content":{"rendered":"\n<p>Manifestacija o\u017eivljene povijesti, jubilarna 15. Selja\u010dka buna zavr\u0161it \u0107e Bitkom kod Stubice u subotu 11. velja\u010de 2023. kod dvorca Stubi\u010dki Golubovec.<\/p>\n\n\n\n<hr class=\"wp-block-separator\"\/>\n\n\n\n<p><strong>Buna trajeeee&#8230; <\/strong>ponovno \u0107e odzvanjati Gup\u010devim krajem kao spomen ustanka malog \u010dovjeka u &#8220;borbi za pravicu\u201c. Povijesna bitka koja je &#8220;pokazala \u0161ake\u201d vlasteli prije <strong>450 godina<\/strong>, ove godine slavi i <strong>15 godina<\/strong> odr\u017eavanja gdje \u0107e ponovno na tisu\u0107e posjetitelja imati priliku vidjeti o\u017eivljenu Selja\u010dku bunu \u2013 Bitku kod Stubice izme\u0111u kmetova, predvo\u0111enim Matijom Gupcem, protiv zloglasnog Franje Tahija i njegove vojske. Jedinstvena i narodu posebna bitka, rekonstruirana je od strane Dru\u017ebe vitezova Zlatnog Kale\u017ea, a zajedno s TZ podru\u010dja Gup\u010devog kraja, Gradom Donja Stubica i partnerima, priprema spektakl kakvog svi zajedno o\u010dekujemo.<\/p>\n\n\n\n<hr class=\"wp-block-separator\"\/>\n\n\n\n<p><br><strong>Izvor, program i dodatne obavijesti:<\/strong><\/p>\n\n\n\n<p><a href=\"https:\/\/www.gupcev-kraj.hr\/hr\/seljacka-buna\/\">https:\/\/www.gupcev-kraj.hr\/hr\/seljacka-buna\/<\/a><\/p>\n\n\n\n<figure class=\"wp-block-embed-wordpress wp-block-embed is-type-wp-embed is-provider-muzej-seljackih-buna\"><div class=\"wp-block-embed__wrapper\">\n<blockquote class=\"wp-embedded-content\" data-secret=\"DuY8S26GIh\"><a href=\"https:\/\/msb.mhz.hr\/aktualno\/programi-i-popusti-u-veljaci-povodom-obljetnice-bune\/\">Programi i popusti u velja\u010di povodom obljetnice Bune<\/a><\/blockquote><iframe loading=\"lazy\" class=\"wp-embedded-content\" sandbox=\"allow-scripts\" security=\"restricted\" style=\"position: absolute; clip: rect(1px, 1px, 1px, 1px);\" title=\"&#8220;&lt;strong&gt;Programi i popusti u velja\u010di povodom obljetnice Bune&lt;\/strong&gt;&#8221; &#8212; Muzej selja\u010dkih buna\" src=\"https:\/\/msb.mhz.hr\/aktualno\/programi-i-popusti-u-veljaci-povodom-obljetnice-bune\/embed\/#?secret=yhPxljuTH6#?secret=DuY8S26GIh\" data-secret=\"DuY8S26GIh\" width=\"600\" height=\"338\" frameborder=\"0\" marginwidth=\"0\" marginheight=\"0\" scrolling=\"no\"><\/iframe>\n<\/div><\/figure>\n\n\n\n<hr class=\"wp-block-separator\"\/>\n\n\n\n<figure data-wp-context=\"{&quot;imageId&quot;:&quot;6a99a8993aab2&quot;}\" data-wp-interactive=\"core\/image\" data-wp-key=\"6a99a8993aab2\" class=\"wp-block-image size-large wp-lightbox-container\"><img data-recalc-dims=\"1\" loading=\"lazy\" decoding=\"async\" width=\"725\" height=\"1024\" data-attachment-id=\"34387\" data-permalink=\"https:\/\/historiografija.hr\/?attachment_id=34387\" data-orig-file=\"https:\/\/i0.wp.com\/historiografija.hr\/wp-content\/uploads\/2023\/02\/Seljacka-buna.jpg?fit=1200%2C1696&amp;ssl=1\" data-orig-size=\"1200,1696\" data-comments-opened=\"1\" data-image-meta=\"{&quot;aperture&quot;:&quot;0&quot;,&quot;credit&quot;:&quot;&quot;,&quot;camera&quot;:&quot;&quot;,&quot;caption&quot;:&quot;&quot;,&quot;created_timestamp&quot;:&quot;0&quot;,&quot;copyright&quot;:&quot;&quot;,&quot;focal_length&quot;:&quot;0&quot;,&quot;iso&quot;:&quot;0&quot;,&quot;shutter_speed&quot;:&quot;0&quot;,&quot;title&quot;:&quot;&quot;,&quot;orientation&quot;:&quot;0&quot;}\" data-image-title=\"Seljacka-buna\" data-image-description=\"\" data-image-caption=\"\" data-large-file=\"https:\/\/i0.wp.com\/historiografija.hr\/wp-content\/uploads\/2023\/02\/Seljacka-buna.jpg?fit=725%2C1024&amp;ssl=1\" data-wp-class--hide=\"state.isContentHidden\" data-wp-class--show=\"state.isContentVisible\" data-wp-init=\"callbacks.setButtonStyles\" data-wp-on--click=\"actions.showLightbox\" data-wp-on--load=\"callbacks.setButtonStyles\" data-wp-on-window--resize=\"callbacks.setButtonStyles\" src=\"https:\/\/i0.wp.com\/historiografija.hr\/wp-content\/uploads\/2023\/02\/Seljacka-buna.jpg?resize=725%2C1024&#038;ssl=1\" alt=\"\" class=\"wp-image-34387\" srcset=\"https:\/\/i0.wp.com\/historiografija.hr\/wp-content\/uploads\/2023\/02\/Seljacka-buna.jpg?resize=725%2C1024&amp;ssl=1 725w, https:\/\/i0.wp.com\/historiografija.hr\/wp-content\/uploads\/2023\/02\/Seljacka-buna.jpg?resize=212%2C300&amp;ssl=1 212w, https:\/\/i0.wp.com\/historiografija.hr\/wp-content\/uploads\/2023\/02\/Seljacka-buna.jpg?resize=768%2C1085&amp;ssl=1 768w, https:\/\/i0.wp.com\/historiografija.hr\/wp-content\/uploads\/2023\/02\/Seljacka-buna.jpg?resize=1087%2C1536&amp;ssl=1 1087w, https:\/\/i0.wp.com\/historiografija.hr\/wp-content\/uploads\/2023\/02\/Seljacka-buna.jpg?w=1200&amp;ssl=1 1200w\" sizes=\"auto, (max-width: 725px) 100vw, 725px\" \/><button\n\t\t\tclass=\"lightbox-trigger\"\n\t\t\ttype=\"button\"\n\t\t\taria-haspopup=\"dialog\"\n\t\t\taria-label=\"Uve\u0107aj\"\n\t\t\tdata-wp-init=\"callbacks.initTriggerButton\"\n\t\t\tdata-wp-on--click=\"actions.showLightbox\"\n\t\t\tdata-wp-style--right=\"state.imageButtonRight\"\n\t\t\tdata-wp-style--top=\"state.imageButtonTop\"\n\t\t>\n\t\t\t<svg xmlns=\"http:\/\/www.w3.org\/2000\/svg\" width=\"12\" height=\"12\" fill=\"none\" viewBox=\"0 0 12 12\">\n\t\t\t\t<path fill=\"#fff\" d=\"M2 0a2 2 0 0 0-2 2v2h1.5V2a.5.5 0 0 1 .5-.5h2V0H2Zm2 10.5H2a.5.5 0 0 1-.5-.5V8H0v2a2 2 0 0 0 2 2h2v-1.5ZM8 12v-1.5h2a.5.5 0 0 0 .5-.5V8H12v2a2 2 0 0 1-2 2H8Zm2-12a2 2 0 0 1 2 2v2h-1.5V2a.5.5 0 0 0-.5-.5H8V0h2Z\" \/>\n\t\t\t<\/svg>\n\t\t<\/button><\/figure>\n\n\n\n<hr class=\"wp-block-separator\"\/>\n\n\n\n<p><strong>Iz medija:<\/strong><\/p>\n\n\n\n<p><a href=\"https:\/\/www.jutarnji.hr\/promo\/spektakularno-izdanje-manifestacije-seljacke-bune-bitke-kod-stubice-slavi-450-godina-od-najvece-borbe-za-pravicu-malog-covjeka-15298644\">https:\/\/www.jutarnji.hr\/promo\/spektakularno-izdanje-manifestacije-seljacke-bune-bitke-kod-stubice-slavi-450-godina-od-najvece-borbe-za-pravicu-malog-covjeka-15298644<\/a><\/p>\n\n\n\n<p><a href=\"https:\/\/www.glasistre.hr\/gospodarstvo\/2023\/02\/02\/povijesno-turisticka-manifestacija-seljacka-buna-2023-za-450-godisnjicu-ustanka-843791\">https:\/\/www.glasistre.hr\/gospodarstvo\/2023\/02\/02\/povijesno-turisticka-manifestacija-seljacka-buna-2023-za-450-godisnjicu-ustanka-843791<\/a><\/p>\n\n\n\n<hr class=\"wp-block-separator\"\/>\n","protected":false},"excerpt":{"rendered":"","protected":false},"author":2,"featured_media":34385,"comment_status":"open","ping_status":"open","sticky":false,"template":"","format":"standard","meta":{"_acf_changed":false,"_jetpack_newsletter_access":"","_jetpack_dont_email_post_to_subs":false,"_jetpack_newsletter_tier_id":0,"_jetpack_memberships_contains_paywalled_content":false,"_jetpack_memberships_contains_paid_content":false,"footnotes":"","jetpack_publicize_message":"","jetpack_publicize_feature_enabled":true,"jetpack_social_post_already_shared":true,"jetpack_social_options":{"image_generator_settings":{"template":"highway","default_image_id":0,"font":"","enabled":false},"version":2},"jetpack_post_was_ever_published":false},"categories":[16,3],"tags":[],"class_list":["post-34384","post","type-post","status-publish","format-standard","has-post-thumbnail","hentry","category-manifestacije-ozivljavanja-povijesti","category-novosti"],"acf":{"facebook_opis":""},"jetpack_publicize_connections":[],"jetpack_featured_media_url":"https:\/\/i0.wp.com\/historiografija.hr\/wp-content\/uploads\/2023\/02\/VIZUAL-BUNA-2023-scaled.jpg?fit=2560%2C1280&ssl=1","jetpack_sharing_enabled":true,"jetpack-related-posts":[{"id":53886,"url":"https:\/\/historiografija.hr\/?p=53886","url_meta":{"origin":34384,"position":0},"title":"Peta Na\u0161i\u010dka vite\u0161ka pri\u010da","author":"Branimir Jankovi\u0107","date":"1. lipnja 2026.","format":false,"excerpt":"Od 29. do 31. svibnja 2026. odr\u017eana je uz povijesni lokalitet crkve sv. Martina u Martinu 5. Na\u0161i\u010dka vite\u0161ka pri\u010da. O toj je manifestaciji o\u017eivljene povijesti diplomski rad Festivali srednjovjekovlja u Republici Hrvatskoj. Primjer Na\u0161i\u010dke vite\u0161ke pri\u010de napisala Sara Pavelik 2025. godine. Iz medija: https:\/\/nasice.hr\/vijesti\/zavrsila-jubilarna-peta-nasicka-viteska-prica\/ https:\/\/nasice.com\/nasicka-viteska-prica-ponovno-ozivjela-srednji-vijek-pod-zidinama-crkve-sv-martina\/ https:\/\/magazin.hrt.hr\/price-iz-hrvatske\/nasicka-viteska-prica-donosi-jedinstven-dozivljaj-srednjovjekovne-povijesti-12744630","rel":"","context":"U &quot;Manifestacije o\u017eivljene povijesti&quot;","block_context":{"text":"Manifestacije o\u017eivljene povijesti","link":"https:\/\/historiografija.hr\/?cat=16"},"img":{"alt_text":"","src":"https:\/\/i0.wp.com\/historiografija.hr\/wp-content\/uploads\/2026\/06\/NVP26-Plakat.jpg?fit=960%2C506&ssl=1&resize=350%2C200","width":350,"height":200,"srcset":"https:\/\/i0.wp.com\/historiografija.hr\/wp-content\/uploads\/2026\/06\/NVP26-Plakat.jpg?fit=960%2C506&ssl=1&resize=350%2C200 1x, https:\/\/i0.wp.com\/historiografija.hr\/wp-content\/uploads\/2026\/06\/NVP26-Plakat.jpg?fit=960%2C506&ssl=1&resize=525%2C300 1.5x, https:\/\/i0.wp.com\/historiografija.hr\/wp-content\/uploads\/2026\/06\/NVP26-Plakat.jpg?fit=960%2C506&ssl=1&resize=700%2C400 2x"},"classes":[]},{"id":54991,"url":"https:\/\/historiografija.hr\/?p=54991","url_meta":{"origin":34384,"position":1},"title":"Renesansni festival Koprivnica (20. \u2013 23. kolovoza 2026.)","author":"Branimir Jankovi\u0107","date":"17. kolovoza 2026.","format":false,"excerpt":"Krajem kolovoza, kada se na ostacima koprivni\u010dkih bedema upale baklje, a grad ispune vitezovi, obrtnici, dvorske lude i putuju\u0107i trgovci, Koprivnica na nekoliko dana postaje prava renesansna pozornica. Renesansni festival nije tek manifestacija koju se promatra, to je istinsko iskustvo u koje treba uroniti. Povratak u vrijeme kada su ulicama\u2026","rel":"","context":"U &quot;Manifestacije o\u017eivljene povijesti&quot;","block_context":{"text":"Manifestacije o\u017eivljene povijesti","link":"https:\/\/historiografija.hr\/?cat=16"},"img":{"alt_text":"","src":"https:\/\/i0.wp.com\/historiografija.hr\/wp-content\/uploads\/2026\/08\/Festival-2026.jpg?fit=1200%2C675&ssl=1&resize=350%2C200","width":350,"height":200,"srcset":"https:\/\/i0.wp.com\/historiografija.hr\/wp-content\/uploads\/2026\/08\/Festival-2026.jpg?fit=1200%2C675&ssl=1&resize=350%2C200 1x, https:\/\/i0.wp.com\/historiografija.hr\/wp-content\/uploads\/2026\/08\/Festival-2026.jpg?fit=1200%2C675&ssl=1&resize=525%2C300 1.5x, https:\/\/i0.wp.com\/historiografija.hr\/wp-content\/uploads\/2026\/08\/Festival-2026.jpg?fit=1200%2C675&ssl=1&resize=700%2C400 2x, https:\/\/i0.wp.com\/historiografija.hr\/wp-content\/uploads\/2026\/08\/Festival-2026.jpg?fit=1200%2C675&ssl=1&resize=1050%2C600 3x"},"classes":[]},{"id":53099,"url":"https:\/\/historiografija.hr\/?p=53099","url_meta":{"origin":34384,"position":2},"title":"Sajam pri Starom gradu u Konj\u0161\u010dini odr\u017eava se i ove godine","author":"Filip \u0160imunjak","date":"13. svibnja 2026.","format":false,"excerpt":"U subotu, 16. svibnja odr\u017eat \u0107e se 17. Sajam pri Starom gradu u Konj\u0161\u010dini. Organizator ovog tradicionalnog doga\u0111aja koji svake godine privu\u010de brojne posjetitelje je Udruga Grofovija Konjski, uz pokroviteljstvo Op\u0107ine Konj\u0161\u010dina. Sajam o\u017eivljava povijesnu borbu vitezova pri konj\u0161\u010dinskom Starom gradu, a za cilj ima o\u010duvanje spomena na veliku bitku\u2026","rel":"","context":"U &quot;Manifestacije o\u017eivljene povijesti&quot;","block_context":{"text":"Manifestacije o\u017eivljene povijesti","link":"https:\/\/historiografija.hr\/?cat=16"},"img":{"alt_text":"","src":"https:\/\/i0.wp.com\/historiografija.hr\/wp-content\/uploads\/2026\/05\/Stari-grad-Konjscina-sajam.jpg?fit=1200%2C800&ssl=1&resize=350%2C200","width":350,"height":200,"srcset":"https:\/\/i0.wp.com\/historiografija.hr\/wp-content\/uploads\/2026\/05\/Stari-grad-Konjscina-sajam.jpg?fit=1200%2C800&ssl=1&resize=350%2C200 1x, https:\/\/i0.wp.com\/historiografija.hr\/wp-content\/uploads\/2026\/05\/Stari-grad-Konjscina-sajam.jpg?fit=1200%2C800&ssl=1&resize=525%2C300 1.5x, https:\/\/i0.wp.com\/historiografija.hr\/wp-content\/uploads\/2026\/05\/Stari-grad-Konjscina-sajam.jpg?fit=1200%2C800&ssl=1&resize=700%2C400 2x, https:\/\/i0.wp.com\/historiografija.hr\/wp-content\/uploads\/2026\/05\/Stari-grad-Konjscina-sajam.jpg?fit=1200%2C800&ssl=1&resize=1050%2C600 3x"},"classes":[]},{"id":54020,"url":"https:\/\/historiografija.hr\/?p=54020","url_meta":{"origin":34384,"position":3},"title":"Tahijev vite\u0161ki turnir 2026.","author":"Branimir Jankovi\u0107","date":"11. lipnja 2026.","format":false,"excerpt":"Donja Stubica, subota i nedjelja 13. i 14. lipnja 2026. od 18 sati - bogat sadr\u017eaj srednjovjekovne tematike U hladu Parka Jure Stubi\u010danca o\u017eivljava se povijest kroz TAHIJEV VITE\u0160KI TURNIR \u2013 atraktivan program s vite\u0161kim borbama, radionicama, srednjovjekovnim igrama, sajmom i ve\u010dernjim vatrenim spektaklom. Rije\u010d je o sadr\u017eaju koji jednako\u2026","rel":"","context":"U &quot;Manifestacije o\u017eivljene povijesti&quot;","block_context":{"text":"Manifestacije o\u017eivljene povijesti","link":"https:\/\/historiografija.hr\/?cat=16"},"img":{"alt_text":"","src":"https:\/\/i0.wp.com\/historiografija.hr\/wp-content\/uploads\/2026\/06\/StubicaFest2026_Tahijev-turnir.jpg?fit=1080%2C647&ssl=1&resize=350%2C200","width":350,"height":200,"srcset":"https:\/\/i0.wp.com\/historiografija.hr\/wp-content\/uploads\/2026\/06\/StubicaFest2026_Tahijev-turnir.jpg?fit=1080%2C647&ssl=1&resize=350%2C200 1x, https:\/\/i0.wp.com\/historiografija.hr\/wp-content\/uploads\/2026\/06\/StubicaFest2026_Tahijev-turnir.jpg?fit=1080%2C647&ssl=1&resize=525%2C300 1.5x, https:\/\/i0.wp.com\/historiografija.hr\/wp-content\/uploads\/2026\/06\/StubicaFest2026_Tahijev-turnir.jpg?fit=1080%2C647&ssl=1&resize=700%2C400 2x, https:\/\/i0.wp.com\/historiografija.hr\/wp-content\/uploads\/2026\/06\/StubicaFest2026_Tahijev-turnir.jpg?fit=1080%2C647&ssl=1&resize=1050%2C600 3x"},"classes":[]},{"id":5696,"url":"https:\/\/historiografija.hr\/?p=5696","url_meta":{"origin":34384,"position":4},"title":"Branimir Jankovi\u0107 \u2013 kolumna \u201cJavna povijest\u201d \u2013 Jesu li povjesni\u010dari u Hrvatskoj celebrity?","author":"Branimir Jankovi\u0107","date":"24. kolovoza 2017.","format":false,"excerpt":"Pitanje iz naslova vrijedi postaviti za bolje razumijevanje lokalnih specifi\u010dnosti kada ih su\u010delimo s odre\u0111enim globalnim procesima. Naime, etablirani specijalist javne povijesti Jerome de Groot u knjizi Consuming History: Historians and Heritage in Contemporary Popular Culture (2008; usp. osvrt S. Treskanice, Historijski zbornik, 2, 2013) \u2013 u kojoj identificira mnogobrojne\u2026","rel":"","context":"U &quot;Prikazi i osvrti&quot;","block_context":{"text":"Prikazi i osvrti","link":"https:\/\/historiografija.hr\/?cat=4"},"img":{"alt_text":"","src":"","width":0,"height":0},"classes":[]},{"id":52916,"url":"https:\/\/historiografija.hr\/?p=52916","url_meta":{"origin":34384,"position":5},"title":"Okrugli stol \u201ePonovno na Moha\u010du, 1526\u20132026.\u201c","author":"Filip \u0160imunjak","date":"7. svibnja 2026.","format":false,"excerpt":"U sklopu ovogodi\u0161njeg Festivala povijesti Kliofest, u petak 8. svibnja, s po\u010detkom u 15 sati u Nacionalnoj i sveu\u010dili\u0161noj knji\u017enici u Zagrebu, odr\u017eat \u0107e se okrugli stol \u201ePonovno na Moha\u010du, 1526\u20132026\u201c, povodom obilje\u017eavanja 500 godina od bitke koje je promijenila povijest Zemalja krune sv. Stjepana. U prvoj sesiji, pod naslovom\u2026","rel":"","context":"U &quot;Novosti&quot;","block_context":{"text":"Novosti","link":"https:\/\/historiografija.hr\/?cat=3"},"img":{"alt_text":"","src":"https:\/\/i0.wp.com\/historiografija.hr\/wp-content\/uploads\/2026\/05\/Battle_of_Mohacs_1526.webp?fit=1200%2C814&ssl=1&resize=350%2C200","width":350,"height":200,"srcset":"https:\/\/i0.wp.com\/historiografija.hr\/wp-content\/uploads\/2026\/05\/Battle_of_Mohacs_1526.webp?fit=1200%2C814&ssl=1&resize=350%2C200 1x, https:\/\/i0.wp.com\/historiografija.hr\/wp-content\/uploads\/2026\/05\/Battle_of_Mohacs_1526.webp?fit=1200%2C814&ssl=1&resize=525%2C300 1.5x, https:\/\/i0.wp.com\/historiografija.hr\/wp-content\/uploads\/2026\/05\/Battle_of_Mohacs_1526.webp?fit=1200%2C814&ssl=1&resize=700%2C400 2x, https:\/\/i0.wp.com\/historiografija.hr\/wp-content\/uploads\/2026\/05\/Battle_of_Mohacs_1526.webp?fit=1200%2C814&ssl=1&resize=1050%2C600 3x"},"classes":[]}],"_links":{"self":[{"href":"https:\/\/historiografija.hr\/index.php?rest_route=\/wp\/v2\/posts\/34384","targetHints":{"allow":["GET"]}}],"collection":[{"href":"https:\/\/historiografija.hr\/index.php?rest_route=\/wp\/v2\/posts"}],"about":[{"href":"https:\/\/historiografija.hr\/index.php?rest_route=\/wp\/v2\/types\/post"}],"author":[{"embeddable":true,"href":"https:\/\/historiografija.hr\/index.php?rest_route=\/wp\/v2\/users\/2"}],"replies":[{"embeddable":true,"href":"https:\/\/historiografija.hr\/index.php?rest_route=%2Fwp%2Fv2%2Fcomments&post=34384"}],"version-history":[{"count":3,"href":"https:\/\/historiografija.hr\/index.php?rest_route=\/wp\/v2\/posts\/34384\/revisions"}],"predecessor-version":[{"id":34389,"href":"https:\/\/historiografija.hr\/index.php?rest_route=\/wp\/v2\/posts\/34384\/revisions\/34389"}],"wp:featuredmedia":[{"embeddable":true,"href":"https:\/\/historiografija.hr\/index.php?rest_route=\/wp\/v2\/media\/34385"}],"wp:attachment":[{"href":"https:\/\/historiografija.hr\/index.php?rest_route=%2Fwp%2Fv2%2Fmedia&parent=34384"}],"wp:term":[{"taxonomy":"category","embeddable":true,"href":"https:\/\/historiografija.hr\/index.php?rest_route=%2Fwp%2Fv2%2Fcategories&post=34384"},{"taxonomy":"post_tag","embeddable":true,"href":"https:\/\/historiografija.hr\/index.php?rest_route=%2Fwp%2Fv2%2Ftags&post=34384"}],"curies":[{"name":"wp","href":"https:\/\/api.w.org\/{rel}","templated":true}]}}