{"id":34378,"date":"2023-02-08T10:37:39","date_gmt":"2023-02-08T10:37:39","guid":{"rendered":"http:\/\/historiografija.hr\/?p=34378"},"modified":"2023-02-08T10:37:39","modified_gmt":"2023-02-08T10:37:39","slug":"izlozba-zivot-i-djelo-dr-antuna-radica","status":"publish","type":"post","link":"https:\/\/historiografija.hr\/?p=34378","title":{"rendered":"Izlo\u017eba \u201c\u017divot i djelo dr. Antuna Radi\u0107a\u201d"},"content":{"rendered":"\n<p>Etnografski muzej u Zagrebu i Kulturno-povijesni centar Sisa\u010dko-moslava\u010dke \u017eupanije pozivaju na otvaranje izlo\u017ebe \u201c\u017divot i djelo dr. Antuna Radi\u0107a\u201d\u00a0 u petak, 10. velja\u010de 2023. godine u 18 sati.<\/p>\n\n\n\n<hr class=\"wp-block-separator\"\/>\n\n\n\n<p>Izvor:<\/p>\n\n\n\n<figure class=\"wp-block-embed-wordpress wp-block-embed is-type-wp-embed is-provider-etnografski-muzej\"><div class=\"wp-block-embed__wrapper\">\n<blockquote class=\"wp-embedded-content\" data-secret=\"rwxB5tgiKc\"><a href=\"https:\/\/emz.hr\/izlozbe\/zivot-i-djelo-dr-antuna-radica\/\">\u017divot i djelo dr. Antuna Radi\u0107a\u00a0<\/a><\/blockquote><iframe loading=\"lazy\" class=\"wp-embedded-content\" sandbox=\"allow-scripts\" security=\"restricted\" style=\"position: absolute; clip: rect(1px, 1px, 1px, 1px);\" title=\"&#8220;\u017divot i djelo dr. Antuna Radi\u0107a\u00a0&#8221; &#8212; etnografski muzej\" src=\"https:\/\/emz.hr\/izlozbe\/zivot-i-djelo-dr-antuna-radica\/embed\/#?secret=py3SO5VEmW#?secret=rwxB5tgiKc\" data-secret=\"rwxB5tgiKc\" width=\"600\" height=\"338\" frameborder=\"0\" marginwidth=\"0\" marginheight=\"0\" scrolling=\"no\"><\/iframe>\n<\/div><\/figure>\n\n\n\n<hr class=\"wp-block-separator\"\/>\n","protected":false},"excerpt":{"rendered":"","protected":false},"author":2,"featured_media":34379,"comment_status":"open","ping_status":"open","sticky":false,"template":"","format":"standard","meta":{"_acf_changed":false,"jetpack_post_was_ever_published":false,"_jetpack_newsletter_access":"","_jetpack_dont_email_post_to_subs":false,"_jetpack_newsletter_tier_id":0,"_jetpack_memberships_contains_paywalled_content":false,"_jetpack_memberships_contains_paid_content":false,"footnotes":"","jetpack_publicize_message":"","jetpack_publicize_feature_enabled":true,"jetpack_social_post_already_shared":true,"jetpack_social_options":{"image_generator_settings":{"template":"highway","default_image_id":0,"font":"","enabled":false},"version":2}},"categories":[10,3],"tags":[],"class_list":["post-34378","post","type-post","status-publish","format-standard","has-post-thumbnail","hentry","category-izlozbe","category-novosti"],"acf":{"facebook_opis":""},"jetpack_publicize_connections":[],"jetpack_featured_media_url":"https:\/\/i0.wp.com\/historiografija.hr\/wp-content\/uploads\/2023\/02\/a-radic-izlozba.jpg?fit=1448%2C1090&ssl=1","jetpack_sharing_enabled":true,"jetpack-related-posts":[],"_links":{"self":[{"href":"https:\/\/historiografija.hr\/index.php?rest_route=\/wp\/v2\/posts\/34378","targetHints":{"allow":["GET"]}}],"collection":[{"href":"https:\/\/historiografija.hr\/index.php?rest_route=\/wp\/v2\/posts"}],"about":[{"href":"https:\/\/historiografija.hr\/index.php?rest_route=\/wp\/v2\/types\/post"}],"author":[{"embeddable":true,"href":"https:\/\/historiografija.hr\/index.php?rest_route=\/wp\/v2\/users\/2"}],"replies":[{"embeddable":true,"href":"https:\/\/historiografija.hr\/index.php?rest_route=%2Fwp%2Fv2%2Fcomments&post=34378"}],"version-history":[{"count":1,"href":"https:\/\/historiografija.hr\/index.php?rest_route=\/wp\/v2\/posts\/34378\/revisions"}],"predecessor-version":[{"id":34380,"href":"https:\/\/historiografija.hr\/index.php?rest_route=\/wp\/v2\/posts\/34378\/revisions\/34380"}],"wp:featuredmedia":[{"embeddable":true,"href":"https:\/\/historiografija.hr\/index.php?rest_route=\/wp\/v2\/media\/34379"}],"wp:attachment":[{"href":"https:\/\/historiografija.hr\/index.php?rest_route=%2Fwp%2Fv2%2Fmedia&parent=34378"}],"wp:term":[{"taxonomy":"category","embeddable":true,"href":"https:\/\/historiografija.hr\/index.php?rest_route=%2Fwp%2Fv2%2Fcategories&post=34378"},{"taxonomy":"post_tag","embeddable":true,"href":"https:\/\/historiografija.hr\/index.php?rest_route=%2Fwp%2Fv2%2Ftags&post=34378"}],"curies":[{"name":"wp","href":"https:\/\/api.w.org\/{rel}","templated":true}]}}