{"id":34375,"date":"2023-02-08T10:28:51","date_gmt":"2023-02-08T10:28:51","guid":{"rendered":"http:\/\/historiografija.hr\/?p=34375"},"modified":"2023-02-08T10:28:51","modified_gmt":"2023-02-08T10:28:51","slug":"stipica-grgic-tomislav-kardum-macek-nam-je-voda-opcinski-izbori-u-banovini-hrvatskoj","status":"publish","type":"post","link":"https:\/\/historiografija.hr\/?p=34375","title":{"rendered":"Stipica Grgi\u0107, Tomislav Kardum, \u201eMa\u010dek nam je vo\u0111a! Op\u0107inski izbori u Banovini Hrvatskoj\u201c"},"content":{"rendered":"\n<p>Ova knjiga, kao i mnoga druga djela historiografije, poku\u0161aj je da se jedan element pro\u0161log ljudskog djelovanja opi\u0161e koriste\u0107i se nesavr\u0161enim sustavom re\u010deni\u010dnih konstrukata. Obojica autora, svaki sa svojim perspektivama, nastojali su proniknuti u prili\u010dno zamr\u0161eno pitanje vezano za ono \u0161to na neki na\u010din mo\u017eemo prozvati posljednjim slobodnim izborima koji su se u ve\u0107em dijelu dana\u0161nje Hrvatske odvili u razdoblju prije izbijanja Drugoga svjetskog rata. Ujedno su to bili posljednji vi\u0161estrana\u010dki izbori na istom podru\u010dju sve do izbora za Hrvatski sabor 1990. godine, kojima \u0107e zapo\u010deti proces demokratizacije te izgradnje moderne samostalne Republike Hrvatske.<\/p>\n\n\n\n<p>Potpisivanje Sporazuma Cvetkovi\u0107-Ma\u010dek i stvaranje Banovine Hrvatske u kolovozu 1939. dalo je Kraljevini Jugoslaviji odre\u0111enu stabilnost, a gra\u0111anima ve\u0107ine dana\u0161nje Hrvatske upravnu, sudsku i zakonodavnu autonomiju na posebno odre\u0111enom teritoriju novostvorene Banovine Hrvatske. Kako nije uslijedio daljnji preustroj Kraljevine Jugoslavije, mo\u017ee se re\u0107i da je Banovina Hrvatska bila jedina federalna jedinica unutar formalno jo\u0161 uvijek unitarne monarhisti\u010dke Jugoslavije. Razdoblje postojanja Banovine Hrvatske bilo je relativno kratko (kolovoz 1939.- travanj 1941.), a obilje\u017eeno je unutra\u0161njom dru\u0161tvenom i gospodarskom krizom Kraljevine Jugoslavije, koja se nastavljala na ranije istovjetne krize koje su pogodile Jugoslaviju i dobar dio svijeta. Stanje unutar te mlade autonomne jedinice dodatno se pogor\u0161alo izbijanjem Drugog svjetskog rata u Europi u rujnu 1939. godine. (Iz <em>Uvoda)&nbsp;<\/em><\/p>\n\n\n\n<p><strong>Stipica Grgi\u0107<\/strong> (Sisak, 1982). Nakon zavr\u0161enog studija povijesti na zagreba\u010dkom Filozofskom fakultetu 2008. postaje znanstveni novak na Fakultetu hrvatskih studija Sveu\u010dili\u0161ta u Zagrebu. Od 2021. radi kao znanstveni suradnik na Hrvatskom institutu za povijest. Autor je niza znanstvenih radova.<\/p>\n\n\n\n<p><strong>Tomislav Kardum <\/strong>(Zagreb, 1996). Zavr\u0161io je diplomski studij povijesti te diplomski studij komunikologije na Fakultetu hrvatskih studija. Radi kao vanjskopoliti\u010dki novinar u Hrvatskoj izvje\u0161tajnoj novinskoj agenciji (HINA). Autor je vi\u0161e znanstvenih i stru\u010dnih \u010dlanaka te knjiga.<\/p>\n\n\n\n<hr class=\"wp-block-separator\"\/>\n\n\n\n<p>Izvor:<\/p>\n\n\n\n<figure class=\"wp-block-embed-wordpress wp-block-embed is-type-wp-embed is-provider-srednja-europa\"><div class=\"wp-block-embed__wrapper\">\n<blockquote class=\"wp-embedded-content\" data-secret=\"2GTVLbukBb\"><a href=\"https:\/\/srednja-europa.hr\/proizvod\/macek-nam-je-voda-opcinski-izbori-u-banovini-hrvatskoj\/\">Ma\u010dek nam je vo\u0111a! Op\u0107inski izbori u Banovini Hrvatskoj<\/a><\/blockquote><iframe loading=\"lazy\" class=\"wp-embedded-content\" sandbox=\"allow-scripts\" security=\"restricted\" style=\"position: absolute; clip: rect(1px, 1px, 1px, 1px);\" title=\"&#8220;Ma\u010dek nam je vo\u0111a! Op\u0107inski izbori u Banovini Hrvatskoj&#8221; &#8212; Srednja Europa\" src=\"https:\/\/srednja-europa.hr\/proizvod\/macek-nam-je-voda-opcinski-izbori-u-banovini-hrvatskoj\/embed\/#?secret=2GTVLbukBb\" data-secret=\"2GTVLbukBb\" width=\"600\" height=\"338\" frameborder=\"0\" marginwidth=\"0\" marginheight=\"0\" scrolling=\"no\"><\/iframe>\n<\/div><\/figure>\n\n\n\n<hr class=\"wp-block-separator\"\/>\n\n\n\n<p>Obavijest je objavljena i na portalu <strong>Historiografija.ba<\/strong>:<\/p>\n\n\n\n<p><a href=\"https:\/\/historiografija.ba\/article.php?id=1696\">https:\/\/historiografija.ba\/article.php?id=1696<\/a><\/p>\n\n\n\n<hr class=\"wp-block-separator\"\/>\n\n\n\n<p><\/p>\n","protected":false},"excerpt":{"rendered":"","protected":false},"author":2,"featured_media":34376,"comment_status":"open","ping_status":"open","sticky":false,"template":"","format":"standard","meta":{"_acf_changed":false,"jetpack_post_was_ever_published":false,"_jetpack_newsletter_access":"","_jetpack_dont_email_post_to_subs":false,"_jetpack_newsletter_tier_id":0,"_jetpack_memberships_contains_paywalled_content":false,"_jetpack_memberships_contains_paid_content":false,"footnotes":"","jetpack_publicize_message":"","jetpack_publicize_feature_enabled":true,"jetpack_social_post_already_shared":true,"jetpack_social_options":{"image_generator_settings":{"template":"highway","default_image_id":0,"font":"","enabled":false},"version":2}},"categories":[8,3],"tags":[],"class_list":["post-34375","post","type-post","status-publish","format-standard","has-post-thumbnail","hentry","category-knjige","category-novosti"],"acf":{"facebook_opis":""},"jetpack_publicize_connections":[],"jetpack_featured_media_url":"https:\/\/i0.wp.com\/historiografija.hr\/wp-content\/uploads\/2023\/02\/Macek.jpg?fit=670%2C930&ssl=1","jetpack_sharing_enabled":true,"jetpack-related-posts":[],"_links":{"self":[{"href":"https:\/\/historiografija.hr\/index.php?rest_route=\/wp\/v2\/posts\/34375","targetHints":{"allow":["GET"]}}],"collection":[{"href":"https:\/\/historiografija.hr\/index.php?rest_route=\/wp\/v2\/posts"}],"about":[{"href":"https:\/\/historiografija.hr\/index.php?rest_route=\/wp\/v2\/types\/post"}],"author":[{"embeddable":true,"href":"https:\/\/historiografija.hr\/index.php?rest_route=\/wp\/v2\/users\/2"}],"replies":[{"embeddable":true,"href":"https:\/\/historiografija.hr\/index.php?rest_route=%2Fwp%2Fv2%2Fcomments&post=34375"}],"version-history":[{"count":1,"href":"https:\/\/historiografija.hr\/index.php?rest_route=\/wp\/v2\/posts\/34375\/revisions"}],"predecessor-version":[{"id":34377,"href":"https:\/\/historiografija.hr\/index.php?rest_route=\/wp\/v2\/posts\/34375\/revisions\/34377"}],"wp:featuredmedia":[{"embeddable":true,"href":"https:\/\/historiografija.hr\/index.php?rest_route=\/wp\/v2\/media\/34376"}],"wp:attachment":[{"href":"https:\/\/historiografija.hr\/index.php?rest_route=%2Fwp%2Fv2%2Fmedia&parent=34375"}],"wp:term":[{"taxonomy":"category","embeddable":true,"href":"https:\/\/historiografija.hr\/index.php?rest_route=%2Fwp%2Fv2%2Fcategories&post=34375"},{"taxonomy":"post_tag","embeddable":true,"href":"https:\/\/historiografija.hr\/index.php?rest_route=%2Fwp%2Fv2%2Ftags&post=34375"}],"curies":[{"name":"wp","href":"https:\/\/api.w.org\/{rel}","templated":true}]}}