{"id":34369,"date":"2023-02-06T18:57:16","date_gmt":"2023-02-06T18:57:16","guid":{"rendered":"http:\/\/historiografija.hr\/?p=34369"},"modified":"2023-02-06T19:19:11","modified_gmt":"2023-02-06T19:19:11","slug":"poziv-za-prijavu-na-znanstveni-skup-tadija-smiciklas-1843-1914-i-njegovo-doba","status":"publish","type":"post","link":"https:\/\/historiografija.hr\/?p=34369","title":{"rendered":"Poziv za prijavu na znanstveni skup \u201eTadija Smi\u010diklas (1843. \u2013 1914.) i njegovo doba\u201c"},"content":{"rendered":"\n<p>Povijesno dru\u0161tvo Kri\u017eevci i Zavod za znanstvenoistra\u017eiva\u010dki i umjetni\u010dki rad Hrvatske akademije znanosti i umjetnosti Koprivni\u010dko-kri\u017eeva\u010dke \u017eupanije u Kri\u017eevcima <br>organiziraju znanstveni skup<\/p>\n\n\n\n<p>TADIJA SMI\u010cIKLAS (1843. \u2013 1914.) I NJEGOVO DOBA<\/p>\n\n\n\n<p>Znanstveni skup organizira se u povodu 180. obljetnice ro\u0111enja Tadije Smi\u010diklasa, povjesni\u010dara, autora prve kriti\u010dke sinteze hrvatske povijesti.<\/p>\n\n\n\n<p>Skup \u0107e se odr\u017eati u Kri\u017eevcima <strong>26. svibnja 2023.<\/strong> godine. Radove sa znanstvenog skupa bit \u0107e mogu\u0107e objaviti u 25. godi\u0161tu <em>Crisa<\/em>, \u010dasopisa Povijesnog dru\u0161tva Kri\u017eevci.<\/p>\n\n\n\n<p><strong>Prijava:<\/strong><\/p>\n\n\n\n<p>Zainteresirane sudionike molimo da za prijavu na skup<strong><em> Tadija Smi\u010diklas (1843. \u2013 1914.) i njegovo doba <\/em><\/strong>popune <strong>Obrazac za prijavu <\/strong>(u nastavku poziva). Sa\u017eetak se mo\u017ee poslati i kao zaseban Word dokument uz Obrazac za prijavu. Na\u010din prijave je putem adrese e-po\u0161te: <a href=\"mailto:tomislav.bogdanovic@kc.ht.hr\">tomislav.bogdanovic@gmail.com<\/a>, <a href=\"mailto:dpernjak@unin.hr\">dpernjak@unin.hr<\/a>&nbsp; ili ivan.<a href=\"mailto:peklic@hazu.hr\">peklic@hazu.hr<\/a>.<\/p>\n\n\n\n<p>Rok za slanje prijave i sa\u017eetka je <strong>10. svibnja 2023. <\/strong>godine. Pristigle prijave bit \u0107e razmotrene, a sudionici obavije\u0161teni o prihva\u0107anju izlaganja najkasnije do <strong>17. svibnja 2023<\/strong>. godine.<\/p>\n\n\n\n<p>Predvi\u0111eno vrijeme izlaganja je 20 minuta (s raspravama na kraju svake sesije, koja \u0107e se sastojati od tri do \u010detiri referata), osim za plenarna predavanja za koja je predvi\u0111eno vrijeme izlaganja od 30 minuta. Sudionici \u0107e mo\u0107i koristiti ra\u010dunalo i projektor. Program skupa poslat \u0107emo do 25. svibnja.<\/p>\n\n\n\n<p>S po\u0161tovanjem,<\/p>\n\n\n\n<p>Predsjednik organizacijskog odbora&nbsp;&nbsp;&nbsp;&nbsp;&nbsp;&nbsp;&nbsp;&nbsp;&nbsp;&nbsp;&nbsp;&nbsp; &nbsp;&nbsp;&nbsp;&nbsp;&nbsp;&nbsp;&nbsp;&nbsp;&nbsp;&nbsp;&nbsp;Predsjednik Povijesnog dru\u0161tva Kri\u017eevci<\/p>\n\n\n\n<p>&nbsp;&nbsp;&nbsp;&nbsp; dr. sc. Tomislav Bogdanovi\u0107&nbsp;&nbsp;&nbsp;&nbsp;&nbsp;&nbsp;&nbsp;&nbsp;&nbsp;&nbsp;&nbsp;&nbsp;&nbsp;&nbsp;&nbsp;&nbsp;&nbsp;&nbsp;&nbsp;&nbsp;&nbsp;&nbsp;&nbsp;&nbsp;&nbsp;&nbsp;&nbsp;&nbsp;&nbsp;&nbsp;&nbsp;&nbsp;&nbsp;&nbsp;&nbsp;&nbsp;&nbsp;&nbsp;&nbsp;&nbsp;&nbsp;&nbsp;&nbsp; dr. sc. Dejan Pernjak<\/p>\n\n\n\n<hr class=\"wp-block-separator\"\/>\n\n\n\n<p>Organizacijski odbor<\/p>\n\n\n\n<p>dr. sc. Tomislav Bogdanovi\u0107<\/p>\n\n\n\n<p>dr. sc. Dejan Pernjak, pred.<\/p>\n\n\n\n<p>dr. sc. Ivan Pekli\u0107<\/p>\n\n\n\n<hr class=\"wp-block-separator\"\/>\n\n\n\n<p>Znanstveni odbor<\/p>\n\n\n\n<p>akademik Franjo Tomi\u0107<\/p>\n\n\n\n<p>akademik Ferdo Ba\u0161i\u0107<\/p>\n\n\n\n<p>dr. sc. Ivan Pekli\u0107<\/p>\n\n\n\n<p>dr. sc. Dejan Pernjak<\/p>\n\n\n\n<p>dr. sc. Tomislav Bogdanovi\u0107<\/p>\n\n\n\n<hr class=\"wp-block-separator\"\/>\n\n\n\n<div class=\"wp-block-file\"><a href=\"https:\/\/historiografija.hr\/wp-content\/uploads\/2023\/02\/Prijavni_obrazac_Znanstveni_skup_Tadija_Smi\u010diklas.docx\">Prijavni_obrazac_Znanstveni_skup_Tadija_Smi\u010diklas<\/a><a href=\"https:\/\/historiografija.hr\/wp-content\/uploads\/2023\/02\/Prijavni_obrazac_Znanstveni_skup_Tadija_Smi\u010diklas.docx\" class=\"wp-block-file__button\" download>Preuzmi<\/a><\/div>\n\n\n\n<hr class=\"wp-block-separator\"\/>\n","protected":false},"excerpt":{"rendered":"","protected":false},"author":2,"featured_media":15127,"comment_status":"open","ping_status":"open","sticky":false,"template":"","format":"standard","meta":{"_acf_changed":false,"jetpack_post_was_ever_published":false,"_jetpack_newsletter_access":"","_jetpack_dont_email_post_to_subs":false,"_jetpack_newsletter_tier_id":0,"_jetpack_memberships_contains_paywalled_content":false,"_jetpack_memberships_contains_paid_content":false,"footnotes":"","jetpack_publicize_message":"","jetpack_publicize_feature_enabled":true,"jetpack_social_post_already_shared":true,"jetpack_social_options":{"image_generator_settings":{"template":"highway","default_image_id":0,"font":"","enabled":false},"version":2}},"categories":[3,9],"tags":[],"class_list":["post-34369","post","type-post","status-publish","format-standard","has-post-thumbnail","hentry","category-novosti","category-skupovi"],"acf":{"facebook_opis":""},"jetpack_publicize_connections":[],"jetpack_featured_media_url":"https:\/\/i0.wp.com\/historiografija.hr\/wp-content\/uploads\/2019\/06\/Povijesno_drustvo_Krizevci.jpg?fit=720%2C388&ssl=1","jetpack_sharing_enabled":true,"jetpack-related-posts":[],"_links":{"self":[{"href":"https:\/\/historiografija.hr\/index.php?rest_route=\/wp\/v2\/posts\/34369","targetHints":{"allow":["GET"]}}],"collection":[{"href":"https:\/\/historiografija.hr\/index.php?rest_route=\/wp\/v2\/posts"}],"about":[{"href":"https:\/\/historiografija.hr\/index.php?rest_route=\/wp\/v2\/types\/post"}],"author":[{"embeddable":true,"href":"https:\/\/historiografija.hr\/index.php?rest_route=\/wp\/v2\/users\/2"}],"replies":[{"embeddable":true,"href":"https:\/\/historiografija.hr\/index.php?rest_route=%2Fwp%2Fv2%2Fcomments&post=34369"}],"version-history":[{"count":4,"href":"https:\/\/historiografija.hr\/index.php?rest_route=\/wp\/v2\/posts\/34369\/revisions"}],"predecessor-version":[{"id":34374,"href":"https:\/\/historiografija.hr\/index.php?rest_route=\/wp\/v2\/posts\/34369\/revisions\/34374"}],"wp:featuredmedia":[{"embeddable":true,"href":"https:\/\/historiografija.hr\/index.php?rest_route=\/wp\/v2\/media\/15127"}],"wp:attachment":[{"href":"https:\/\/historiografija.hr\/index.php?rest_route=%2Fwp%2Fv2%2Fmedia&parent=34369"}],"wp:term":[{"taxonomy":"category","embeddable":true,"href":"https:\/\/historiografija.hr\/index.php?rest_route=%2Fwp%2Fv2%2Fcategories&post=34369"},{"taxonomy":"post_tag","embeddable":true,"href":"https:\/\/historiografija.hr\/index.php?rest_route=%2Fwp%2Fv2%2Ftags&post=34369"}],"curies":[{"name":"wp","href":"https:\/\/api.w.org\/{rel}","templated":true}]}}