{"id":34353,"date":"2023-02-06T18:11:11","date_gmt":"2023-02-06T18:11:11","guid":{"rendered":"http:\/\/historiografija.hr\/?p=34353"},"modified":"2023-02-06T18:16:46","modified_gmt":"2023-02-06T18:16:46","slug":"poziv-za-prijavu-na-znanstveni-skup-opcina-majur-prostor-ljudi-bastina-identitet","status":"publish","type":"post","link":"https:\/\/historiografija.hr\/?p=34353","title":{"rendered":"Poziv za prijavu na znanstveni skup \u201eOp\u0107ina Majur. Prostor, ljudi, ba\u0161tina, identitet\u201c"},"content":{"rendered":"\n<p>Pozivamo vas da sudjelujete na znanstvenom skupu \u201eOp\u0107ina Majur: prostor, ljudi, ba\u0161tina, identitet\u201c koji \u0107e se odr\u017eati u ponedjeljak 13. studenog 2023. godine u Majuru u sklopu obilje\u017eavanja trideset i druge godi\u0161njice stradanja stanovni\u0161tva sela Kostri\u0107a u Domovinskom ratu.<\/p>\n\n\n\n<hr class=\"wp-block-separator\"\/>\n\n\n\n<div class=\"wp-block-file\"><a href=\"https:\/\/historiografija.hr\/wp-content\/uploads\/2023\/02\/Poziv-na-skup-Majur-kroz-povijest.pdf\">Poziv-na-skup-Majur-kroz-povijest<\/a><a href=\"https:\/\/historiografija.hr\/wp-content\/uploads\/2023\/02\/Poziv-na-skup-Majur-kroz-povijest.pdf\" class=\"wp-block-file__button\" download>Preuzmi<\/a><\/div>\n\n\n\n<hr class=\"wp-block-separator\"\/>\n\n\n\n<div class=\"wp-block-file\"><a href=\"https:\/\/historiografija.hr\/wp-content\/uploads\/2023\/02\/Prijavni-list-Majur-kroz-povijest.doc\">Prijavni-list-Majur-kroz-povijest<\/a><a href=\"https:\/\/historiografija.hr\/wp-content\/uploads\/2023\/02\/Prijavni-list-Majur-kroz-povijest.doc\" class=\"wp-block-file__button\" download>Preuzmi<\/a><\/div>\n\n\n\n<hr class=\"wp-block-separator\"\/>\n\n\n\n<p><\/p>\n","protected":false},"excerpt":{"rendered":"","protected":false},"author":2,"featured_media":34361,"comment_status":"open","ping_status":"open","sticky":false,"template":"","format":"standard","meta":{"_acf_changed":false,"_jetpack_newsletter_access":"","_jetpack_dont_email_post_to_subs":false,"_jetpack_newsletter_tier_id":0,"_jetpack_memberships_contains_paywalled_content":false,"_jetpack_memberships_contains_paid_content":false,"footnotes":"","jetpack_publicize_message":"","jetpack_publicize_feature_enabled":true,"jetpack_social_post_already_shared":true,"jetpack_social_options":{"image_generator_settings":{"template":"highway","default_image_id":0,"font":"","enabled":false},"version":2},"jetpack_post_was_ever_published":false},"categories":[3,9],"tags":[],"class_list":["post-34353","post","type-post","status-publish","format-standard","has-post-thumbnail","hentry","category-novosti","category-skupovi"],"acf":{"facebook_opis":""},"jetpack_publicize_connections":[],"jetpack_featured_media_url":"https:\/\/i0.wp.com\/historiografija.hr\/wp-content\/uploads\/2023\/02\/Opcina_Majur.jpg?fit=1241%2C614&ssl=1","jetpack_sharing_enabled":true,"jetpack-related-posts":[{"id":53580,"url":"https:\/\/historiografija.hr\/?p=53580","url_meta":{"origin":34353,"position":0},"title":"Me\u0111unarodni znanstveni skup &#8220;Dan ekonomske historije 2026. Prostor, ljudi, ideje: Tomislav Raukar i svjetovi ekonomije&#8221;","author":"Branimir Jankovi\u0107","date":"21. svibnja 2026.","format":false,"excerpt":"Me\u0111unarodni znanstveni skup \"Dan ekonomske historije 2026. Prostor, ljudi, ideje: Tomislav Raukar i svjetovi ekonomije\" odr\u017eat \u0107e se u petak, 22. svibnja 2026. s po\u010detkom u 11 sati u Vije\u0107nici Filozofskog fakulteta Sveu\u010dili\u0161ta u Zagrebu. Programska knji\u017eica - Dan ekonomske historije 2026Preuzmi","rel":"","context":"U &quot;Novosti&quot;","block_context":{"text":"Novosti","link":"https:\/\/historiografija.hr\/?cat=3"},"img":{"alt_text":"","src":"https:\/\/i0.wp.com\/historiografija.hr\/wp-content\/uploads\/2026\/05\/Raukar.jpg?fit=875%2C414&ssl=1&resize=350%2C200","width":350,"height":200,"srcset":"https:\/\/i0.wp.com\/historiografija.hr\/wp-content\/uploads\/2026\/05\/Raukar.jpg?fit=875%2C414&ssl=1&resize=350%2C200 1x, https:\/\/i0.wp.com\/historiografija.hr\/wp-content\/uploads\/2026\/05\/Raukar.jpg?fit=875%2C414&ssl=1&resize=525%2C300 1.5x, https:\/\/i0.wp.com\/historiografija.hr\/wp-content\/uploads\/2026\/05\/Raukar.jpg?fit=875%2C414&ssl=1&resize=700%2C400 2x"},"classes":[]},{"id":55191,"url":"https:\/\/historiografija.hr\/?p=55191","url_meta":{"origin":34353,"position":1},"title":"Znanstveno-stru\u010dni skup \u201cKosinjska dolina \u2013 \u0161kolstvo, jezik, ba\u0161tina\u201d","author":"Branimir Jankovi\u0107","date":"3. rujna 2026.","format":false,"excerpt":"U suorganizaciji Hrvatskog instituta za povijest, Instituta za hrvatski jezik, Instituta dru\u0161tvenih znanosti Ivo Pilar,\u00a0 Filozofskog fakulteta Sveu\u010dili\u0161ta u Zagrebu, Sveu\u010dili\u0161ta u Zadru i Znanstvenog i kulturnog dru\u0161tva Kosinj u petak 4. rujna 2026. u osnovnoj \u0161koli An\u017e Frankopan u Gornjem Kosinju odr\u017eava se znanstveno-stru\u010dni skup \u201cKosinjska dolina \u2013 \u0161kolstvo,\u2026","rel":"","context":"U &quot;Novosti&quot;","block_context":{"text":"Novosti","link":"https:\/\/historiografija.hr\/?cat=3"},"img":{"alt_text":"","src":"https:\/\/i0.wp.com\/historiografija.hr\/wp-content\/uploads\/2026\/09\/Kosinj.png?fit=580%2C805&ssl=1&resize=350%2C200","width":350,"height":200,"srcset":"https:\/\/i0.wp.com\/historiografija.hr\/wp-content\/uploads\/2026\/09\/Kosinj.png?fit=580%2C805&ssl=1&resize=350%2C200 1x, https:\/\/i0.wp.com\/historiografija.hr\/wp-content\/uploads\/2026\/09\/Kosinj.png?fit=580%2C805&ssl=1&resize=525%2C300 1.5x"},"classes":[]},{"id":55152,"url":"https:\/\/historiografija.hr\/?p=55152","url_meta":{"origin":34353,"position":2},"title":"Znanstveno-stru\u010dni skup\u00a0\u201eKorijeni slobode \u2013 prostor Sisa\u010dko-moslava\u010dke \u017eupanije u Domovinskom ratu (1990. \u2013 1995.)\u201c","author":"Filip \u0160imunjak","date":"2. rujna 2026.","format":false,"excerpt":"Sa zadovoljstvom Vas pozivamo na znanstveno-stru\u010dni skup\u00a0\u201eKorijeni slobode \u2013 prostor Sisa\u010dko-moslava\u010dke \u017eupanije u Domovinskom ratu (1990. \u2013 1995.)\u201c, koji \u0107e se odr\u017eati u \u010detvrtak i petak, 17. i 18. rujna 2026. godine, s po\u010detkom u 10.00 sati u Galeriji Kulturno-povijesnog centra Sisa\u010dko-moslava\u010dke \u017eupanije, na adresi Rimska ulica 19 u Sisku.\u2026","rel":"","context":"U &quot;Novosti&quot;","block_context":{"text":"Novosti","link":"https:\/\/historiografija.hr\/?cat=3"},"img":{"alt_text":"","src":"https:\/\/i0.wp.com\/historiografija.hr\/wp-content\/uploads\/2026\/09\/Pozivnica-Korijeni-slobode-skup.webp?fit=1200%2C727&ssl=1&resize=350%2C200","width":350,"height":200,"srcset":"https:\/\/i0.wp.com\/historiografija.hr\/wp-content\/uploads\/2026\/09\/Pozivnica-Korijeni-slobode-skup.webp?fit=1200%2C727&ssl=1&resize=350%2C200 1x, https:\/\/i0.wp.com\/historiografija.hr\/wp-content\/uploads\/2026\/09\/Pozivnica-Korijeni-slobode-skup.webp?fit=1200%2C727&ssl=1&resize=525%2C300 1.5x, https:\/\/i0.wp.com\/historiografija.hr\/wp-content\/uploads\/2026\/09\/Pozivnica-Korijeni-slobode-skup.webp?fit=1200%2C727&ssl=1&resize=700%2C400 2x, https:\/\/i0.wp.com\/historiografija.hr\/wp-content\/uploads\/2026\/09\/Pozivnica-Korijeni-slobode-skup.webp?fit=1200%2C727&ssl=1&resize=1050%2C600 3x"},"classes":[]},{"id":54137,"url":"https:\/\/historiografija.hr\/?p=54137","url_meta":{"origin":34353,"position":3},"title":"Poziv za prijavu radova za znanstveno-knji\u017eevni skup Dana Marije Juri\u0107 Zagorke: Rod, rat i mir","author":"Branimir Jankovi\u0107","date":"17. lipnja 2026.","format":false,"excerpt":"Centar za \u017eenske studije Zagreb u suradnji s Odsjekom za komparativnu knji\u017eevnost Filozofskog fakulteta u Zagrebu i Odjelom za komunikologiju, medije i novinarstvo Sveu\u010dili\u0161ta Sjever objavljuje Poziv na znanstveno-knji\u017eevni skup s me\u0111unarodnim sudjelovanjem: ROD, RAT I MIR koji \u0107e se odr\u017eati u sklopu Dana Marije Juri\u0107 Zagorke, 27. i 28.\u2026","rel":"","context":"U &quot;Novosti&quot;","block_context":{"text":"Novosti","link":"https:\/\/historiografija.hr\/?cat=3"},"img":{"alt_text":"","src":"https:\/\/i0.wp.com\/historiografija.hr\/wp-content\/uploads\/2026\/06\/Dani-MJZ-web.png?fit=768%2C382&ssl=1&resize=350%2C200","width":350,"height":200,"srcset":"https:\/\/i0.wp.com\/historiografija.hr\/wp-content\/uploads\/2026\/06\/Dani-MJZ-web.png?fit=768%2C382&ssl=1&resize=350%2C200 1x, https:\/\/i0.wp.com\/historiografija.hr\/wp-content\/uploads\/2026\/06\/Dani-MJZ-web.png?fit=768%2C382&ssl=1&resize=525%2C300 1.5x, https:\/\/i0.wp.com\/historiografija.hr\/wp-content\/uploads\/2026\/06\/Dani-MJZ-web.png?fit=768%2C382&ssl=1&resize=700%2C400 2x"},"classes":[]},{"id":52887,"url":"https:\/\/historiografija.hr\/?p=52887","url_meta":{"origin":34353,"position":4},"title":"Znanstveni skup \u201eKalnik ju\u010der, danas, sutra\u201c","author":"Filip \u0160imunjak","date":"6. svibnja 2026.","format":false,"excerpt":"U Planinarskom domu Kalnik (Planinarac) u petak 8. svibnja 2026. odr\u017eat \u0107e se znanstveno-stru\u010dni skup \u201eKalnik ju\u010der, danas, sutra\u201c, koji okuplja znanstvenike, stru\u010dnjake i razvojne dionike s ciljem predstavljanja najnovijih istra\u017eivanja o Kalniku te otvaranja pitanja njegove obnove, valorizacije i budu\u0107e uloge u regionalnom razvoju. Program skupa strukturiran je kroz\u2026","rel":"","context":"U &quot;Novosti&quot;","block_context":{"text":"Novosti","link":"https:\/\/historiografija.hr\/?cat=3"},"img":{"alt_text":"","src":"https:\/\/i0.wp.com\/historiografija.hr\/wp-content\/uploads\/2026\/05\/Kalnik-skup-2026.jpg?fit=1200%2C675&ssl=1&resize=350%2C200","width":350,"height":200,"srcset":"https:\/\/i0.wp.com\/historiografija.hr\/wp-content\/uploads\/2026\/05\/Kalnik-skup-2026.jpg?fit=1200%2C675&ssl=1&resize=350%2C200 1x, https:\/\/i0.wp.com\/historiografija.hr\/wp-content\/uploads\/2026\/05\/Kalnik-skup-2026.jpg?fit=1200%2C675&ssl=1&resize=525%2C300 1.5x, https:\/\/i0.wp.com\/historiografija.hr\/wp-content\/uploads\/2026\/05\/Kalnik-skup-2026.jpg?fit=1200%2C675&ssl=1&resize=700%2C400 2x, https:\/\/i0.wp.com\/historiografija.hr\/wp-content\/uploads\/2026\/05\/Kalnik-skup-2026.jpg?fit=1200%2C675&ssl=1&resize=1050%2C600 3x"},"classes":[]},{"id":54813,"url":"https:\/\/historiografija.hr\/?p=54813","url_meta":{"origin":34353,"position":5},"title":"Objavljen 9. broj \u010dasopisa \u201ePodplje\u0161ivi\u010dki grani\u010dari\u201c za 2025. godinu","author":"Branimir Jankovi\u0107","date":"27. srpnja 2026.","format":false,"excerpt":"Objavljen je 9. broj \u010dasopisa \u201ePodplje\u0161ivi\u010dki grani\u010dari\u201c u kojemu se objavljuju znanstveni i stru\u010dni prilozi iz podru\u010dja povijesne znanosti. Ve\u0107ina radova su radovi autora koji su sudjelovali na znanstveno-stru\u010dnom skupu \u201cOp\u0107ina Saborsko i okolica u pro\u0161losti i sada\u0161njosti\u201d koji je odr\u017ean u Saborskom 17. svibnja 2025. Kad bi se gledalo\u2026","rel":"","context":"U &quot;\u010casopisi&quot;","block_context":{"text":"\u010casopisi","link":"https:\/\/historiografija.hr\/?cat=21"},"img":{"alt_text":"","src":"https:\/\/i0.wp.com\/historiografija.hr\/wp-content\/uploads\/2026\/07\/Podpljesivicki-granicari-scaled.jpg?fit=844%2C1200&ssl=1&resize=350%2C200","width":350,"height":200,"srcset":"https:\/\/i0.wp.com\/historiografija.hr\/wp-content\/uploads\/2026\/07\/Podpljesivicki-granicari-scaled.jpg?fit=844%2C1200&ssl=1&resize=350%2C200 1x, https:\/\/i0.wp.com\/historiografija.hr\/wp-content\/uploads\/2026\/07\/Podpljesivicki-granicari-scaled.jpg?fit=844%2C1200&ssl=1&resize=525%2C300 1.5x, https:\/\/i0.wp.com\/historiografija.hr\/wp-content\/uploads\/2026\/07\/Podpljesivicki-granicari-scaled.jpg?fit=844%2C1200&ssl=1&resize=700%2C400 2x"},"classes":[]}],"_links":{"self":[{"href":"https:\/\/historiografija.hr\/index.php?rest_route=\/wp\/v2\/posts\/34353","targetHints":{"allow":["GET"]}}],"collection":[{"href":"https:\/\/historiografija.hr\/index.php?rest_route=\/wp\/v2\/posts"}],"about":[{"href":"https:\/\/historiografija.hr\/index.php?rest_route=\/wp\/v2\/types\/post"}],"author":[{"embeddable":true,"href":"https:\/\/historiografija.hr\/index.php?rest_route=\/wp\/v2\/users\/2"}],"replies":[{"embeddable":true,"href":"https:\/\/historiografija.hr\/index.php?rest_route=%2Fwp%2Fv2%2Fcomments&post=34353"}],"version-history":[{"count":4,"href":"https:\/\/historiografija.hr\/index.php?rest_route=\/wp\/v2\/posts\/34353\/revisions"}],"predecessor-version":[{"id":34360,"href":"https:\/\/historiografija.hr\/index.php?rest_route=\/wp\/v2\/posts\/34353\/revisions\/34360"}],"wp:featuredmedia":[{"embeddable":true,"href":"https:\/\/historiografija.hr\/index.php?rest_route=\/wp\/v2\/media\/34361"}],"wp:attachment":[{"href":"https:\/\/historiografija.hr\/index.php?rest_route=%2Fwp%2Fv2%2Fmedia&parent=34353"}],"wp:term":[{"taxonomy":"category","embeddable":true,"href":"https:\/\/historiografija.hr\/index.php?rest_route=%2Fwp%2Fv2%2Fcategories&post=34353"},{"taxonomy":"post_tag","embeddable":true,"href":"https:\/\/historiografija.hr\/index.php?rest_route=%2Fwp%2Fv2%2Ftags&post=34353"}],"curies":[{"name":"wp","href":"https:\/\/api.w.org\/{rel}","templated":true}]}}