{"id":34345,"date":"2023-02-03T17:18:13","date_gmt":"2023-02-03T17:18:13","guid":{"rendered":"http:\/\/historiografija.hr\/?p=34345"},"modified":"2023-02-03T17:19:47","modified_gmt":"2023-02-03T17:19:47","slug":"zbornik-radova-zamisljanje-zene-o-ideoloskim-i-kulturnim-konceptima-zenskog-roda-u-povijesti-bosne-i-hercegovine","status":"publish","type":"post","link":"https:\/\/historiografija.hr\/?p=34345","title":{"rendered":"Zbornik radova \u201eZami\u0161ljanje \u017eene. O ideolo\u0161kim i kulturnim konceptima \u017eenskog roda u povijesti Bosne i Hercegovine\u201c"},"content":{"rendered":"\n<p>Fondacija Heinrich B\u00f6ll iz Sarajeva je objavila knjigu <em>Zami\u0161ljanje \u017eene. O ideolo\u0161kim i kulturnim konceptima \u017eenskog roda u povijesti Bosne i Hercegovine<\/em>,<a> <\/a>koju su uredile Sabina Velad\u017ei\u0107 i Aida Li\u010dina-Rami\u0107. Rije\u010d je o zborniku radova saop\u0107enih na nau\u010dnoj tribini <em>\u017dena Bosne i Hercegovine. Koncept i\/ili stvarnost na margini povijesnih, ideolo\u0161kih, kulturnih sistema<\/em> odr\u017eanoj 28.10.2021. u Historijskom muzeju u Sarajevu. Urednice zbornika su u Uvodu detaljno objasnile teorijsko polazi\u0161te ve\u0107ine radova i dinamiku pripreme nau\u010dne tribine i objavljivanje ovoga zbornika, te ukratko predstavile klju\u010dne teze koje su sadr\u017eane u pojedinim radovima.<\/p>\n\n\n\n<p>Zbornik \u201edonosi sedam nau\u010dnih radova, koji na razli\u010dite na\u010dine nude nove poglede na polo\u017eaj \u017eene u bosanskohercegova\u010dkom dru\u0161tvu kroz historiju. Radovi se na povijesnoj vremenskoj liniji kre\u0107u od srednjeg vijeka do skorije pro\u0161losti i svaki od njih predstavlja va\u017ean doprinos za razumijevanje polo\u017eaja \u017eene kroz historiju na prostoru Bosne i Hercegovine. Autori\/-ice, kroz razli\u010dite tematske, ali i hronolo\u0161ke okvire, propituju klju\u010dnu tezu koja je postavljena naslovom ovog zbornika, a to je kako se preobra\u017eava zami\u0161ljena slika \u017eene, odnosno njen definirani dru\u0161tveni polo\u017eaj i uloga kroz razli\u010dite ideolo\u0161ke i kulturne koncepte u povijesti Bosne i Hercegovine.\u201c (Iz Uvoda)<\/p>\n\n\n\n<hr class=\"wp-block-separator\"\/>\n\n\n\n<p>Izvor i opse\u017enije obavijesti:<\/p>\n\n\n\n<p><strong>Historiografija.ba<\/strong><\/p>\n\n\n\n<p><a href=\"https:\/\/historiografija.ba\/article.php?id=1691\">https:\/\/historiografija.ba\/article.php?id=1691<\/a><\/p>\n\n\n\n<hr class=\"wp-block-separator\"\/>\n\n\n\n<figure class=\"wp-block-embed-wordpress wp-block-embed is-type-wp-embed is-provider-historiografija-hr\"><div class=\"wp-block-embed__wrapper\">\n<blockquote class=\"wp-embedded-content\" data-secret=\"W9SpZECvXV\"><a href=\"https:\/\/historiografija.hr\/?p=27999\">Tribina \u201e\u017dena Bosne i Hercegovine. Koncept i\/ili stvarnost na margini povijesnih, ideolo\u0161kih i kulturnih sistema\u201c<\/a><\/blockquote><iframe loading=\"lazy\" class=\"wp-embedded-content\" sandbox=\"allow-scripts\" security=\"restricted\" style=\"position: absolute; clip: rect(1px, 1px, 1px, 1px);\" title=\"&#8220;Tribina \u201e\u017dena Bosne i Hercegovine. Koncept i\/ili stvarnost na margini povijesnih, ideolo\u0161kih i kulturnih sistema\u201c&#8221; &#8212; Historiografija.hr\" src=\"https:\/\/historiografija.hr\/?p=27999&#038;embed=true#?secret=W9SpZECvXV\" data-secret=\"W9SpZECvXV\" width=\"600\" height=\"338\" frameborder=\"0\" marginwidth=\"0\" marginheight=\"0\" scrolling=\"no\"><\/iframe>\n<\/div><\/figure>\n\n\n\n<hr class=\"wp-block-separator\"\/>\n","protected":false},"excerpt":{"rendered":"","protected":false},"author":2,"featured_media":34346,"comment_status":"open","ping_status":"open","sticky":false,"template":"","format":"standard","meta":{"_acf_changed":false,"jetpack_post_was_ever_published":false,"_jetpack_newsletter_access":"","_jetpack_dont_email_post_to_subs":false,"_jetpack_newsletter_tier_id":0,"_jetpack_memberships_contains_paywalled_content":false,"_jetpack_memberships_contains_paid_content":false,"footnotes":"","jetpack_publicize_message":"","jetpack_publicize_feature_enabled":true,"jetpack_social_post_already_shared":true,"jetpack_social_options":{"image_generator_settings":{"template":"highway","default_image_id":0,"font":"","enabled":false},"version":2}},"categories":[8,3],"tags":[],"class_list":["post-34345","post","type-post","status-publish","format-standard","has-post-thumbnail","hentry","category-knjige","category-novosti"],"acf":{"facebook_opis":""},"jetpack_publicize_connections":[],"jetpack_featured_media_url":"https:\/\/i0.wp.com\/historiografija.hr\/wp-content\/uploads\/2023\/02\/Zamisljanje-zene.jpg?fit=555%2C370&ssl=1","jetpack_sharing_enabled":true,"jetpack-related-posts":[],"_links":{"self":[{"href":"https:\/\/historiografija.hr\/index.php?rest_route=\/wp\/v2\/posts\/34345","targetHints":{"allow":["GET"]}}],"collection":[{"href":"https:\/\/historiografija.hr\/index.php?rest_route=\/wp\/v2\/posts"}],"about":[{"href":"https:\/\/historiografija.hr\/index.php?rest_route=\/wp\/v2\/types\/post"}],"author":[{"embeddable":true,"href":"https:\/\/historiografija.hr\/index.php?rest_route=\/wp\/v2\/users\/2"}],"replies":[{"embeddable":true,"href":"https:\/\/historiografija.hr\/index.php?rest_route=%2Fwp%2Fv2%2Fcomments&post=34345"}],"version-history":[{"count":2,"href":"https:\/\/historiografija.hr\/index.php?rest_route=\/wp\/v2\/posts\/34345\/revisions"}],"predecessor-version":[{"id":34348,"href":"https:\/\/historiografija.hr\/index.php?rest_route=\/wp\/v2\/posts\/34345\/revisions\/34348"}],"wp:featuredmedia":[{"embeddable":true,"href":"https:\/\/historiografija.hr\/index.php?rest_route=\/wp\/v2\/media\/34346"}],"wp:attachment":[{"href":"https:\/\/historiografija.hr\/index.php?rest_route=%2Fwp%2Fv2%2Fmedia&parent=34345"}],"wp:term":[{"taxonomy":"category","embeddable":true,"href":"https:\/\/historiografija.hr\/index.php?rest_route=%2Fwp%2Fv2%2Fcategories&post=34345"},{"taxonomy":"post_tag","embeddable":true,"href":"https:\/\/historiografija.hr\/index.php?rest_route=%2Fwp%2Fv2%2Ftags&post=34345"}],"curies":[{"name":"wp","href":"https:\/\/api.w.org\/{rel}","templated":true}]}}