{"id":34339,"date":"2023-02-03T16:54:33","date_gmt":"2023-02-03T16:54:33","guid":{"rendered":"http:\/\/historiografija.hr\/?p=34339"},"modified":"2023-02-03T16:54:33","modified_gmt":"2023-02-03T16:54:33","slug":"ivana-dobrivojevic-tomic-izmedu-nebrige-i-neznanja-zene-seksualnost-i-planiranje-porodice-u-jugoslaviji-1918-1991","status":"publish","type":"post","link":"https:\/\/historiografija.hr\/?p=34339","title":{"rendered":"Ivana Dobrivojevi\u0107 Tomi\u0107, \u201eIzme\u0111u nebrige i neznanja: \u017dene, seksualnost i planiranje porodice u Jugoslaviji (1918\u20131991)\u201c"},"content":{"rendered":"\n<p>Provokativna i inovativna istoriografska studija o polo\u017eaju \u017eene i pitanjima seksualnosti i planiranja porodice u Jugoslaviji od njenog nastanka 1918. do njene propasti 1991. godine.<br>Preispituju\u0107i polo\u017eaj \u017eene i razvoj \u017eenskih prava, autorka ispituje prirodu dru\u0161tva u Kraljevini Jugoslaviji i u socijalisti\u010dkoj Jugoslaviji.<br>Posebnu pa\u017enju autorka posve\u0107uje nedovoljno istra\u017eenom pitanju razumevanja seksualnosti, kao i pitanju planiranja porodice. Dru\u0161tvene promene, pokazuje autorka, ne ogledaju se samo u promenama ideolo\u0161kih paradigmi ili politi\u010dkih poredaka, ve\u0107 i u promenama u privatnom i intimnom \u017eivotu, u individualnim slobodama i pravima.<br>Kada seksualnost postaje javno pitnje u Jugoslaviji?<br>Kako se na abortus gledalo u Kraljevini Jugoslaviji i u socijalisti\u010dkoj Jugoslaviji?<br>Kako se menjao odnos prema seksualnom vaspitanju tokom istorije Jugoslavije?<br>Kako je kontracepcija postala va\u017eno dru\u0161tveno i politi\u010dko pitanje u obema Jugoslavijama?<\/p>\n\n\n\n<hr class=\"wp-block-separator\"\/>\n\n\n\n<p><strong>Ivana Dobrivojevi\u0107 Tomi\u0107 <\/strong>(Beograd, 1975) je zaposlena u Institutu za savremenu istoriju u zvanju vi\u0161eg nau\u010dnog saradnika.<br>Diplomirala je na Filozofskom fakultetu u Beogradu, na katedri za istoriju Jugoslavije. Na istoj katedri odbranila je magistarski rad <em>Dr\u017eavna represija u doba diktature kralja Aleksandra 1929\u20131935<\/em>, a zatim i doktorirala s temom <em>Selo i grad. Transformacija agrarnog dru\u0161tva Srbije 1945\u20131955<\/em>.<br>Bavi se ista\u017eivanjem dr\u017eavne represije u Kraljevini Jugoslaviji, industrijalizacijom socijalisti\u010dke Jugoslavije, \u017eivotnim standardom obi\u010dnih ljudi, migracijama selo-grad, \u017eivotom omladine u socijalisti\u010dkoj Jugoslaviji i planiranjem porodice.<br>Bila je visiting fellow u Imre Kertesz Kolleg-u u Jeni, Institutu za prou\u010davanje istorije isto\u010dne i jugoisto\u010dne Evrope u Regensburgu i Institutu za istoriju isto\u010dne i jugoisto\u010dne Evrope u Gracu.<br>Autorka je tri monografije i preko 60 radova objavljenih u doma\u0107im i me\u0111unarodim publikacijama.<\/p>\n\n\n\n<hr class=\"wp-block-separator\"\/>\n\n\n\n<p>Izvor:<\/p>\n\n\n\n<figure class=\"wp-block-embed-wordpress wp-block-embed is-type-wp-embed is-provider-arhipelag\"><div class=\"wp-block-embed__wrapper\">\n<blockquote class=\"wp-embedded-content\" data-secret=\"YtjemwmDaA\"><a href=\"https:\/\/www.arhipelag.rs\/knjige\/izmedu-nebrige-i-neznanja-zene-seksualnost-i-planiranje-porodice-u-jugoslaviji-1918-1991\/\">Izme\u0111u nebrige i neznanja: \u017dene, seksualnost i planiranje porodice u Jugoslaviji (1918\u20131991)<\/a><\/blockquote><iframe loading=\"lazy\" class=\"wp-embedded-content\" sandbox=\"allow-scripts\" security=\"restricted\" style=\"position: absolute; clip: rect(1px, 1px, 1px, 1px);\" title=\"&#8220;Izme\u0111u nebrige i neznanja: \u017dene, seksualnost i planiranje porodice u Jugoslaviji (1918\u20131991)&#8221; &#8212; Arhipelag\" src=\"https:\/\/www.arhipelag.rs\/knjige\/izmedu-nebrige-i-neznanja-zene-seksualnost-i-planiranje-porodice-u-jugoslaviji-1918-1991\/embed\/#?secret=pXX2qYvmMd#?secret=YtjemwmDaA\" data-secret=\"YtjemwmDaA\" width=\"600\" height=\"338\" frameborder=\"0\" marginwidth=\"0\" marginheight=\"0\" scrolling=\"no\"><\/iframe>\n<\/div><\/figure>\n\n\n\n<hr class=\"wp-block-separator\"\/>\n\n\n\n<p>Odjeci:<\/p>\n\n\n\n<p><a href=\"https:\/\/historiografija.ba\/article.php?id=1656\">https:\/\/historiografija.ba\/article.php?id=1656<\/a><\/p>\n\n\n\n<hr class=\"wp-block-separator\"\/>\n","protected":false},"excerpt":{"rendered":"","protected":false},"author":2,"featured_media":34340,"comment_status":"open","ping_status":"open","sticky":false,"template":"","format":"standard","meta":{"_acf_changed":false,"jetpack_post_was_ever_published":false,"_jetpack_newsletter_access":"","_jetpack_dont_email_post_to_subs":false,"_jetpack_newsletter_tier_id":0,"_jetpack_memberships_contains_paywalled_content":false,"_jetpack_memberships_contains_paid_content":false,"footnotes":"","jetpack_publicize_message":"","jetpack_publicize_feature_enabled":true,"jetpack_social_post_already_shared":true,"jetpack_social_options":{"image_generator_settings":{"template":"highway","default_image_id":0,"font":"","enabled":false},"version":2}},"categories":[8,3],"tags":[],"class_list":["post-34339","post","type-post","status-publish","format-standard","has-post-thumbnail","hentry","category-knjige","category-novosti"],"acf":{"facebook_opis":""},"jetpack_publicize_connections":[],"jetpack_featured_media_url":"https:\/\/i0.wp.com\/historiografija.hr\/wp-content\/uploads\/2023\/02\/Dobrivojevic.jpg?fit=945%2C1417&ssl=1","jetpack_sharing_enabled":true,"jetpack-related-posts":[],"_links":{"self":[{"href":"https:\/\/historiografija.hr\/index.php?rest_route=\/wp\/v2\/posts\/34339","targetHints":{"allow":["GET"]}}],"collection":[{"href":"https:\/\/historiografija.hr\/index.php?rest_route=\/wp\/v2\/posts"}],"about":[{"href":"https:\/\/historiografija.hr\/index.php?rest_route=\/wp\/v2\/types\/post"}],"author":[{"embeddable":true,"href":"https:\/\/historiografija.hr\/index.php?rest_route=\/wp\/v2\/users\/2"}],"replies":[{"embeddable":true,"href":"https:\/\/historiografija.hr\/index.php?rest_route=%2Fwp%2Fv2%2Fcomments&post=34339"}],"version-history":[{"count":1,"href":"https:\/\/historiografija.hr\/index.php?rest_route=\/wp\/v2\/posts\/34339\/revisions"}],"predecessor-version":[{"id":34341,"href":"https:\/\/historiografija.hr\/index.php?rest_route=\/wp\/v2\/posts\/34339\/revisions\/34341"}],"wp:featuredmedia":[{"embeddable":true,"href":"https:\/\/historiografija.hr\/index.php?rest_route=\/wp\/v2\/media\/34340"}],"wp:attachment":[{"href":"https:\/\/historiografija.hr\/index.php?rest_route=%2Fwp%2Fv2%2Fmedia&parent=34339"}],"wp:term":[{"taxonomy":"category","embeddable":true,"href":"https:\/\/historiografija.hr\/index.php?rest_route=%2Fwp%2Fv2%2Fcategories&post=34339"},{"taxonomy":"post_tag","embeddable":true,"href":"https:\/\/historiografija.hr\/index.php?rest_route=%2Fwp%2Fv2%2Ftags&post=34339"}],"curies":[{"name":"wp","href":"https:\/\/api.w.org\/{rel}","templated":true}]}}