{"id":34330,"date":"2023-02-02T19:10:21","date_gmt":"2023-02-02T19:10:21","guid":{"rendered":"http:\/\/historiografija.hr\/?p=34330"},"modified":"2023-02-02T19:13:15","modified_gmt":"2023-02-02T19:13:15","slug":"mila-orlic-identita-di-confine-storia-dellistria-e-degli-istriani-dal-1943-a-oggi-pogranicni-identiteti-povijest-istre-i-istrana-od-1943-do-danas","status":"publish","type":"post","link":"https:\/\/historiografija.hr\/?p=34330","title":{"rendered":"Mila Orli\u0107, &#8220;Identit\u00e0 di confine. Storia dell\u2019Istria e degli istriani dal 1943 a oggi&#8221; (\u201ePograni\u010dni identiteti. Povijest Istre i Istrana od 1943. do danas\u201c)"},"content":{"rendered":"\n<p>Knjiga nudi nov pogled na povijest Istre u razdoblju izme\u0111u sloma fa\u0161isti\u010dkog re\u017eima i pora\u0107a, proiza\u0161ao iz uvida u neobjavljene jugoslavenske izvore iz hrvatskih i srpskih arhiva. Analiziraju\u0107i kompliciranu dinamiku uspostavljanja narodne vlasti na istarskom poluotoku te njezinu interakciju s vi\u0161ejezi\u010dnim lokalnim stanovni\u0161tvom, autorica isti\u010de slo\u017eenost pograni\u010dnog podru\u010dja, obilje\u017eenog vi\u0161estrukim, promjenjivim i \u010desto neodredivim oblicima identifikacije. Pogled odozdo omogu\u0107uje uvid u postojanje razli\u010ditih dru\u0161tvenih i kulturnih odnosa nesvodivih na nacionalne kategorije i nacionalisti\u010dke reprezentacije, u kontekstu definiranja novih granica izme\u0111u Italije i Jugoslavije nakon Drugog svjetskog rata. Knjiga se osvr\u0107e i na kriti\u010dko promi\u0161ljanje ove teme u talijanskom javnom prostoru i historiografiji, kroz analizu problemati\u010dne integracije istarskih izbjeglica u poslijeratnoj Italiji te isprepletenosti njihovih narativa kao \u201eizgnanika\u201c s recentnom politikom sje\u0107anja.<\/p>\n\n\n\n<hr class=\"wp-block-separator\"\/>\n\n\n\n<p>Questo libro propone una nuova prospettiva sulla storia dell\u2019Istria tra il crollo del regime fascista e il dopoguerra con l\u2019uso di inedite fonti jugoslave dagli archivi croati e serbi. Attraverso l\u2019analisi delle dinamiche di instaurazione del potere popolare e delle loro interazioni con una societ\u00e0 locale plurilinguistica, l\u2019autrice mette in luce la complessit\u00e0 di una regione di confine, caratterizzata da molteplici, mutevoli e spesso indefinibili forme d\u2019identificazione. Lo sguardo dal basso permette di ricostruire una variet\u00e0 di relazioni sociali e culturali irriducibili alle categorie nazionali e alle rappresentazioni nazionaliste, nel contesto di definizione dei nuovi confini tra Italia e Jugoslavia nel secondo dopoguerra. Il libro offre, infine, una riflessione critica sull\u2019impatto pubblico di questi temi, analizzando la problematica integrazione dei profughi istriani nel\u00adl\u2019Italia del dopoguerra e indagando l\u2019intreccio delle loro narrazioni da \u201cesuli\u201d con le pi\u00f9 recenti politiche della memoria.<\/p>\n\n\n\n<hr class=\"wp-block-separator\"\/>\n\n\n\n<p>INDICE<\/p>\n\n\n\n<ul class=\"wp-block-list\"><li>Introduzione<\/li><li>1. Tra la guerra e la rivoluzione<ul><li>1. \u00abLa coscienza nazionale solo ora inizia a risvegliarsi\u00bb<\/li><li>2. Classe e nazione: l\u2019identit\u00e0 degli opposti<\/li><li>3. La necessit\u00e0 di \u00abuna nuova rieducazione\u00bb<\/li><li>4. L\u2019autunno del 1943<\/li><li>5. \u00abAlle masse non interessa chi prender\u00e0 il potere, solo che finisca la guerra\u00bb<\/li><\/ul><\/li><li>2. La difficile transizione nel lungo dopoguerra istriano<ul><li>1. La rivoluzione jugoslava<\/li><li>2. L\u2019instaurazione del potere popolare in Istria<\/li><li>3. \u00abNoi non possiamo portare all\u2019improvviso il latte e il miele\u00bb<\/li><li>4. Terra, libert\u00e0 e giustizia per i contadini<\/li><li>5. \u00abNelle campagne si \u00e8 creato il fronte: Tito e Cristo\u00bb<\/li><\/ul><\/li><li>3. Diplomazia e opzioni<ul><li>1. Il censimento del 1945: i non appartenenti<\/li><li>2. La lotta diplomatica per l\u2019Istria: l\u2019arrivo della Commissione interalleata<\/li><li>3. La Conferenza di pace e le opzioni<\/li><li>4. Chi sono gli italofoni in Istria?<\/li><li>5. Chi resta e chi arriva<\/li><\/ul><\/li><li>4. In una patria ostile<ul><li>1. La propaganda all\u2019italianit\u00e0<\/li><li>2. \u00abSiamo venuti in un posto dove erano pi\u00f9 comunisti che di l\u00e0\u00bb<\/li><li>3. \u00abStranieri in patria\u00bb, \u00abrimasti\u00bb in Istria<\/li><li>4. Memorie conformate<\/li><li>5. Memorie pubbliche e rappresentazione del nemico nell\u2019Alto Adriatico<\/li><\/ul><\/li><li>Indice dei nomi<\/li><\/ul>\n\n\n\n<hr class=\"wp-block-separator\"\/>\n\n\n\n<p>AUTORI<\/p>\n\n\n\n<p><strong>Mila Orli\u0107<\/strong> vive a Trieste e insegna al Dipartimento di storia dell\u2019Universit\u00e0 di Rijeka\/Fiume (Croazia). Si \u00e8 occupata delle forme e delle ideologie del potere comunista in Jugoslavia e del rapporto tra storia e memoria, degli spostamenti di popolazione dall\u2019Istria nel secondo dopoguerra e, pi\u00f9 in generale, di storia sociale nelle <em>borderlands<\/em>. Ha scritto, con Boris Pahor, <em>Tre volte no. Memorie di un uomo libero<\/em> (Rizzoli 2009).<\/p>\n\n\n\n<hr class=\"wp-block-separator\"\/>\n\n\n\n<p><a href=\"https:\/\/www.viella.it\/libro\/9791254691991\">https:\/\/www.viella.it\/libro\/9791254691991<\/a><\/p>\n\n\n\n<hr class=\"wp-block-separator\"\/>\n\n\n\n<div class=\"wp-block-file\"><a href=\"https:\/\/historiografija.hr\/wp-content\/uploads\/2023\/02\/Identita\u0300-di-confine_cover.pdf\">Identita\u0300-di-confine_cover<\/a><a href=\"https:\/\/historiografija.hr\/wp-content\/uploads\/2023\/02\/Identita\u0300-di-confine_cover.pdf\" class=\"wp-block-file__button\" download>Preuzmi<\/a><\/div>\n\n\n\n<hr class=\"wp-block-separator\"\/>\n","protected":false},"excerpt":{"rendered":"","protected":false},"author":2,"featured_media":34335,"comment_status":"open","ping_status":"open","sticky":false,"template":"","format":"standard","meta":{"_acf_changed":false,"jetpack_post_was_ever_published":false,"_jetpack_newsletter_access":"","_jetpack_dont_email_post_to_subs":false,"_jetpack_newsletter_tier_id":0,"_jetpack_memberships_contains_paywalled_content":false,"_jetpack_memberships_contains_paid_content":false,"footnotes":"","jetpack_publicize_message":"","jetpack_publicize_feature_enabled":true,"jetpack_social_post_already_shared":true,"jetpack_social_options":{"image_generator_settings":{"template":"highway","default_image_id":0,"font":"","enabled":false},"version":2}},"categories":[8,3],"tags":[],"class_list":["post-34330","post","type-post","status-publish","format-standard","has-post-thumbnail","hentry","category-knjige","category-novosti"],"acf":{"facebook_opis":""},"jetpack_publicize_connections":[],"jetpack_featured_media_url":"https:\/\/i0.wp.com\/historiografija.hr\/wp-content\/uploads\/2023\/02\/Mila_Orlic.jpg?fit=600%2C374&ssl=1","jetpack_sharing_enabled":true,"jetpack-related-posts":[],"_links":{"self":[{"href":"https:\/\/historiografija.hr\/index.php?rest_route=\/wp\/v2\/posts\/34330","targetHints":{"allow":["GET"]}}],"collection":[{"href":"https:\/\/historiografija.hr\/index.php?rest_route=\/wp\/v2\/posts"}],"about":[{"href":"https:\/\/historiografija.hr\/index.php?rest_route=\/wp\/v2\/types\/post"}],"author":[{"embeddable":true,"href":"https:\/\/historiografija.hr\/index.php?rest_route=\/wp\/v2\/users\/2"}],"replies":[{"embeddable":true,"href":"https:\/\/historiografija.hr\/index.php?rest_route=%2Fwp%2Fv2%2Fcomments&post=34330"}],"version-history":[{"count":3,"href":"https:\/\/historiografija.hr\/index.php?rest_route=\/wp\/v2\/posts\/34330\/revisions"}],"predecessor-version":[{"id":34336,"href":"https:\/\/historiografija.hr\/index.php?rest_route=\/wp\/v2\/posts\/34330\/revisions\/34336"}],"wp:featuredmedia":[{"embeddable":true,"href":"https:\/\/historiografija.hr\/index.php?rest_route=\/wp\/v2\/media\/34335"}],"wp:attachment":[{"href":"https:\/\/historiografija.hr\/index.php?rest_route=%2Fwp%2Fv2%2Fmedia&parent=34330"}],"wp:term":[{"taxonomy":"category","embeddable":true,"href":"https:\/\/historiografija.hr\/index.php?rest_route=%2Fwp%2Fv2%2Fcategories&post=34330"},{"taxonomy":"post_tag","embeddable":true,"href":"https:\/\/historiografija.hr\/index.php?rest_route=%2Fwp%2Fv2%2Ftags&post=34330"}],"curies":[{"name":"wp","href":"https:\/\/api.w.org\/{rel}","templated":true}]}}