{"id":34326,"date":"2023-02-02T18:57:48","date_gmt":"2023-02-02T18:57:48","guid":{"rendered":"http:\/\/historiografija.hr\/?p=34326"},"modified":"2023-02-02T18:58:16","modified_gmt":"2023-02-02T18:58:16","slug":"cfp-exiles-from-hungary-yugoslavia-and-czechoslovakia-1945-1989","status":"publish","type":"post","link":"https:\/\/historiografija.hr\/?p=34326","title":{"rendered":"CfP: Exiles from Hungary, Yugoslavia and Czechoslovakia, 1945-1989"},"content":{"rendered":"\n<p>In recent decades, the topic of exile has often fallen outside the focus of migration research, which saw its task, among other things, in undermining narratives of national unity. There was little that could be done with the person who fled his homeland for political reasons and\/or expatriated and was bound to it precisely for that reason. However, our current situation shows that the topic of exile has by no means disappeared from the agenda, because in the form of expelled or fled intellectuals from the East Slavic region, corresponding environments are just beginning to re-emerge. Moreover, the widespread juxtaposition of &#8220;cosmopolitan&#8221; migration studies and &#8220;homeland-based&#8221; emigration studies is a rather epistemic dispute that prevents a better understanding of the manifold entanglements between migration and emigration.<\/p>\n\n\n\n<p>This conference aims to give new impetus to the study of exile through emigration and to make visible research that deals with the many sources on the history of Hungarian, Czechoslovak, and Yugoslav exile, which are often stored in a decentralized manner and have been little used up to now. By comparing three exile milieus, we hope to better grasp the diversity of the phenomenon. Among other things, we aim to better understand whether and how the nature of the original impulse to flee affected the exile. Yugoslav exile is historically the oldest, its foundation laid as early as 1944\/1945, when hundreds of thousands fled the bloody reckoning of communist partisans with their civil war opponents. Many exiles not only held anti-communist views, but were also opposed to the Yugoslav state as such and would have preferred the creation of their own nation-state. Hungarian exile emerged in several waves: at the end of World War II in 1945, after the communist enforced Gleichschaltung in 1948, and then as a result of the suppression of the 1956 uprising, which was directed against communist rule but not at all against the Hungarian nation-state. Czechoslovak exile, which experienced the first postwar anti-Communist wave in 1948, swelled after the end of the Prague Spring in 1968, drawing its impetus from frustration that a different, more humane socialism had been prevented at home.<\/p>\n\n\n\n<p>Starting from these different basic impulses, we will explore the question of the extent to which the exile milieus from the three communist-ruled countries were similar or different. In addition, we want to shed light on the inner plurality of these milieus, which ranged from comparatively closed circles of military and political exile to literary and cultural workers who, as time progressed, only partially saw themselves as exiles. Literary exile, its relationship to language, the concepts of space and time, its thematic and reader circles, probably has a special bridging function here.<\/p>\n\n\n\n<p>The organizers welcome contributions &#8211; in German or English &#8211; from disciplines in the humanities and social sciences. Contributions may deal with institutions, currents, or even individual personalities of Hungarian, Czechoslovak, or Yugoslav exile. They may also focus on interrelationships, whether between the various national exile milieus, between the exiles and their countries of origin, or between them and the majority society surrounding them in exile. A publication of the results is planned in the Ungarn-Jahrbuch. Zeitschrift f\u00fcr interdisziplin\u00e4re Hungarologie or in the book series Studia Hungarica.<\/p>\n\n\n\n<p>We look forward to receiving your application with a short curriculum vitae and an expos\u00e9 of no more than one page by April 30, 2023.<br>Please send applications to the contact address Hungaricum &#8211; Hungarian Institute of the University of Regensburg: uim@ungarisches-institut.de.<\/p>\n\n\n\n<p>On behalf of the organizers,<br>Andr\u00e1s F. Balogh, Klaus Buchenau, Zsolt K. Lengyel und Marek Nekula<\/p>\n\n\n\n<p>Hungaricum \u2013 Ungarisches Institut (HUI) der Universit\u00e4t Regensburg<br>Landshuter Stra\u00dfe 4, D\u201393047 Regensburg <\/p>\n\n\n\n<hr class=\"wp-block-separator\"\/>\n\n\n\n<p>Exiles from Hungary, Yugoslavia and Czechoslovakia, 1945-1989. In: H-Soz-Kult, 31.01.2023, <\/p>\n\n\n\n<p><a href=\"http:\/\/www.hsozkult.de\/event\/id\/event-133582\">&lt;www.hsozkult.de\/event\/id\/event-133582><\/a><\/p>\n\n\n\n<hr class=\"wp-block-separator\"\/>\n","protected":false},"excerpt":{"rendered":"","protected":false},"author":2,"featured_media":6331,"comment_status":"open","ping_status":"open","sticky":false,"template":"","format":"standard","meta":{"_acf_changed":false,"_jetpack_newsletter_access":"","_jetpack_dont_email_post_to_subs":false,"_jetpack_newsletter_tier_id":0,"_jetpack_memberships_contains_paywalled_content":false,"_jetpack_memberships_contains_paid_content":false,"footnotes":"","jetpack_publicize_message":"","jetpack_publicize_feature_enabled":true,"jetpack_social_post_already_shared":true,"jetpack_social_options":{"image_generator_settings":{"template":"highway","default_image_id":0,"font":"","enabled":false},"version":2},"jetpack_post_was_ever_published":false},"categories":[3,9],"tags":[],"class_list":["post-34326","post","type-post","status-publish","format-standard","has-post-thumbnail","hentry","category-novosti","category-skupovi"],"acf":{"facebook_opis":""},"jetpack_publicize_connections":[],"jetpack_featured_media_url":"https:\/\/i0.wp.com\/historiografija.hr\/wp-content\/uploads\/2017\/10\/hsozkult.png?fit=1006%2C241&ssl=1","jetpack_sharing_enabled":true,"jetpack-related-posts":[{"id":52996,"url":"https:\/\/historiografija.hr\/?p=52996","url_meta":{"origin":34326,"position":0},"title":"Nikolina \u017didek, &#8220;The Croatian Diaspora in Argentina&#8221;","author":"Filip \u0160imunjak","date":"8. svibnja 2026.","format":false,"excerpt":"Description Following the collapse of the fascist Independent State of Croatia (1941\u20131945), around 10,000 political \u00e9migr\u00e9s fled to Per\u00f3n\u2019s Argentina. This study traces the Croatian diaspora\u2019s evolution from its founding to the present. Initially marked by trauma \u2013 military defeat, exile, and reprisals\u2014the community redefined its identity within Cold War\u2026","rel":"","context":"U &quot;Knjige&quot;","block_context":{"text":"Knjige","link":"https:\/\/historiografija.hr\/?cat=8"},"img":{"alt_text":"","src":"https:\/\/i0.wp.com\/historiografija.hr\/wp-content\/uploads\/2026\/05\/NIKOLINA-ZIDEK-%E2%80%9ETHE-CROATIAN-DIASPORA-IN-ARGENTINA-scaled.webp?fit=795%2C1200&ssl=1&resize=350%2C200","width":350,"height":200,"srcset":"https:\/\/i0.wp.com\/historiografija.hr\/wp-content\/uploads\/2026\/05\/NIKOLINA-ZIDEK-%E2%80%9ETHE-CROATIAN-DIASPORA-IN-ARGENTINA-scaled.webp?fit=795%2C1200&ssl=1&resize=350%2C200 1x, https:\/\/i0.wp.com\/historiografija.hr\/wp-content\/uploads\/2026\/05\/NIKOLINA-ZIDEK-%E2%80%9ETHE-CROATIAN-DIASPORA-IN-ARGENTINA-scaled.webp?fit=795%2C1200&ssl=1&resize=525%2C300 1.5x, https:\/\/i0.wp.com\/historiografija.hr\/wp-content\/uploads\/2026\/05\/NIKOLINA-ZIDEK-%E2%80%9ETHE-CROATIAN-DIASPORA-IN-ARGENTINA-scaled.webp?fit=795%2C1200&ssl=1&resize=700%2C400 2x"},"classes":[]},{"id":54738,"url":"https:\/\/historiografija.hr\/?p=54738","url_meta":{"origin":34326,"position":1},"title":"Call for Papers: International Medieval Congress 2027 &#8211; &#8216;Communities&#8217;","author":"Branimir Jankovi\u0107","date":"22. srpnja 2026.","format":false,"excerpt":"IMC 2027 will take place from Monday 05 July to Thursday 08 July 2027 and this will be the sixth fully-hybrid event. There will be an in-person gathering in Leeds with a virtual component for those unable to attend in person. Call for Papers: IMC 2027 - Communities The IMC\u2026","rel":"","context":"U &quot;Novosti&quot;","block_context":{"text":"Novosti","link":"https:\/\/historiografija.hr\/?cat=3"},"img":{"alt_text":"","src":"https:\/\/i0.wp.com\/historiografija.hr\/wp-content\/uploads\/2026\/07\/CfP-Leeds-2027.jpg?fit=1200%2C675&ssl=1&resize=350%2C200","width":350,"height":200,"srcset":"https:\/\/i0.wp.com\/historiografija.hr\/wp-content\/uploads\/2026\/07\/CfP-Leeds-2027.jpg?fit=1200%2C675&ssl=1&resize=350%2C200 1x, https:\/\/i0.wp.com\/historiografija.hr\/wp-content\/uploads\/2026\/07\/CfP-Leeds-2027.jpg?fit=1200%2C675&ssl=1&resize=525%2C300 1.5x, https:\/\/i0.wp.com\/historiografija.hr\/wp-content\/uploads\/2026\/07\/CfP-Leeds-2027.jpg?fit=1200%2C675&ssl=1&resize=700%2C400 2x, https:\/\/i0.wp.com\/historiografija.hr\/wp-content\/uploads\/2026\/07\/CfP-Leeds-2027.jpg?fit=1200%2C675&ssl=1&resize=1050%2C600 3x"},"classes":[]},{"id":54031,"url":"https:\/\/historiografija.hr\/?p=54031","url_meta":{"origin":34326,"position":2},"title":"Call for Book Chapters: Alternatives to the Nation-State: Federalism, Autonomy, and Post-Imperial Imaginaries in the Mediterranean Long Nineteenth Century","author":"Branimir Jankovi\u0107","date":"11. lipnja 2026.","format":false,"excerpt":"Workshop Date: September 24, 2026 - September 25, 2026 Location: Greece Subject Fields: Intellectual History, Modern European History \/ Studies \u00a0 \u00a0 \u00a0 \u00a0 \u00a0 \u00a0 \u00a0 \u00a0 \u00a0 \u00a0 \u00a0 \u00a0 \u00a0 \u00a0 \u00a0 \u00a0 \u00a0 \u00a0 \u00a0 \u00a0 \u00a0 \u00a0 \u00a0 \u00a0 \u00a0 \u00a0 \u00a0 \u00a0 \u00a0 \u00a0\u2026","rel":"","context":"U &quot;Novosti&quot;","block_context":{"text":"Novosti","link":"https:\/\/historiografija.hr\/?cat=3"},"img":{"alt_text":"","src":"https:\/\/i0.wp.com\/historiografija.hr\/wp-content\/uploads\/2026\/06\/HNet_Logo_with_tag.png?fit=1200%2C424&ssl=1&resize=350%2C200","width":350,"height":200,"srcset":"https:\/\/i0.wp.com\/historiografija.hr\/wp-content\/uploads\/2026\/06\/HNet_Logo_with_tag.png?fit=1200%2C424&ssl=1&resize=350%2C200 1x, https:\/\/i0.wp.com\/historiografija.hr\/wp-content\/uploads\/2026\/06\/HNet_Logo_with_tag.png?fit=1200%2C424&ssl=1&resize=525%2C300 1.5x, https:\/\/i0.wp.com\/historiografija.hr\/wp-content\/uploads\/2026\/06\/HNet_Logo_with_tag.png?fit=1200%2C424&ssl=1&resize=700%2C400 2x, https:\/\/i0.wp.com\/historiografija.hr\/wp-content\/uploads\/2026\/06\/HNet_Logo_with_tag.png?fit=1200%2C424&ssl=1&resize=1050%2C600 3x"},"classes":[]},{"id":54256,"url":"https:\/\/historiografija.hr\/?p=54256","url_meta":{"origin":34326,"position":3},"title":"CfP Seventh biennial conference Past, Present, Future (Pula, Croatia, October 15\u201316, 2026)","author":"Branimir Jankovi\u0107","date":"22. lipnja 2026.","format":false,"excerpt":"Call for Papers Bonds of Unity: Solidarity and Society Across History Seventh biennial conference in the series Past, Present, Future Pula, Croatia, October 15\u201316, 2026 In recent years, the concept of solidarity has once again emerged as a central topic in public discourse. Economic inequalities, migration, demographic changes, political polarization,\u2026","rel":"","context":"U &quot;Novosti&quot;","block_context":{"text":"Novosti","link":"https:\/\/historiografija.hr\/?cat=3"},"img":{"alt_text":"","src":"https:\/\/i0.wp.com\/historiografija.hr\/wp-content\/uploads\/2026\/06\/PPF-2026.jpg?fit=1200%2C422&ssl=1&resize=350%2C200","width":350,"height":200,"srcset":"https:\/\/i0.wp.com\/historiografija.hr\/wp-content\/uploads\/2026\/06\/PPF-2026.jpg?fit=1200%2C422&ssl=1&resize=350%2C200 1x, https:\/\/i0.wp.com\/historiografija.hr\/wp-content\/uploads\/2026\/06\/PPF-2026.jpg?fit=1200%2C422&ssl=1&resize=525%2C300 1.5x, https:\/\/i0.wp.com\/historiografija.hr\/wp-content\/uploads\/2026\/06\/PPF-2026.jpg?fit=1200%2C422&ssl=1&resize=700%2C400 2x, https:\/\/i0.wp.com\/historiografija.hr\/wp-content\/uploads\/2026\/06\/PPF-2026.jpg?fit=1200%2C422&ssl=1&resize=1050%2C600 3x"},"classes":[]},{"id":53790,"url":"https:\/\/historiografija.hr\/?p=53790","url_meta":{"origin":34326,"position":4},"title":"&#8220;The Balkans in the Seventh Century: Ethnic and Cultural Transformations&#8221;, eds. P. Sophoulis, G. Kardaras","author":"Filip \u0160imunjak","date":"2. lipnja 2026.","format":false,"excerpt":"The seventh century was a period of radical transformation in the Balkans in terms of political, social, and economic history. The decline in Byzantine power led to the collapse of ancient urban civilization, the arrival of new populations from eastern Europe and the steppes, and, subsequently, the establishment of new\u2026","rel":"","context":"U &quot;Knjige&quot;","block_context":{"text":"Knjige","link":"https:\/\/historiografija.hr\/?cat=8"},"img":{"alt_text":"","src":"https:\/\/i0.wp.com\/historiografija.hr\/wp-content\/uploads\/2026\/05\/Balkans-7th-century.webp?fit=596%2C888&ssl=1&resize=350%2C200","width":350,"height":200,"srcset":"https:\/\/i0.wp.com\/historiografija.hr\/wp-content\/uploads\/2026\/05\/Balkans-7th-century.webp?fit=596%2C888&ssl=1&resize=350%2C200 1x, https:\/\/i0.wp.com\/historiografija.hr\/wp-content\/uploads\/2026\/05\/Balkans-7th-century.webp?fit=596%2C888&ssl=1&resize=525%2C300 1.5x"},"classes":[]},{"id":54410,"url":"https:\/\/historiografija.hr\/?p=54410","url_meta":{"origin":34326,"position":5},"title":"CfA: Teaching World History in the Postmodern Classroom","author":"Branimir Jankovi\u0107","date":"1. srpnja 2026.","format":false,"excerpt":"World History Bulletin, a publication of the World History Association (WHA), is seeking contributions from educators, university faculty, curriculum specialists, public historians, graduate students, and educational researchers for its upcoming issue on \u201cTeaching World History in the Postmodern Classroom.\u201d Teaching World History in the Postmodern Classroom Guest edited by Heather\u2026","rel":"","context":"U &quot;Novosti&quot;","block_context":{"text":"Novosti","link":"https:\/\/historiografija.hr\/?cat=3"},"img":{"alt_text":"","src":"https:\/\/i0.wp.com\/historiografija.hr\/wp-content\/uploads\/2026\/07\/World-history-association.png?fit=1156%2C619&ssl=1&resize=350%2C200","width":350,"height":200,"srcset":"https:\/\/i0.wp.com\/historiografija.hr\/wp-content\/uploads\/2026\/07\/World-history-association.png?fit=1156%2C619&ssl=1&resize=350%2C200 1x, https:\/\/i0.wp.com\/historiografija.hr\/wp-content\/uploads\/2026\/07\/World-history-association.png?fit=1156%2C619&ssl=1&resize=525%2C300 1.5x, https:\/\/i0.wp.com\/historiografija.hr\/wp-content\/uploads\/2026\/07\/World-history-association.png?fit=1156%2C619&ssl=1&resize=700%2C400 2x, https:\/\/i0.wp.com\/historiografija.hr\/wp-content\/uploads\/2026\/07\/World-history-association.png?fit=1156%2C619&ssl=1&resize=1050%2C600 3x"},"classes":[]}],"_links":{"self":[{"href":"https:\/\/historiografija.hr\/index.php?rest_route=\/wp\/v2\/posts\/34326","targetHints":{"allow":["GET"]}}],"collection":[{"href":"https:\/\/historiografija.hr\/index.php?rest_route=\/wp\/v2\/posts"}],"about":[{"href":"https:\/\/historiografija.hr\/index.php?rest_route=\/wp\/v2\/types\/post"}],"author":[{"embeddable":true,"href":"https:\/\/historiografija.hr\/index.php?rest_route=\/wp\/v2\/users\/2"}],"replies":[{"embeddable":true,"href":"https:\/\/historiografija.hr\/index.php?rest_route=%2Fwp%2Fv2%2Fcomments&post=34326"}],"version-history":[{"count":2,"href":"https:\/\/historiografija.hr\/index.php?rest_route=\/wp\/v2\/posts\/34326\/revisions"}],"predecessor-version":[{"id":34328,"href":"https:\/\/historiografija.hr\/index.php?rest_route=\/wp\/v2\/posts\/34326\/revisions\/34328"}],"wp:featuredmedia":[{"embeddable":true,"href":"https:\/\/historiografija.hr\/index.php?rest_route=\/wp\/v2\/media\/6331"}],"wp:attachment":[{"href":"https:\/\/historiografija.hr\/index.php?rest_route=%2Fwp%2Fv2%2Fmedia&parent=34326"}],"wp:term":[{"taxonomy":"category","embeddable":true,"href":"https:\/\/historiografija.hr\/index.php?rest_route=%2Fwp%2Fv2%2Fcategories&post=34326"},{"taxonomy":"post_tag","embeddable":true,"href":"https:\/\/historiografija.hr\/index.php?rest_route=%2Fwp%2Fv2%2Ftags&post=34326"}],"curies":[{"name":"wp","href":"https:\/\/api.w.org\/{rel}","templated":true}]}}