{"id":34314,"date":"2023-02-01T12:36:15","date_gmt":"2023-02-01T12:36:15","guid":{"rendered":"http:\/\/historiografija.hr\/?p=34314"},"modified":"2023-02-01T12:36:15","modified_gmt":"2023-02-01T12:36:15","slug":"hismus-anketa-prva-stalna-izlozba","status":"publish","type":"post","link":"https:\/\/historiografija.hr\/?p=34314","title":{"rendered":"HISMUS Anketa \u2013 prva stalna izlo\u017eba"},"content":{"rendered":"\n<p>Sudjelujte i vi u stvaranju prve stalne izlo\u017ebe Hrvatskog povijesnog muzeja!<\/p>\n\n\n\n<p>Novim prostornim rje\u0161enjem Hrvatski povijesni muzej koncepcijski promi\u0161lja svoju prvu stalnu izlo\u017ebu na dvije lokacije: u baroknoj Pala\u010di Vojkovi\u0107-Or\u0161i\u0107-Kulmer-Rauch (Mato\u0161eva 9), gdje privremeno djeluje od 1959. godine te u novom prostoru obli\u017enje Pala\u010de Hidrometeorolo\u0161kog zavoda (Gri\u010d 3). Pala\u010de stradale u potresu 2020. godine, u fazi su konstrukcijske obnove nakon \u010dega slijedi njihova cjelovita obnova s realizacijom stalne izlo\u017ebe.<\/p>\n\n\n\n<p>U tom slo\u017eenom interdisciplinarnom procesu stvaranja izlo\u017ebe va\u017ean i neizostavan dio rada je provo\u0111enje istra\u017eivanja publike i muzejskog posjeta. Uz primjenu rezultata dosada\u0161njih istra\u017eivanja svoje publike, a u cilju dobivanja novih informacija i mi\u0161ljenja potencijalnih posjetitelja o stalnoj izlo\u017ebi koja se priprema, Muzej je u suradnji s muzeologinjom dr.sc. \u017deljkom Miklo\u0161evi\u0107 odlu\u010dio pokrenuti anketno istra\u017eivanje.&nbsp;&nbsp;<\/p>\n\n\n\n<p>Klikom na poveznicu: <a href=\"https:\/\/survey.alchemer.com\/s3\/7184978\/Hrvatski-povijesni-muzej-stalna-izlo-ba\">https:\/\/survey.alchemer.com\/s3\/7184978\/Hrvatski-povijesni-muzej-stalna-izlo-ba<\/a> pozivamo vas da ispunite on-line anketu i pomognete Hrvatskom povijesnom muzeju u radu na pripremi prve stalne izlo\u017ebe.<\/p>\n\n\n\n<p>Unaprijed Vam se zahvaljujemo.<\/p>\n\n\n\n<hr class=\"wp-block-separator\"\/>\n\n\n\n<p>Izvori:<\/p>\n\n\n\n<p><a href=\"https:\/\/www.hismus.hr\/hr\/novosti\/aktualno\/ostalo\/anketa-muzeja-stalna-izlozba\/\">https:\/\/www.hismus.hr\/hr\/novosti\/aktualno\/ostalo\/anketa-muzeja-stalna-izlozba\/<\/a><\/p>\n\n\n\n<p><a href=\"https:\/\/mdc.hr\/hr\/kalendar\/pregled-mjeseca\/sudjelujte-i-vi-u-stvaranju-prve-stalne-izlozbe-hrvatskog-povijesnog-muzeja!,107947.html?date=30-01-2023\">https:\/\/mdc.hr\/hr\/kalendar\/pregled-mjeseca\/sudjelujte-i-vi-u-stvaranju-prve-stalne-izlozbe-hrvatskog-povijesnog-muzeja!,107947.html?date=30-01-2023<\/a><\/p>\n\n\n\n<hr class=\"wp-block-separator\"\/>\n","protected":false},"excerpt":{"rendered":"","protected":false},"author":2,"featured_media":34315,"comment_status":"open","ping_status":"open","sticky":false,"template":"","format":"standard","meta":{"_acf_changed":false,"jetpack_post_was_ever_published":false,"_jetpack_newsletter_access":"","_jetpack_dont_email_post_to_subs":false,"_jetpack_newsletter_tier_id":0,"_jetpack_memberships_contains_paywalled_content":false,"_jetpack_memberships_contains_paid_content":false,"footnotes":"","jetpack_publicize_message":"","jetpack_publicize_feature_enabled":true,"jetpack_social_post_already_shared":true,"jetpack_social_options":{"image_generator_settings":{"template":"highway","default_image_id":0,"font":"","enabled":false},"version":2}},"categories":[10,3],"tags":[],"class_list":["post-34314","post","type-post","status-publish","format-standard","has-post-thumbnail","hentry","category-izlozbe","category-novosti"],"acf":{"facebook_opis":""},"jetpack_publicize_connections":[],"jetpack_featured_media_url":"https:\/\/i0.wp.com\/historiografija.hr\/wp-content\/uploads\/2023\/02\/HPM-DHMZ.jpg?fit=1400%2C940&ssl=1","jetpack_sharing_enabled":true,"jetpack-related-posts":[],"_links":{"self":[{"href":"https:\/\/historiografija.hr\/index.php?rest_route=\/wp\/v2\/posts\/34314","targetHints":{"allow":["GET"]}}],"collection":[{"href":"https:\/\/historiografija.hr\/index.php?rest_route=\/wp\/v2\/posts"}],"about":[{"href":"https:\/\/historiografija.hr\/index.php?rest_route=\/wp\/v2\/types\/post"}],"author":[{"embeddable":true,"href":"https:\/\/historiografija.hr\/index.php?rest_route=\/wp\/v2\/users\/2"}],"replies":[{"embeddable":true,"href":"https:\/\/historiografija.hr\/index.php?rest_route=%2Fwp%2Fv2%2Fcomments&post=34314"}],"version-history":[{"count":1,"href":"https:\/\/historiografija.hr\/index.php?rest_route=\/wp\/v2\/posts\/34314\/revisions"}],"predecessor-version":[{"id":34316,"href":"https:\/\/historiografija.hr\/index.php?rest_route=\/wp\/v2\/posts\/34314\/revisions\/34316"}],"wp:featuredmedia":[{"embeddable":true,"href":"https:\/\/historiografija.hr\/index.php?rest_route=\/wp\/v2\/media\/34315"}],"wp:attachment":[{"href":"https:\/\/historiografija.hr\/index.php?rest_route=%2Fwp%2Fv2%2Fmedia&parent=34314"}],"wp:term":[{"taxonomy":"category","embeddable":true,"href":"https:\/\/historiografija.hr\/index.php?rest_route=%2Fwp%2Fv2%2Fcategories&post=34314"},{"taxonomy":"post_tag","embeddable":true,"href":"https:\/\/historiografija.hr\/index.php?rest_route=%2Fwp%2Fv2%2Ftags&post=34314"}],"curies":[{"name":"wp","href":"https:\/\/api.w.org\/{rel}","templated":true}]}}