{"id":34311,"date":"2023-02-01T12:33:02","date_gmt":"2023-02-01T12:33:02","guid":{"rendered":"http:\/\/historiografija.hr\/?p=34311"},"modified":"2023-02-01T12:33:02","modified_gmt":"2023-02-01T12:33:02","slug":"christian-modernity-and-marxist-secularism-in-east-central-europe-between-conflict-and-cooperation","status":"publish","type":"post","link":"https:\/\/historiografija.hr\/?p=34311","title":{"rendered":"Christian Modernity and Marxist Secularism in East Central Europe: Between Conflict and Cooperation"},"content":{"rendered":"\n<p>Edited by Jure Ram\u0161ak, Ga\u0161per Mithans, and Mateja Re\u017eek<\/p>\n\n\n\n<hr class=\"wp-block-separator\"\/>\n\n\n\n<p>Nakon Drugoga svjetskog rata, kada se marksizam pozicionirao kao ideolo\u0161ka osnova gotovo svih politi\u010dkih re\u017eima u Srednjoj i Isto\u010dnoj Europi, kompleksni odnosi izme\u0111u dominantne europske vjerske tradicije (kr\u0161\u0107anstva) s jedne strane i sekularnog narativa s druge stvorili su mre\u017eu suradnje i prepletanja u kontekstu politi\u010dkih konstelacija koje su se neprestano mijenjale. Ovaj zbornik radova obra\u0111uje neka od klju\u010dnih pitanja politi\u010dke i dru\u0161tvene povijesti Srednje i Isto\u010dne Europe: za\u0161to su odre\u0111ene postavke marksizma bile privla\u010dne kr\u0161\u0107anskim intelektualcima? Za\u0161to su politi\u010dki savezi izme\u0111u marksista i kr\u0161\u0107ana bili toliko krhki? Za\u0161to je marksizam kategori\u010dki odbijao poku\u0161aje reforme iznutra? Kako je institucionalizirani marksizam reagirao na vjerske promjene i o\u017eivljavanje religije u razdoblju kasnog socijalizma? Knjiga donosi pregled kompleksnih odnosa izme\u0111u politi\u010dkog katolicizma i komunizma i njihove primjene u praksi, kao i pitanje jugoslavenske percepcije II. vatikanskog koncila te kontekst jugoslavensko-vatikanskih odnosa nakon uspostave i posljedi\u010dne propasti kr\u0161\u0107ansko-marksisti\u010dkog dijaloga tijekom 1960-ih godina. Knjiga tako\u0111er obra\u0111uje pitanje intelektualnih, ideolo\u0161kih i prakti\u010dnih odnosa izme\u0111u kr\u0161\u0107ana i marksista, s posebnim osvrtom na izazove modernizacije u postsocijalisti\u010dkoj Europi, povezano s ponekad suprotstavljenim vizijama transformacije javne i privatne sfere u novim dru\u0161tvenim i politi\u010dkim okolnostima.<\/p>\n\n\n\n<hr class=\"wp-block-separator\"\/>\n\n\n\n<p>The Marxist-Christian pursuits and outcomes explored in this book illustrate the panoply of intellectual life in Central and Eastern Europe as well as the ideological, political, and religious structures of this area, providing an insight into the contradictions of the (post)secular conception of modern society.<\/p>\n\n\n\n<hr class=\"wp-block-separator\"\/>\n\n\n\n<p>Izvor:<\/p>\n\n\n\n<figure class=\"wp-block-embed-wordpress wp-block-embed is-type-wp-embed is-provider-srednja-europa\"><div class=\"wp-block-embed__wrapper\">\n<blockquote class=\"wp-embedded-content\" data-secret=\"Rna8Uf0VTM\"><a href=\"https:\/\/srednja-europa.hr\/proizvod\/christian-modernity-and-marxist-secularism-in-east-central-europe\/\">Christian Modernity and Marxist Secularism in East Central Europe<\/a><\/blockquote><iframe loading=\"lazy\" class=\"wp-embedded-content\" sandbox=\"allow-scripts\" security=\"restricted\" style=\"position: absolute; clip: rect(1px, 1px, 1px, 1px);\" title=\"&#8220;Christian Modernity and Marxist Secularism in East Central Europe&#8221; &#8212; Srednja Europa\" src=\"https:\/\/srednja-europa.hr\/proizvod\/christian-modernity-and-marxist-secularism-in-east-central-europe\/embed\/#?secret=Rna8Uf0VTM\" data-secret=\"Rna8Uf0VTM\" width=\"600\" height=\"338\" frameborder=\"0\" marginwidth=\"0\" marginheight=\"0\" scrolling=\"no\"><\/iframe>\n<\/div><\/figure>\n\n\n\n<hr class=\"wp-block-separator\"\/>\n\n\n\n<p>Odjeci:<\/p>\n\n\n\n<p><strong>Historiografija.ba<\/strong><\/p>\n\n\n\n<p><a href=\"https:\/\/historiografija.ba\/article.php?id=1669\">https:\/\/historiografija.ba\/article.php?id=1669<\/a><\/p>\n\n\n\n<hr class=\"wp-block-separator\"\/>\n","protected":false},"excerpt":{"rendered":"","protected":false},"author":2,"featured_media":34312,"comment_status":"open","ping_status":"open","sticky":false,"template":"","format":"standard","meta":{"_acf_changed":false,"jetpack_post_was_ever_published":false,"_jetpack_newsletter_access":"","_jetpack_dont_email_post_to_subs":false,"_jetpack_newsletter_tier_id":0,"_jetpack_memberships_contains_paywalled_content":false,"_jetpack_memberships_contains_paid_content":false,"footnotes":"","jetpack_publicize_message":"","jetpack_publicize_feature_enabled":true,"jetpack_social_post_already_shared":true,"jetpack_social_options":{"image_generator_settings":{"template":"highway","default_image_id":0,"font":"","enabled":false},"version":2}},"categories":[8,3],"tags":[],"class_list":["post-34311","post","type-post","status-publish","format-standard","has-post-thumbnail","hentry","category-knjige","category-novosti"],"acf":{"facebook_opis":""},"jetpack_publicize_connections":[],"jetpack_featured_media_url":"https:\/\/i0.wp.com\/historiografija.hr\/wp-content\/uploads\/2023\/02\/Christian_Modernity-Marxist_Secularism.jpg?fit=450%2C634&ssl=1","jetpack_sharing_enabled":true,"jetpack-related-posts":[],"_links":{"self":[{"href":"https:\/\/historiografija.hr\/index.php?rest_route=\/wp\/v2\/posts\/34311","targetHints":{"allow":["GET"]}}],"collection":[{"href":"https:\/\/historiografija.hr\/index.php?rest_route=\/wp\/v2\/posts"}],"about":[{"href":"https:\/\/historiografija.hr\/index.php?rest_route=\/wp\/v2\/types\/post"}],"author":[{"embeddable":true,"href":"https:\/\/historiografija.hr\/index.php?rest_route=\/wp\/v2\/users\/2"}],"replies":[{"embeddable":true,"href":"https:\/\/historiografija.hr\/index.php?rest_route=%2Fwp%2Fv2%2Fcomments&post=34311"}],"version-history":[{"count":1,"href":"https:\/\/historiografija.hr\/index.php?rest_route=\/wp\/v2\/posts\/34311\/revisions"}],"predecessor-version":[{"id":34313,"href":"https:\/\/historiografija.hr\/index.php?rest_route=\/wp\/v2\/posts\/34311\/revisions\/34313"}],"wp:featuredmedia":[{"embeddable":true,"href":"https:\/\/historiografija.hr\/index.php?rest_route=\/wp\/v2\/media\/34312"}],"wp:attachment":[{"href":"https:\/\/historiografija.hr\/index.php?rest_route=%2Fwp%2Fv2%2Fmedia&parent=34311"}],"wp:term":[{"taxonomy":"category","embeddable":true,"href":"https:\/\/historiografija.hr\/index.php?rest_route=%2Fwp%2Fv2%2Fcategories&post=34311"},{"taxonomy":"post_tag","embeddable":true,"href":"https:\/\/historiografija.hr\/index.php?rest_route=%2Fwp%2Fv2%2Ftags&post=34311"}],"curies":[{"name":"wp","href":"https:\/\/api.w.org\/{rel}","templated":true}]}}