{"id":34302,"date":"2023-01-31T17:27:41","date_gmt":"2023-01-31T17:27:41","guid":{"rendered":"http:\/\/historiografija.hr\/?p=34302"},"modified":"2023-01-31T17:27:41","modified_gmt":"2023-01-31T17:27:41","slug":"razotkrivanje-oleg-mandic-zivot-obiljezen-auschwitzom","status":"publish","type":"post","link":"https:\/\/historiografija.hr\/?p=34302","title":{"rendered":"Razotkrivanje: Oleg Mandi\u0107, &#8220;\u017divot obilje\u017een Auschwitzom&#8221;"},"content":{"rendered":"\n<p>Posljednji \u010dovjek koji je napustio najzloglasniji nacisti\u010dki logor bio je Oleg Mandi\u0107. Fascinantna \u017eivotna pri\u010da Olega Mandi\u0107a, koji je kao dje\u010dak zajedno s majkom i bakom bio zato\u010den u logoru smrti, inspirativna je i danas. Knjiga &#8220;\u017divot obilje\u017een Auschwitzom&#8221; Olega Mandi\u0107a koju je napisao s Nevenom \u0160anti\u0107em govori o zlu fa\u0161izma, va\u017enosti antifa\u0161izma i tolerancije, o sretnom i ispunjenom \u017eivotu, o obitelji i utjecaju sre\u0107e te stalnoj opomeni da se zlo mo\u017ee uvijek i lako vratiti.<\/p>\n\n\n\n<p>O knjizi i \u017eivotu Olega Mandi\u0107a govorit \u0107e sam autor, Neven \u0160anti\u0107 i Seid Serdarevi\u0107.<\/p>\n\n\n\n<p>Utorak, 31.01.2023. 19:00 Novinarski dom u Zagrebu, Velika dvorana, I. kat<\/p>\n\n\n\n<hr class=\"wp-block-separator\"\/>\n\n\n\n<p>Izvor:<\/p>\n\n\n\n<p><a href=\"https:\/\/www.facebook.com\/events\/528870315887009\/\">https:\/\/www.facebook.com\/events\/528870315887009\/<\/a><\/p>\n\n\n\n<p><a href=\"https:\/\/www.facebook.com\/fraktura.hr\/\">https:\/\/www.facebook.com\/fraktura.hr\/<\/a><\/p>\n\n\n\n<p><a href=\"https:\/\/www.hnd.hr\/dogadanja\">https:\/\/www.hnd.hr\/dogadanja<\/a><\/p>\n\n\n\n<hr class=\"wp-block-separator\"\/>\n","protected":false},"excerpt":{"rendered":"","protected":false},"author":2,"featured_media":34303,"comment_status":"open","ping_status":"open","sticky":false,"template":"","format":"standard","meta":{"_acf_changed":false,"_jetpack_newsletter_access":"","_jetpack_dont_email_post_to_subs":false,"_jetpack_newsletter_tier_id":0,"_jetpack_memberships_contains_paywalled_content":false,"_jetpack_memberships_contains_paid_content":false,"footnotes":"","jetpack_publicize_message":"","jetpack_publicize_feature_enabled":true,"jetpack_social_post_already_shared":true,"jetpack_social_options":{"image_generator_settings":{"template":"highway","default_image_id":0,"font":"","enabled":false},"version":2},"jetpack_post_was_ever_published":false},"categories":[3],"tags":[],"class_list":["post-34302","post","type-post","status-publish","format-standard","has-post-thumbnail","hentry","category-novosti"],"acf":{"facebook_opis":""},"jetpack_publicize_connections":[],"jetpack_featured_media_url":"https:\/\/i0.wp.com\/historiografija.hr\/wp-content\/uploads\/2023\/01\/Mandic.jpg?fit=1440%2C720&ssl=1","jetpack_sharing_enabled":true,"jetpack-related-posts":[{"id":55044,"url":"https:\/\/historiografija.hr\/?p=55044","url_meta":{"origin":34302,"position":0},"title":"Nathan Thrall, &#8220;Dan u \u017eivotu Abeda Salame \u2013 Anatomija jedne jeruzalemske tragedije&#8221;","author":"Branimir Jankovi\u0107","date":"21. kolovoza 2026.","format":false,"excerpt":"Napisana na temelju stvarnoga doga\u0111aja, knjiga Dan u \u017eivotu Abeda Salame \u2013 Anatomija jedne jeruzalemske tragedije ameri\u010dkoga spisatelja i novinara Nathana Thralla duboko je potresan, intimisti\u010dki prikaz svakodnevice u Jeruzalemu i na Zapadnoj obali u kojem autor opisom jednoga izoliranog tragi\u010dnog doga\u0111aja nastoji pojasniti sve uzroke i posljedice izraelsko-palestinskoga sukoba.\u2026","rel":"","context":"U &quot;Knjige&quot;","block_context":{"text":"Knjige","link":"https:\/\/historiografija.hr\/?cat=8"},"img":{"alt_text":"","src":"https:\/\/i0.wp.com\/historiografija.hr\/wp-content\/uploads\/2026\/08\/Dan-u-zivotu-Aneda-Salame_Naslovnica_web.jpg?fit=660%2C854&ssl=1&resize=350%2C200","width":350,"height":200,"srcset":"https:\/\/i0.wp.com\/historiografija.hr\/wp-content\/uploads\/2026\/08\/Dan-u-zivotu-Aneda-Salame_Naslovnica_web.jpg?fit=660%2C854&ssl=1&resize=350%2C200 1x, https:\/\/i0.wp.com\/historiografija.hr\/wp-content\/uploads\/2026\/08\/Dan-u-zivotu-Aneda-Salame_Naslovnica_web.jpg?fit=660%2C854&ssl=1&resize=525%2C300 1.5x"},"classes":[]},{"id":53924,"url":"https:\/\/historiografija.hr\/?p=53924","url_meta":{"origin":34302,"position":1},"title":"Odr\u017ean deseti History Fest","author":"Branimir Jankovi\u0107","date":"8. lipnja 2026.","format":false,"excerpt":"U Sarajevu je od 2. do 6. juna 2026. godine odr\u017ean deseti po redu History Fest, koji je zami\u0161ljen kao vi\u0161ednevni susret histori\u010dara iz Bosne i Hercegovine, ostalih postjugoslavenskih i zemalja Jugoisto\u010dne Evrope, kao i mnogih evropskih zemalja, Kanade i SAD. Tokom ovog malog jubilarnog izdanja Festivala je kroz panel\u2026","rel":"","context":"U &quot;Novosti&quot;","block_context":{"text":"Novosti","link":"https:\/\/historiografija.hr\/?cat=3"},"img":{"alt_text":"","src":"https:\/\/i0.wp.com\/historiografija.hr\/wp-content\/uploads\/2026\/06\/history-fest-2026.jpg?fit=1200%2C944&ssl=1&resize=350%2C200","width":350,"height":200,"srcset":"https:\/\/i0.wp.com\/historiografija.hr\/wp-content\/uploads\/2026\/06\/history-fest-2026.jpg?fit=1200%2C944&ssl=1&resize=350%2C200 1x, https:\/\/i0.wp.com\/historiografija.hr\/wp-content\/uploads\/2026\/06\/history-fest-2026.jpg?fit=1200%2C944&ssl=1&resize=525%2C300 1.5x, https:\/\/i0.wp.com\/historiografija.hr\/wp-content\/uploads\/2026\/06\/history-fest-2026.jpg?fit=1200%2C944&ssl=1&resize=700%2C400 2x, https:\/\/i0.wp.com\/historiografija.hr\/wp-content\/uploads\/2026\/06\/history-fest-2026.jpg?fit=1200%2C944&ssl=1&resize=1050%2C600 3x"},"classes":[]},{"id":36590,"url":"https:\/\/historiografija.hr\/?p=36590","url_meta":{"origin":34302,"position":2},"title":"Natalia Ginzburg, \u201eObiteljski rje\u010dnik\u201c","author":"Branimir Jankovi\u0107","date":"19. srpnja 2023.","format":false,"excerpt":"Mnogo je Natalij\u0101 Ginzburg koje treba otkriti:\u00a0strogu urednicu, prevoditeljicu malih knji\u017eevnih dragulja, ironi\u010dnu i pronicljivu novinsku komentatoricu dru\u0161tvenih kretanja,\u00a0naoko drsku dramaturginju: toliko \u017eivot\u0101 u samo jednom\u00a0\u017eivotu. No, s koje god je strane odlu\u010dimo upoznati, ne mo\u017eemo presko\u010diti Obiteljski rje\u010dnik. Jedan od razloga \u0161to se\u00a0afirmirala upravo tom knjigom, \u0161to je zbog\u2026","rel":"","context":"U &quot;Knjige&quot;","block_context":{"text":"Knjige","link":"https:\/\/historiografija.hr\/?cat=8"},"img":{"alt_text":"","src":"https:\/\/i0.wp.com\/historiografija.hr\/wp-content\/uploads\/2023\/07\/obiteljski_rjecnik.jpg?fit=395%2C610&ssl=1&resize=350%2C200","width":350,"height":200},"classes":[]},{"id":52733,"url":"https:\/\/historiografija.hr\/?p=52733","url_meta":{"origin":34302,"position":3},"title":"Vlado Raji\u0107 \u201eGranica na kraju stolje\u0107a\u201c","author":"Filip \u0160imunjak","date":"29. travnja 2026.","format":false,"excerpt":"U suizdanju Durieuxa i Beletre objavljena je 2025. godine knjiga Granica na kraju stolje\u0107a autora Vlade Raji\u0107a.\u00a0 O knjizi\u00a0 Romansirana biografija Vladimira Iblera mnogo je vi\u0161e od zanimljive pri\u010de o privatnom \u017eivotu i impresivnoj profesionalnoj karijeri istaknutog stru\u010dnjaka za me\u0111unarodno pravo i dugo\u00adgodi\u0161njeg profesora na zagreba\u010dkom Pravnom fakultetu, akademika, koji\u2026","rel":"","context":"U &quot;Knjige&quot;","block_context":{"text":"Knjige","link":"https:\/\/historiografija.hr\/?cat=8"},"img":{"alt_text":"","src":"https:\/\/i0.wp.com\/historiografija.hr\/wp-content\/uploads\/2026\/04\/VLADO-RAJIC-GRANICA-NA-KRAJU-STOLJECA.jpg?fit=450%2C650&ssl=1&resize=350%2C200","width":350,"height":200},"classes":[]},{"id":54520,"url":"https:\/\/historiografija.hr\/?p=54520","url_meta":{"origin":34302,"position":4},"title":"\u201ePrilozi za povijest Broda i okolice\u201c. Knjiga 7","author":"Branimir Jankovi\u0107","date":"8. srpnja 2026.","format":false,"excerpt":"U okviru Hrvatskog instituta za povijest \u2013 Podru\u017enice za povijest Slavonije, Srijema i Baranje objavljen je sedmi svezak povremenika Prilozi za povijest Broda i okolice \u010diji je urednik Robert Skenderovi\u0107. Uvodna rije\u010d urednika\u00a0 Ovim, sedmim sveskom nastavljamo objavljivanje povremenika Prilozi za povijest Broda i okolice u izdanju na\u0161e Podru\u017enice. Slijede\u0107i\u2026","rel":"","context":"U &quot;Knjige&quot;","block_context":{"text":"Knjige","link":"https:\/\/historiografija.hr\/?cat=8"},"img":{"alt_text":"","src":"https:\/\/i0.wp.com\/historiografija.hr\/wp-content\/uploads\/2026\/07\/Prilozi-za-povijest-Broda-i-okolice-naslov.png?fit=661%2C426&ssl=1&resize=350%2C200","width":350,"height":200,"srcset":"https:\/\/i0.wp.com\/historiografija.hr\/wp-content\/uploads\/2026\/07\/Prilozi-za-povijest-Broda-i-okolice-naslov.png?fit=661%2C426&ssl=1&resize=350%2C200 1x, https:\/\/i0.wp.com\/historiografija.hr\/wp-content\/uploads\/2026\/07\/Prilozi-za-povijest-Broda-i-okolice-naslov.png?fit=661%2C426&ssl=1&resize=525%2C300 1.5x"},"classes":[]},{"id":54052,"url":"https:\/\/historiografija.hr\/?p=54052","url_meta":{"origin":34302,"position":5},"title":"Tribina: Mark Blok, istori\u010dar u Panteonu","author":"Branimir Jankovi\u0107","date":"12. lipnja 2026.","format":false,"excerpt":"16 Jun 2026 - 18h \/ Francuski institut u Srbiji, Beograd Povodom sve\u010danog polaganja posmrtnih ostataka Marka Bloka u kriptu Panteona, francuskog nacionalnog mauzoleja u kojem po\u010divaju najistaknutije li\u010dnosti francuske istorije, Francuski institut u Srbiji, u saradnji sa uglednim francuskim \u010dasopisom L\u2019Histoire, organizuje tribinu posve\u0107enu \u017eivotu, delu i nasle\u0111u jedne\u2026","rel":"","context":"U &quot;Novosti&quot;","block_context":{"text":"Novosti","link":"https:\/\/historiografija.hr\/?cat=3"},"img":{"alt_text":"","src":"https:\/\/i0.wp.com\/historiografija.hr\/wp-content\/uploads\/2026\/06\/Bloch-site.jpg?fit=720%2C400&ssl=1&resize=350%2C200","width":350,"height":200,"srcset":"https:\/\/i0.wp.com\/historiografija.hr\/wp-content\/uploads\/2026\/06\/Bloch-site.jpg?fit=720%2C400&ssl=1&resize=350%2C200 1x, https:\/\/i0.wp.com\/historiografija.hr\/wp-content\/uploads\/2026\/06\/Bloch-site.jpg?fit=720%2C400&ssl=1&resize=525%2C300 1.5x, https:\/\/i0.wp.com\/historiografija.hr\/wp-content\/uploads\/2026\/06\/Bloch-site.jpg?fit=720%2C400&ssl=1&resize=700%2C400 2x"},"classes":[]}],"_links":{"self":[{"href":"https:\/\/historiografija.hr\/index.php?rest_route=\/wp\/v2\/posts\/34302","targetHints":{"allow":["GET"]}}],"collection":[{"href":"https:\/\/historiografija.hr\/index.php?rest_route=\/wp\/v2\/posts"}],"about":[{"href":"https:\/\/historiografija.hr\/index.php?rest_route=\/wp\/v2\/types\/post"}],"author":[{"embeddable":true,"href":"https:\/\/historiografija.hr\/index.php?rest_route=\/wp\/v2\/users\/2"}],"replies":[{"embeddable":true,"href":"https:\/\/historiografija.hr\/index.php?rest_route=%2Fwp%2Fv2%2Fcomments&post=34302"}],"version-history":[{"count":1,"href":"https:\/\/historiografija.hr\/index.php?rest_route=\/wp\/v2\/posts\/34302\/revisions"}],"predecessor-version":[{"id":34304,"href":"https:\/\/historiografija.hr\/index.php?rest_route=\/wp\/v2\/posts\/34302\/revisions\/34304"}],"wp:featuredmedia":[{"embeddable":true,"href":"https:\/\/historiografija.hr\/index.php?rest_route=\/wp\/v2\/media\/34303"}],"wp:attachment":[{"href":"https:\/\/historiografija.hr\/index.php?rest_route=%2Fwp%2Fv2%2Fmedia&parent=34302"}],"wp:term":[{"taxonomy":"category","embeddable":true,"href":"https:\/\/historiografija.hr\/index.php?rest_route=%2Fwp%2Fv2%2Fcategories&post=34302"},{"taxonomy":"post_tag","embeddable":true,"href":"https:\/\/historiografija.hr\/index.php?rest_route=%2Fwp%2Fv2%2Ftags&post=34302"}],"curies":[{"name":"wp","href":"https:\/\/api.w.org\/{rel}","templated":true}]}}