{"id":34282,"date":"2023-01-30T17:15:08","date_gmt":"2023-01-30T17:15:08","guid":{"rendered":"http:\/\/historiografija.hr\/?p=34282"},"modified":"2023-01-30T17:15:08","modified_gmt":"2023-01-30T17:15:08","slug":"predstavljanje-povijesnog-romana-nenada-stojkovica-vatrena-vila-legenda-mile-gojsalic-u-puli","status":"publish","type":"post","link":"https:\/\/historiografija.hr\/?p=34282","title":{"rendered":"Predstavljanje povijesnog romana Nenada Stojkovi\u0107a \u201cVatrena vila \u2013 Legenda Mile Gojsali\u0107\u201d u Puli"},"content":{"rendered":"\n<p>U srijedu, 1. velja\u010de 2023. s po\u010detkom u 18 sati, u Dnevnom boravku Dru\u0161tvenog centra Rojc u Puli, u&nbsp; okviru prve ovogodi\u0161nje Knji\u017eevne ve\u010deri, pulski autor Nenad Stojkovi\u0107 predstavit \u0107e svoj povijesni roman \u201cVatrena vila \u2013 Legenda Mile Gojsali\u0107\u201d,&nbsp; progla\u0161en najboljim hrvatskim povijesnim romanom na petom knji\u017eevnom natje\u010daju \u201cKnez Trpimir\u201d Gradske knji\u017enice Ka\u0161tela.<\/p>\n\n\n\n<p>O knjizi \u201cVatrena vila \u2013 Legenda Mile Gojsali\u0107\u201d:<\/p>\n\n\n\n<p>\u201cVatrena vila\u201d objavljena je u sunakladni\u0161tvu Gradske knji\u017enice Ka\u0161tela i izdava\u010dke ku\u0107e Bo\u0161kovi\u0107. \u201cRoman donosi pri\u010du o Mili Gojsali\u0107, jednoj od na\u0161ih najve\u0107ih junakinja, \u017eivot Polji\u010dke Republike i naslije\u0111e slavnih Frankopana kao ju\u017enog i sjevernog krila hrvatskog Jadrana, suo\u010denih s naizgled nemogu\u0107im omjerima snaga u borbi protiv golemog Osmanskog Carstva. Pustolovni, pikarski i ljubavni roman skrojen je da modernu publiku pove\u017ee s njenim nevjerojatnim naslije\u0111em\u201d, navode organizatori promocije.<\/p>\n\n\n\n<p>O autoru:<\/p>\n\n\n\n<p>Nenad Stojkovi\u0107 je ro\u0111en u Puli. Nakon matemati\u010dko-prirodoslovne gimnazije poha\u0111ao je Universita degli Studi di Bologna i Sveu\u010dili\u0161te u Rijeci. Magistar edukacije Povijesti i Engleskog jezika, prevoditelj i tekstopisac. Nagra\u0111ivan i objavljivan na natje\u010dajima za kratku pri\u010du u vi\u0161e literarnih \u017eanrova. Knjiga \u201cVatrena vila \u2013 Legenda Mile Gojsali\u0107\u201d njegov je drugi roman, a roman prvijenac \u201cPlamen u bezdanu\u201d, objavljen u studenom 2021., rasprodan je u godinu dana.<\/p>\n\n\n\n<p><a href=\"https:\/\/ipd-ssi.hr\/wp-content\/uploads\/2023\/01\/Pozivnica-1.pdf\">Pozivnica<\/a><\/p>\n\n\n\n<hr class=\"wp-block-separator\"\/>\n\n\n\n<p>Izvor:<\/p>\n\n\n\n<figure class=\"wp-block-embed-wordpress wp-block-embed is-type-wp-embed is-provider-istarsko-povijesno-drustvo-societa-storica-istriana\"><div class=\"wp-block-embed__wrapper\">\n<blockquote class=\"wp-embedded-content\" data-secret=\"DLqzJTmEUR\"><a href=\"https:\/\/ipd-ssi.hr\/2023\/01\/30\/predstavljanje-povijesnog-romana-nenada-stojkovica-vatrena-vila-legenda-mile-gojsalic-u-puli\/\">Predstavljanje povijesnog romana Nenada Stojkovi\u0107a &#8220;Vatrena vila \u2013 Legenda Mile Gojsali\u0107&#8221; u Puli<\/a><\/blockquote><iframe loading=\"lazy\" class=\"wp-embedded-content\" sandbox=\"allow-scripts\" security=\"restricted\" style=\"position: absolute; clip: rect(1px, 1px, 1px, 1px);\" title=\"&#8220;Predstavljanje povijesnog romana Nenada Stojkovi\u0107a &#8220;Vatrena vila \u2013 Legenda Mile Gojsali\u0107&#8221; u Puli&#8221; &#8212; Istarsko povijesno dru\u0161tvo - Societ\u00e0 Storica Istriana\" src=\"https:\/\/ipd-ssi.hr\/2023\/01\/30\/predstavljanje-povijesnog-romana-nenada-stojkovica-vatrena-vila-legenda-mile-gojsalic-u-puli\/embed\/#?secret=80rdMbw8tE#?secret=DLqzJTmEUR\" data-secret=\"DLqzJTmEUR\" width=\"600\" height=\"338\" frameborder=\"0\" marginwidth=\"0\" marginheight=\"0\" scrolling=\"no\"><\/iframe>\n<\/div><\/figure>\n\n\n\n<hr class=\"wp-block-separator\"\/>\n","protected":false},"excerpt":{"rendered":"","protected":false},"author":2,"featured_media":34283,"comment_status":"open","ping_status":"open","sticky":false,"template":"","format":"standard","meta":{"_acf_changed":false,"jetpack_post_was_ever_published":false,"_jetpack_newsletter_access":"","_jetpack_dont_email_post_to_subs":false,"_jetpack_newsletter_tier_id":0,"_jetpack_memberships_contains_paywalled_content":false,"_jetpack_memberships_contains_paid_content":false,"footnotes":"","jetpack_publicize_message":"","jetpack_publicize_feature_enabled":true,"jetpack_social_post_already_shared":true,"jetpack_social_options":{"image_generator_settings":{"template":"highway","default_image_id":0,"font":"","enabled":false},"version":2}},"categories":[3,12],"tags":[],"class_list":["post-34282","post","type-post","status-publish","format-standard","has-post-thumbnail","hentry","category-novosti","category-knjizevnost"],"acf":{"facebook_opis":""},"jetpack_publicize_connections":[],"jetpack_featured_media_url":"https:\/\/i0.wp.com\/historiografija.hr\/wp-content\/uploads\/2023\/01\/Nenad_Stojkovic.jpg?fit=700%2C441&ssl=1","jetpack_sharing_enabled":true,"jetpack-related-posts":[],"_links":{"self":[{"href":"https:\/\/historiografija.hr\/index.php?rest_route=\/wp\/v2\/posts\/34282","targetHints":{"allow":["GET"]}}],"collection":[{"href":"https:\/\/historiografija.hr\/index.php?rest_route=\/wp\/v2\/posts"}],"about":[{"href":"https:\/\/historiografija.hr\/index.php?rest_route=\/wp\/v2\/types\/post"}],"author":[{"embeddable":true,"href":"https:\/\/historiografija.hr\/index.php?rest_route=\/wp\/v2\/users\/2"}],"replies":[{"embeddable":true,"href":"https:\/\/historiografija.hr\/index.php?rest_route=%2Fwp%2Fv2%2Fcomments&post=34282"}],"version-history":[{"count":1,"href":"https:\/\/historiografija.hr\/index.php?rest_route=\/wp\/v2\/posts\/34282\/revisions"}],"predecessor-version":[{"id":34284,"href":"https:\/\/historiografija.hr\/index.php?rest_route=\/wp\/v2\/posts\/34282\/revisions\/34284"}],"wp:featuredmedia":[{"embeddable":true,"href":"https:\/\/historiografija.hr\/index.php?rest_route=\/wp\/v2\/media\/34283"}],"wp:attachment":[{"href":"https:\/\/historiografija.hr\/index.php?rest_route=%2Fwp%2Fv2%2Fmedia&parent=34282"}],"wp:term":[{"taxonomy":"category","embeddable":true,"href":"https:\/\/historiografija.hr\/index.php?rest_route=%2Fwp%2Fv2%2Fcategories&post=34282"},{"taxonomy":"post_tag","embeddable":true,"href":"https:\/\/historiografija.hr\/index.php?rest_route=%2Fwp%2Fv2%2Ftags&post=34282"}],"curies":[{"name":"wp","href":"https:\/\/api.w.org\/{rel}","templated":true}]}}