{"id":34271,"date":"2023-01-27T20:50:46","date_gmt":"2023-01-27T20:50:46","guid":{"rendered":"http:\/\/historiografija.hr\/?p=34271"},"modified":"2023-01-27T20:50:46","modified_gmt":"2023-01-27T20:50:46","slug":"oleg-mandic-zivot-obiljezen-auschwitzom-priredio-neven-santic","status":"publish","type":"post","link":"https:\/\/historiografija.hr\/?p=34271","title":{"rendered":"Oleg Mandi\u0107, \u201e\u017divot obilje\u017een Auschwitzom\u201c (priredio Neven \u0160anti\u0107)"},"content":{"rendered":"\n<p>Kada su ga 15. svibnja 1944. njema\u010dke okupacijske snage u Opatiji zajedno s majkom i bakom zato\u010dile jer su bili najbli\u017ea rodbina dr. Ante Mandi\u0107a, jednog od najva\u017enijih sudionika NOB-a, tada jedanaestogodi\u0161nji Oleg Mandi\u0107 nije ni slutio da \u0107e zavr\u0161iti u Auschwitzu, logoru za istrebljenje, a jo\u0161 manje da \u0107e biti jedan od onih koji \u0107e, zajedno s obitelji, do\u010dekati oslobo\u0111enje logora te da \u0107e upravo on biti posljednji \u010dovjek koji je napustio Auschwitz.<\/p>\n\n\n\n<p>Fascinantna \u017eivotna pri\u010da Olega Mandi\u0107a, prepuna optimizma, i danas je inspirativna i mo\u017eda va\u017enija no ikada. Oleg Mandi\u0107 jedan je od rijetkih \u017eivih svjedoka u\u017easa Holokausta, a njegova predavanja o zlu fa\u0161izma te o va\u017enosti antifa\u0161izma i tolerancije danas slu\u0161aju mnogobrojni mladi ljudi diljem Hrvatske i Italije. Knjigu <em>\u017divot obilje\u017een Auschwitzom Oleg Mandi\u0107<\/em> napisao je s bliskim suradnikom Nevenom \u0160anti\u0107em. Ova knjiga ispovijed je o sretnom i ispunjenom \u017eivotu, o va\u017enosti obitelji, o utjecaju sre\u0107e, ali i stalnoj opomeni da se zlo u svojem najgorem obliku uvijek i lako mo\u017ee vratiti.<\/p>\n\n\n\n<p>Oleg Mandi\u0107 \u010dovjek je dje\u010da\u010dke znati\u017eelje, zarazna osmijeha, osoba \u010dije su rije\u010di poticaj za razmi\u0161ljanje o boljem i pravednijem svijetu, a najva\u017enija poruka glasi da svatko mo\u017ee napraviti mali korak da se zlo kakvo je on pre\u017eivio u Auschwitzu u budu\u0107nosti dogodi barem jednom manje.<\/p>\n\n\n\n<hr class=\"wp-block-separator\"\/>\n\n\n\n<p>Izvor:<\/p>\n\n\n\n<p><a href=\"https:\/\/fraktura.hr\/zivot-obiljezen-auschwitzom.html\">https:\/\/fraktura.hr\/zivot-obiljezen-auschwitzom.html<\/a><\/p>\n\n\n\n<hr class=\"wp-block-separator\"\/>\n","protected":false},"excerpt":{"rendered":"","protected":false},"author":2,"featured_media":34272,"comment_status":"open","ping_status":"open","sticky":false,"template":"","format":"standard","meta":{"_acf_changed":false,"jetpack_post_was_ever_published":false,"_jetpack_newsletter_access":"","_jetpack_dont_email_post_to_subs":false,"_jetpack_newsletter_tier_id":0,"_jetpack_memberships_contains_paywalled_content":false,"_jetpack_memberships_contains_paid_content":false,"footnotes":"","jetpack_publicize_message":"","jetpack_publicize_feature_enabled":true,"jetpack_social_post_already_shared":true,"jetpack_social_options":{"image_generator_settings":{"template":"highway","default_image_id":0,"font":"","enabled":false},"version":2}},"categories":[8,3],"tags":[],"class_list":["post-34271","post","type-post","status-publish","format-standard","has-post-thumbnail","hentry","category-knjige","category-novosti"],"acf":{"facebook_opis":""},"jetpack_publicize_connections":[],"jetpack_featured_media_url":"https:\/\/i0.wp.com\/historiografija.hr\/wp-content\/uploads\/2023\/01\/Zivot_obiljezen_Auschwitzom.jpg?fit=402%2C610&ssl=1","jetpack_sharing_enabled":true,"jetpack-related-posts":[],"_links":{"self":[{"href":"https:\/\/historiografija.hr\/index.php?rest_route=\/wp\/v2\/posts\/34271","targetHints":{"allow":["GET"]}}],"collection":[{"href":"https:\/\/historiografija.hr\/index.php?rest_route=\/wp\/v2\/posts"}],"about":[{"href":"https:\/\/historiografija.hr\/index.php?rest_route=\/wp\/v2\/types\/post"}],"author":[{"embeddable":true,"href":"https:\/\/historiografija.hr\/index.php?rest_route=\/wp\/v2\/users\/2"}],"replies":[{"embeddable":true,"href":"https:\/\/historiografija.hr\/index.php?rest_route=%2Fwp%2Fv2%2Fcomments&post=34271"}],"version-history":[{"count":1,"href":"https:\/\/historiografija.hr\/index.php?rest_route=\/wp\/v2\/posts\/34271\/revisions"}],"predecessor-version":[{"id":34273,"href":"https:\/\/historiografija.hr\/index.php?rest_route=\/wp\/v2\/posts\/34271\/revisions\/34273"}],"wp:featuredmedia":[{"embeddable":true,"href":"https:\/\/historiografija.hr\/index.php?rest_route=\/wp\/v2\/media\/34272"}],"wp:attachment":[{"href":"https:\/\/historiografija.hr\/index.php?rest_route=%2Fwp%2Fv2%2Fmedia&parent=34271"}],"wp:term":[{"taxonomy":"category","embeddable":true,"href":"https:\/\/historiografija.hr\/index.php?rest_route=%2Fwp%2Fv2%2Fcategories&post=34271"},{"taxonomy":"post_tag","embeddable":true,"href":"https:\/\/historiografija.hr\/index.php?rest_route=%2Fwp%2Fv2%2Ftags&post=34271"}],"curies":[{"name":"wp","href":"https:\/\/api.w.org\/{rel}","templated":true}]}}