{"id":34268,"date":"2023-01-27T20:39:49","date_gmt":"2023-01-27T20:39:49","guid":{"rendered":"http:\/\/historiografija.hr\/?p=34268"},"modified":"2023-01-27T20:39:49","modified_gmt":"2023-01-27T20:39:49","slug":"eva-fischer-dokumentarni-film","status":"publish","type":"post","link":"https:\/\/historiografija.hr\/?p=34268","title":{"rendered":"Eva Fischer, dokumentarni film"},"content":{"rendered":"\n<p>Obo\u017eavale su je holivudske zvijezde, prijateljevala je s Morriconeom, Chagallom, Dalijem i Picassom, a iako je ro\u0111ena u Hrvatskoj, na\u0161oj je javnosti ostala nepoznata. Eva Fischer k\u0107i je posljednjeg daruvarskog rabina, koja je svjetsku slavu stekla u Rimu. O\u010deva slu\u017eba obitelj je odvela u Srbiju, a Drugi svjetski rat zauvijek je razorio. Oca su ubili nacisti, a Eva, majka i maleni brat pre\u017eivjet \u0107e, me\u0111u ostalim, i zahvaljuju\u0107i Evinu slikarskom umije\u0107u.<\/p>\n\n\n\n<p><strong>Eva Fischer<\/strong> za \u017eivota nikada nije izlagala u Hrvatskoj, a na inicijativu Grada Daruvara simboli\u010dno se vratila ku\u0107i izlo\u017ebom litografija i gravura u galeriji koja danas nosi njezino ime.<br><br>Pri\u010du o jedinstvenoj autorici, \u017eeni koja je ve\u0107 sredinom pro\u0161log stolje\u0107a u mu\u0161kom svijetu bila ravnopravna i uva\u017eena, o \u017ertvi koja je o stradanju u holokaustu progovorila tek desetlje\u0107ima poslije, pri\u010du o umjetnici, majci, sestri, prijateljici i u\u010diteljici pri\u010daju njezini najbli\u017ei, ali i ljudi \u010dije je \u017eivote obogatila i na poseban na\u010din usmjerila.<\/p>\n\n\n\n<p>Uz Me\u0111unarodni dan sje\u0107anja na \u017ertve holokausta HRT premijerno, u <strong>ponedjeljak, 30. sije\u010dnja, na Prvom programu u 23:10<\/strong>, prikazuje dokumentarni film<strong> Eva Fischer<\/strong> autorice<strong> Marijane Kranjec<\/strong> u produkciji Dokumentarnog programa. Uo\u010di televizijske premijere, film <strong>Eva Fischer <\/strong>imao je kinopremijeru upravo u Daruvaru. Na sve\u010danoj projekciji 25. sije\u010dnja u 19 sati sudjelovao je i HRT-ov kreativni tim filma, a dan poslije organizirana je projekcija za daruvarske srednjo\u0161kolce kao sredi\u0161nji doga\u0111aj uz Me\u0111unarodni dan sje\u0107anja na \u017ertve holokausta.&nbsp;<br><br>Redateljica i scenaristica filma HRT-ova novinarka Marijana Kranjec kazala je kako je do prije godinu dana o Evi Fischer znala samo nekoliko op\u0107ih biografskih podataka.<br><br>&#8211; No sve je promijenio susret s njezinim sinom, <strong>Alanom Davidom Baumannom<\/strong>. Kako mi je otvarao vrata njezina svijeta jedna je nevjerojatna pri\u010da stizala drugu. Presretna sam i po\u010da\u0161\u0107ena \u0161to smo ih zajedno ispri\u010dali na\u0161im gledateljima kako bi bolje upoznali ovu iznimnu \u017eenu i umjetnicu, rekla je Marijana Kranjec.<\/p>\n\n\n\n<p>&#8211; Ovaj je film istinsko svjedo\u010danstvo \u017eivota \u017didovke i Europljanke koja je voljela ne samo stvarati ve\u0107 i putovati i u\u010diti. HRT-u i Marijani Kranjec zahvalan sam \u0161to su mi omogu\u0107ili da otkrijem jo\u0161 uvijek opipljive tragove svoje obitelji u Daruvaru, gradu gdje je moj djed Leopold bio glavni rabin. Film jo\u0161 jednom dokazuje kako umjetnici mogu postati besmrtni, kazao je <strong>Alan David Baumann<\/strong> koji nas vodi kroz pri\u010du Evina \u017eivota i stvarala\u0161tva, uo\u010di premijere filma.<\/p>\n\n\n\n<p>&#8211; Za nekoga poput mene, tko je u Daruvaru zavr\u0161io i osnovnu \u0161kolu i gimnaziju, \u010dinjenica da ne znam gotovo ni\u0161ta o Evi Fischer bila je porazna, ka\u017ee urednica<strong> Daniela Dra\u0161tata<\/strong>.&nbsp;<\/p>\n\n\n\n<p>&#8211; Kada je Marijana napravila prilog za Prizmu s otvorenja prve Evine izlo\u017ebe, bilo mi je jasno da je rije\u010d o filmskoj pri\u010di koju moramo podijeliti s gledateljima. Rezultat predanog rada sjajne ekipe kreativaca, na koje sam tako ponosna, potpuno je opravdao povjerenje obitelji Fischer i Baumann, a iskreno se nadam da ne\u0107emo iznevjeriti najva\u017enije \u2013 na\u0161u publiku, poru\u010dila je Dra\u0161tata.<\/p>\n\n\n\n<p>Redateljica i scenaristica je Marijana Kranjec<strong>, <\/strong>snimatelj<strong> Igor Tuk\u0161a<\/strong>, monta\u017eer <strong>Miljenko Bari\u010devi\u0107, <\/strong>originalnu glazbu skladala je<strong>\u00a0Ivana \u0110ula, <\/strong>izveo <strong>Luka Vrbani\u0107, <\/strong>grafi\u010dko oblikovanje potpisuje <strong>Damir Sabolovi\u0107, <\/strong>producentje <strong>Miroslav Rezi\u0107, <\/strong>urednica <strong>Daniela Dra\u0161tata<\/strong>, a urednik Dokumentarnog programa <strong>Vladimir Brnardi\u0107.\u00a0<br><\/strong><br>Godina proizvodnje: HRT, 2023.\u00a0<\/p>\n\n\n\n<hr class=\"wp-block-separator\"\/>\n\n\n\n<p>Izvor:<\/p>\n\n\n\n<p><a href=\"https:\/\/hrtprikazuje.hrt.hr\/dokumentarci\/eva-fischer-10566070\">https:\/\/hrtprikazuje.hrt.hr\/dokumentarci\/eva-fischer-10566070<\/a><\/p>\n\n\n\n<hr class=\"wp-block-separator\"\/>\n","protected":false},"excerpt":{"rendered":"","protected":false},"author":2,"featured_media":34269,"comment_status":"open","ping_status":"open","sticky":false,"template":"","format":"standard","meta":{"_acf_changed":false,"jetpack_post_was_ever_published":false,"_jetpack_newsletter_access":"","_jetpack_dont_email_post_to_subs":false,"_jetpack_newsletter_tier_id":0,"_jetpack_memberships_contains_paywalled_content":false,"_jetpack_memberships_contains_paid_content":false,"footnotes":"","jetpack_publicize_message":"","jetpack_publicize_feature_enabled":true,"jetpack_social_post_already_shared":true,"jetpack_social_options":{"image_generator_settings":{"template":"highway","default_image_id":0,"font":"","enabled":false},"version":2}},"categories":[13,3],"tags":[],"class_list":["post-34268","post","type-post","status-publish","format-standard","has-post-thumbnail","hentry","category-filmovi-i-serije","category-novosti"],"acf":{"facebook_opis":""},"jetpack_publicize_connections":[],"jetpack_featured_media_url":"https:\/\/i0.wp.com\/historiografija.hr\/wp-content\/uploads\/2023\/01\/eva-fischer.jpg?fit=740%2C438&ssl=1","jetpack_sharing_enabled":true,"jetpack-related-posts":[{"id":52505,"url":"https:\/\/historiografija.hr\/?p=52505","url_meta":{"origin":34268,"position":0},"title":"Izlo\u017eba &#8220;Eschenstock \/ Jasenov prut&#8221;","author":"Branimir Jankovi\u0107","date":"17. travnja 2026.","format":false,"excerpt":"Srpsko narodno vije\u0107e (SNV) i Vizura aperta postavljaju izlo\u017ebu \u0161vicarskog slikara Velimira Ili\u0161evi\u0107a: Eschenstock \/ Jasenov prut. Izlo\u017eba se uz prisustvo autora otvara povodom 81. godi\u0161njice proboja logora\u0161a iz usta\u0161kog logora smrti Jasenovac 22. aprila 2026. u 19 sati u Srpskom kulturnom centru (SKC) u Preradovi\u0107evoj ulici 21 u Zagrebu.\u2026","rel":"","context":"U &quot;Izlo\u017ebe&quot;","block_context":{"text":"Izlo\u017ebe","link":"https:\/\/historiografija.hr\/?cat=10"},"img":{"alt_text":"","src":"https:\/\/i0.wp.com\/historiografija.hr\/wp-content\/uploads\/2026\/04\/Jasenov_prut.jpg?fit=1024%2C640&ssl=1&resize=350%2C200","width":350,"height":200,"srcset":"https:\/\/i0.wp.com\/historiografija.hr\/wp-content\/uploads\/2026\/04\/Jasenov_prut.jpg?fit=1024%2C640&ssl=1&resize=350%2C200 1x, https:\/\/i0.wp.com\/historiografija.hr\/wp-content\/uploads\/2026\/04\/Jasenov_prut.jpg?fit=1024%2C640&ssl=1&resize=525%2C300 1.5x, https:\/\/i0.wp.com\/historiografija.hr\/wp-content\/uploads\/2026\/04\/Jasenov_prut.jpg?fit=1024%2C640&ssl=1&resize=700%2C400 2x"},"classes":[]},{"id":52592,"url":"https:\/\/historiografija.hr\/?p=52592","url_meta":{"origin":34268,"position":1},"title":"Predstavljanje knjige &#8220;Turska ku\u0107a u Rijeci&#8221; u Zagrebu","author":"Branimir Jankovi\u0107","date":"22. travnja 2026.","format":false,"excerpt":"U prostorijama Turskog kulturnog centra Yunus Emre u Zagrebu, u utorak 21. travnja 2026. godine, odr\u017eano je sve\u010dano predstavljanje dopunjenog izdanja knjige Turska ku\u0107a u Rijeci, u organizaciji Hrvatsko-turskog dru\u0161tva Rijeka i partnerstvu sa Skupinom prijateljstva Hrvatska-Turska Hrvatskog sabora, Veleposlanstvom Republike Turske u Republici Hrvatskoj te Turskim kulturnim centrom Yunus\u2026","rel":"","context":"U &quot;Novosti&quot;","block_context":{"text":"Novosti","link":"https:\/\/historiografija.hr\/?cat=3"},"img":{"alt_text":"","src":"https:\/\/i0.wp.com\/historiografija.hr\/wp-content\/uploads\/2026\/04\/Turska-kuca-ZG.jpg?fit=1200%2C800&ssl=1&resize=350%2C200","width":350,"height":200,"srcset":"https:\/\/i0.wp.com\/historiografija.hr\/wp-content\/uploads\/2026\/04\/Turska-kuca-ZG.jpg?fit=1200%2C800&ssl=1&resize=350%2C200 1x, https:\/\/i0.wp.com\/historiografija.hr\/wp-content\/uploads\/2026\/04\/Turska-kuca-ZG.jpg?fit=1200%2C800&ssl=1&resize=525%2C300 1.5x, https:\/\/i0.wp.com\/historiografija.hr\/wp-content\/uploads\/2026\/04\/Turska-kuca-ZG.jpg?fit=1200%2C800&ssl=1&resize=700%2C400 2x, https:\/\/i0.wp.com\/historiografija.hr\/wp-content\/uploads\/2026\/04\/Turska-kuca-ZG.jpg?fit=1200%2C800&ssl=1&resize=1050%2C600 3x"},"classes":[]},{"id":52502,"url":"https:\/\/historiografija.hr\/?p=52502","url_meta":{"origin":34268,"position":2},"title":"Novi znanstveni projekt Hrvatskog instituta za povijest: \u201c\u017drtve ratova i dr\u017eavnog\/politi\u010dkog nasilja u hrvatskoj povijesti 20. stolje\u0107a\u201d","author":"Branimir Jankovi\u0107","date":"17. travnja 2026.","format":false,"excerpt":"Na redovitoj sjednici Vlade RH, 16. travnja 2026., donijet je Zaklju\u010dak kojim se pokre\u0107e znanstveni projekt \u201c\u017drtve ratova i dr\u017eavnog\/politi\u010dkog nasilja u hrvatskoj povijesti 20. stolje\u0107a\u201d. Projekt \u0107e provoditi i koordinirati Hrvatski institut za povijest u razdoblju trajanja projekta od pet godina. Zakljucak Vlade RH Iz teksta projektnog prijedloga: Problematika\u2026","rel":"","context":"U &quot;Novosti&quot;","block_context":{"text":"Novosti","link":"https:\/\/historiografija.hr\/?cat=3"},"img":{"alt_text":"","src":"https:\/\/i0.wp.com\/historiografija.hr\/wp-content\/uploads\/2026\/04\/Vlada-RH.jpg?fit=1200%2C557&ssl=1&resize=350%2C200","width":350,"height":200,"srcset":"https:\/\/i0.wp.com\/historiografija.hr\/wp-content\/uploads\/2026\/04\/Vlada-RH.jpg?fit=1200%2C557&ssl=1&resize=350%2C200 1x, https:\/\/i0.wp.com\/historiografija.hr\/wp-content\/uploads\/2026\/04\/Vlada-RH.jpg?fit=1200%2C557&ssl=1&resize=525%2C300 1.5x, https:\/\/i0.wp.com\/historiografija.hr\/wp-content\/uploads\/2026\/04\/Vlada-RH.jpg?fit=1200%2C557&ssl=1&resize=700%2C400 2x, https:\/\/i0.wp.com\/historiografija.hr\/wp-content\/uploads\/2026\/04\/Vlada-RH.jpg?fit=1200%2C557&ssl=1&resize=1050%2C600 3x"},"classes":[]},{"id":52660,"url":"https:\/\/historiografija.hr\/?p=52660","url_meta":{"origin":34268,"position":3},"title":"Medijski odjeci \u010dlanka Steve \u0110ura\u0161kovi\u0107a \u201e\u017dupanovljeva ne\u017eeljena djeca: ideolo\u0161ko pribli\u017eavanje neoliberala i kr\u0161\u0107anske radikalne desnice u Hrvatskoj\u201c","author":"Branimir Jankovi\u0107","date":"24. travnja 2026.","format":false,"excerpt":"U sklopu projekta \u201eIzazovi intelektualne povijesti: recepcije, preobrazbe i upotrebe politi\u010dkih ideja\u201c objavljen je polemi\u010dki \u010dlanak Steve \u0110ura\u0161kovi\u0107a \u201e\u017dupanovljeva ne\u017eeljena djeca: ideolo\u0161ko pribli\u017eavanje neoliberala i kr\u0161\u0107anske radikalne desnice u Hrvatskoj\u201c, koji je izazvao odre\u0111ene medijske reakcije. Stevo \u0110ura\u0161kovi\u0107 \u017dupanovljeva ne\u017eeljena djeca: ideolo\u0161ko pribli\u017eavanje neoliberala i kr\u0161\u0107anske radikalne desnice u Hrvatskoj\u2026","rel":"","context":"U &quot;Novosti&quot;","block_context":{"text":"Novosti","link":"https:\/\/historiografija.hr\/?cat=3"},"img":{"alt_text":"","src":"https:\/\/i0.wp.com\/historiografija.hr\/wp-content\/uploads\/2026\/04\/SD.png?fit=809%2C821&ssl=1&resize=350%2C200","width":350,"height":200,"srcset":"https:\/\/i0.wp.com\/historiografija.hr\/wp-content\/uploads\/2026\/04\/SD.png?fit=809%2C821&ssl=1&resize=350%2C200 1x, https:\/\/i0.wp.com\/historiografija.hr\/wp-content\/uploads\/2026\/04\/SD.png?fit=809%2C821&ssl=1&resize=525%2C300 1.5x, https:\/\/i0.wp.com\/historiografija.hr\/wp-content\/uploads\/2026\/04\/SD.png?fit=809%2C821&ssl=1&resize=700%2C400 2x"},"classes":[]},{"id":52508,"url":"https:\/\/historiografija.hr\/?p=52508","url_meta":{"origin":34268,"position":4},"title":"Glazbena radionica \u201eDUGMETARA REVISITED\u201c","author":"Branimir Jankovi\u0107","date":"17. travnja 2026.","format":false,"excerpt":"DUGMETARA REVISITED glazbena radionica vodi: Ana Horvat 13., 20. i 27. travnja, od 18 do 20 sati Radiona, Nova cesta 186 Na tri radioni\u010dka susreta uranjamo u naslje\u0111e Dugmetare, biv\u0161e tvornice dugmadi na Savskoj cesti koja je po\u010detkom 2000-ih igrom slu\u010daja postala \u017eivo, jedinstveno mjesto glazbene proizvodnje. Svoje su probe\u2026","rel":"","context":"U &quot;Novosti&quot;","block_context":{"text":"Novosti","link":"https:\/\/historiografija.hr\/?cat=3"},"img":{"alt_text":"","src":"https:\/\/i0.wp.com\/historiografija.hr\/wp-content\/uploads\/2026\/04\/TRESNJA_TRESTI.jpg?fit=380%2C475&ssl=1&resize=350%2C200","width":350,"height":200},"classes":[]},{"id":52704,"url":"https:\/\/historiografija.hr\/?p=52704","url_meta":{"origin":34268,"position":5},"title":"Predstavljanje knjige &#8220;Vladimir Vasiljevi\u0107: Moji do\u017eivljaji. Dnevni\u010dki zapisi iz Prvoga svjetskog rata i poratnoga vremena&#8221;","author":"Filip \u0160imunjak","date":"29. travnja 2026.","format":false,"excerpt":"Doga\u0111anja ovogodi\u0161njega Festivala povijesti Kliofest zapo\u010dinjemo ve\u0107 i prije samoga slu\u017ebenog otvaranja, predstavljanjem knjige \u201eMoji do\u017eivljaji. Dnevni\u010dki zapisi iz Prvoga svjetskog rata i poratnoga vremena\u201d Vladimira Vasiljevi\u0107a, koju su priredili Karlo Rukavina i Damir Agi\u010di\u0107. Pozivamo Vas na predstavljanje koje \u0107e se odr\u017eati u ponedjeljak 4. svibnja, s po\u010detkom u\u2026","rel":"","context":"U &quot;Knjige&quot;","block_context":{"text":"Knjige","link":"https:\/\/historiografija.hr\/?cat=8"},"img":{"alt_text":"","src":"https:\/\/i0.wp.com\/historiografija.hr\/wp-content\/uploads\/2026\/04\/Naslovna-V.-Vasiljevic.webp?fit=1200%2C600&ssl=1&resize=350%2C200","width":350,"height":200,"srcset":"https:\/\/i0.wp.com\/historiografija.hr\/wp-content\/uploads\/2026\/04\/Naslovna-V.-Vasiljevic.webp?fit=1200%2C600&ssl=1&resize=350%2C200 1x, https:\/\/i0.wp.com\/historiografija.hr\/wp-content\/uploads\/2026\/04\/Naslovna-V.-Vasiljevic.webp?fit=1200%2C600&ssl=1&resize=525%2C300 1.5x, https:\/\/i0.wp.com\/historiografija.hr\/wp-content\/uploads\/2026\/04\/Naslovna-V.-Vasiljevic.webp?fit=1200%2C600&ssl=1&resize=700%2C400 2x, https:\/\/i0.wp.com\/historiografija.hr\/wp-content\/uploads\/2026\/04\/Naslovna-V.-Vasiljevic.webp?fit=1200%2C600&ssl=1&resize=1050%2C600 3x"},"classes":[]}],"_links":{"self":[{"href":"https:\/\/historiografija.hr\/index.php?rest_route=\/wp\/v2\/posts\/34268","targetHints":{"allow":["GET"]}}],"collection":[{"href":"https:\/\/historiografija.hr\/index.php?rest_route=\/wp\/v2\/posts"}],"about":[{"href":"https:\/\/historiografija.hr\/index.php?rest_route=\/wp\/v2\/types\/post"}],"author":[{"embeddable":true,"href":"https:\/\/historiografija.hr\/index.php?rest_route=\/wp\/v2\/users\/2"}],"replies":[{"embeddable":true,"href":"https:\/\/historiografija.hr\/index.php?rest_route=%2Fwp%2Fv2%2Fcomments&post=34268"}],"version-history":[{"count":1,"href":"https:\/\/historiografija.hr\/index.php?rest_route=\/wp\/v2\/posts\/34268\/revisions"}],"predecessor-version":[{"id":34270,"href":"https:\/\/historiografija.hr\/index.php?rest_route=\/wp\/v2\/posts\/34268\/revisions\/34270"}],"wp:featuredmedia":[{"embeddable":true,"href":"https:\/\/historiografija.hr\/index.php?rest_route=\/wp\/v2\/media\/34269"}],"wp:attachment":[{"href":"https:\/\/historiografija.hr\/index.php?rest_route=%2Fwp%2Fv2%2Fmedia&parent=34268"}],"wp:term":[{"taxonomy":"category","embeddable":true,"href":"https:\/\/historiografija.hr\/index.php?rest_route=%2Fwp%2Fv2%2Fcategories&post=34268"},{"taxonomy":"post_tag","embeddable":true,"href":"https:\/\/historiografija.hr\/index.php?rest_route=%2Fwp%2Fv2%2Ftags&post=34268"}],"curies":[{"name":"wp","href":"https:\/\/api.w.org\/{rel}","templated":true}]}}