{"id":34265,"date":"2023-01-27T20:30:07","date_gmt":"2023-01-27T20:30:07","guid":{"rendered":"http:\/\/historiografija.hr\/?p=34265"},"modified":"2023-01-27T20:31:03","modified_gmt":"2023-01-27T20:31:03","slug":"projekcija-filma-dnevnik-diane-budisaljevic-i-razgovor-s-martinom-bitunjac-u-hamburgu","status":"publish","type":"post","link":"https:\/\/historiografija.hr\/?p=34265","title":{"rendered":"Projekcija filma \u201eDnevnik Diane Budisaljevi\u0107\u201c i razgovor s Martinom Bitunjac u Hamburgu"},"content":{"rendered":"\n<p>Povodom<strong>\u00a0<\/strong>obilje\u017eavanja Me\u0111unarodnog dana sje\u0107anja na \u017ertve Holokausta, u nedjelju 29. sije\u010dnja 2023. bit \u0107e prikazan film \u201eDnevnik Diane Budisaljevi\u0107\u201c u Zeise kinu u Hamburgu. Nakon projekcije filma Dane Budisaljevi\u0107 odr\u017eat \u0107e se razgovor\u00a0sa povjesni\u010darkom dr. Martinom Bitunjac.<\/p>\n\n\n\n<p><a href=\"https:\/\/www.zeise.de\/film\/2936\">https:\/\/www.zeise.de\/film\/2936<\/a><\/p>\n\n\n\n<p><a href=\"http:\/\/www.seefilmclub.org\/\">http:\/\/www.seefilmclub.org\/<\/a><\/p>\n\n\n\n<hr class=\"wp-block-separator\"\/>\n","protected":false},"excerpt":{"rendered":"","protected":false},"author":2,"featured_media":21894,"comment_status":"open","ping_status":"open","sticky":false,"template":"","format":"standard","meta":{"_acf_changed":false,"jetpack_post_was_ever_published":false,"_jetpack_newsletter_access":"","_jetpack_dont_email_post_to_subs":false,"_jetpack_newsletter_tier_id":0,"_jetpack_memberships_contains_paywalled_content":false,"_jetpack_memberships_contains_paid_content":false,"footnotes":"","jetpack_publicize_message":"","jetpack_publicize_feature_enabled":true,"jetpack_social_post_already_shared":true,"jetpack_social_options":{"image_generator_settings":{"template":"highway","default_image_id":0,"font":"","enabled":false},"version":2}},"categories":[13,3],"tags":[],"class_list":["post-34265","post","type-post","status-publish","format-standard","has-post-thumbnail","hentry","category-filmovi-i-serije","category-novosti"],"acf":{"facebook_opis":""},"jetpack_publicize_connections":[],"jetpack_featured_media_url":"https:\/\/i0.wp.com\/historiografija.hr\/wp-content\/uploads\/2020\/07\/Diana.jpg?fit=1140%2C500&ssl=1","jetpack_sharing_enabled":true,"jetpack-related-posts":[],"_links":{"self":[{"href":"https:\/\/historiografija.hr\/index.php?rest_route=\/wp\/v2\/posts\/34265","targetHints":{"allow":["GET"]}}],"collection":[{"href":"https:\/\/historiografija.hr\/index.php?rest_route=\/wp\/v2\/posts"}],"about":[{"href":"https:\/\/historiografija.hr\/index.php?rest_route=\/wp\/v2\/types\/post"}],"author":[{"embeddable":true,"href":"https:\/\/historiografija.hr\/index.php?rest_route=\/wp\/v2\/users\/2"}],"replies":[{"embeddable":true,"href":"https:\/\/historiografija.hr\/index.php?rest_route=%2Fwp%2Fv2%2Fcomments&post=34265"}],"version-history":[{"count":2,"href":"https:\/\/historiografija.hr\/index.php?rest_route=\/wp\/v2\/posts\/34265\/revisions"}],"predecessor-version":[{"id":34267,"href":"https:\/\/historiografija.hr\/index.php?rest_route=\/wp\/v2\/posts\/34265\/revisions\/34267"}],"wp:featuredmedia":[{"embeddable":true,"href":"https:\/\/historiografija.hr\/index.php?rest_route=\/wp\/v2\/media\/21894"}],"wp:attachment":[{"href":"https:\/\/historiografija.hr\/index.php?rest_route=%2Fwp%2Fv2%2Fmedia&parent=34265"}],"wp:term":[{"taxonomy":"category","embeddable":true,"href":"https:\/\/historiografija.hr\/index.php?rest_route=%2Fwp%2Fv2%2Fcategories&post=34265"},{"taxonomy":"post_tag","embeddable":true,"href":"https:\/\/historiografija.hr\/index.php?rest_route=%2Fwp%2Fv2%2Ftags&post=34265"}],"curies":[{"name":"wp","href":"https:\/\/api.w.org\/{rel}","templated":true}]}}