{"id":34248,"date":"2023-01-25T23:24:49","date_gmt":"2023-01-25T23:24:49","guid":{"rendered":"http:\/\/historiografija.hr\/?p=34248"},"modified":"2023-01-25T23:27:23","modified_gmt":"2023-01-25T23:27:23","slug":"doctoral-defense-of-lovro-kralj","status":"publish","type":"post","link":"https:\/\/historiografija.hr\/?p=34248","title":{"rendered":"Doctoral Defense of Lovro Kralj"},"content":{"rendered":"\n<p>Friday, January 27, 2023, 12:30 pm \u2013 2:30 pm<\/p>\n\n\n\n<hr class=\"wp-block-separator\"\/>\n\n\n\n<p>Speaker<\/p>\n\n\n\n<p><a href=\"https:\/\/history.ceu.edu\/people\/lovro-kralj\">Lovro Kralj<\/a><\/p>\n\n\n\n<hr class=\"wp-block-separator\"\/>\n\n\n\n<p><strong>Paving the Road to the Holocaust in the NDH: Antisemitism in the Usta\u0161a Movement,1930-1945<\/strong><\/p>\n\n\n\n<hr class=\"wp-block-separator\"\/>\n\n\n\n<p>This dissertation provides a reinterpretation of the importance of antisemitism in the Croatian fascist Usta\u0161a movement. The historiography has often treated the Usta\u0161a antisemitism as a peripheral ideological concept, giving it disproportionately little attention. Due to such approaches, the importance of antisemitism has been downplayed and reduced to pure imitation of German Nazism without real roots in the Usta\u0161a movement. Such interpretations ultimately fail to explain the causes of the Holocaust in the Independent State of Croatia.<\/p>\n\n\n\n<p>This dissertation analyzes the evolution of Usta\u0161a antisemitism from its earliest adoption in its movement phase during the interwar period to the regime phase when its policies aimed to destroy the Jewish community in the Independent State of Croatia. One of the central arguments in this study is that the Usta\u0161a adopted antisemitism as one of the most important means in the fascistization of the movement on the organizational and ideological levels. Moving beyond the history of ideas, this project also examines how antisemitism influenced the multiethnic communities, communication among various fascist movements and finally how it impacted the persecution of other persecuted groups in the Independent State of Croatia.<\/p>\n\n\n\n<hr class=\"wp-block-separator\"\/>\n\n\n\n<p>Examination committee:<\/p>\n\n\n\n<p>G\u00e1bor Klaniczay \u2013 Chair (Department of Medieval Studies, CEU)<\/p>\n\n\n\n<p>Constantin Iordachi \u2013 supervisor (Department of History, CEU)<\/p>\n\n\n\n<p>Andr\u00e1s Kov\u00e1cs \u2013 CEU internal member (Department of History\/Nationalism Studies Program, CEU)<\/p>\n\n\n\n<p>Raul C\u00e2rstocea \u2013 external member (Department of History, Maynooth University)<\/p>\n\n\n\n<p>Ljiljana Radoni\u0107 \u2013 external reader (Institute of Cultural Studies and Theatre History, Austrian Academy of Sciences)<\/p>\n\n\n\n<hr class=\"wp-block-separator\"\/>\n\n\n\n<p>Doctoral Dissertation Abstract:<\/p>\n\n\n\n<p><a href=\"https:\/\/events.ceu.edu\/2023-01-27\/doctoral-defense-lovro-kralj\">https:\/\/events.ceu.edu\/2023-01-27\/doctoral-defense-lovro-kralj<\/a><\/p>\n\n\n\n<hr class=\"wp-block-separator\"\/>\n","protected":false},"excerpt":{"rendered":"","protected":false},"author":2,"featured_media":34249,"comment_status":"open","ping_status":"open","sticky":false,"template":"","format":"standard","meta":{"_acf_changed":false,"_jetpack_newsletter_access":"","_jetpack_dont_email_post_to_subs":false,"_jetpack_newsletter_tier_id":0,"_jetpack_memberships_contains_paywalled_content":false,"_jetpack_memberships_contains_paid_content":false,"footnotes":"","jetpack_publicize_message":"","jetpack_publicize_feature_enabled":true,"jetpack_social_post_already_shared":true,"jetpack_social_options":{"image_generator_settings":{"template":"highway","default_image_id":0,"font":"","enabled":false},"version":2},"jetpack_post_was_ever_published":false},"categories":[3],"tags":[],"class_list":["post-34248","post","type-post","status-publish","format-standard","has-post-thumbnail","hentry","category-novosti"],"acf":{"facebook_opis":""},"jetpack_publicize_connections":[],"jetpack_featured_media_url":"https:\/\/i0.wp.com\/historiografija.hr\/wp-content\/uploads\/2023\/01\/lovro-kralj-defense.jpg?fit=825%2C550&ssl=1","jetpack_sharing_enabled":true,"jetpack-related-posts":[{"id":49729,"url":"https:\/\/historiografija.hr\/?p=49729","url_meta":{"origin":34248,"position":0},"title":"Polemike i osvrti povodom izlo\u017ebe \u201cU po\u010detku bija\u0161e Kraljevstvo \u2013 U povodu 1100 godina Hrvatskoga kraljevstva\u201d","author":"Branimir Jankovi\u0107","date":"20. studenoga 2025.","format":false,"excerpt":"U nastavku upu\u0107ujemo na polemike i osvrte povodom izlo\u017ebe \u201cU po\u010detku bija\u0161e Kraljevstvo \u2013 U povodu 1100 godina Hrvatskoga Kraljevstva\u201d, koja je otvorena u Galeriji Klovi\u0107evi dvori u Zagrebu. Josipa Luli\u0107 Tisu\u0107ljetni blam https:\/\/www.portalnovosti.com\/tisucljetni-blam Trpimir Vedri\u0161 Nepodno\u0161ljiva lako\u0107a etiketiranja https:\/\/misao.hr\/2025\/11\/19\/trpimir-vedris-nepodnosljiva-lakoca-etiketiranja https:\/\/www.matica.hr\/kolo\/847\/proslava-1100-godina-hrvatskog-kraljevstva-mit-o-tomislavu-i-njegovi-kriticari-39691 Branimir Jankovi\u0107 Problem (dis)kontinuiteta. Predstavlja li 1918. zaista kraj\u2026","rel":"","context":"U &quot;Izlo\u017ebe&quot;","block_context":{"text":"Izlo\u017ebe","link":"https:\/\/historiografija.hr\/?cat=10"},"img":{"alt_text":"","src":"https:\/\/i0.wp.com\/historiografija.hr\/wp-content\/uploads\/2025\/11\/Izlozba_predavanja.jpeg?fit=820%2C360&ssl=1&resize=350%2C200","width":350,"height":200,"srcset":"https:\/\/i0.wp.com\/historiografija.hr\/wp-content\/uploads\/2025\/11\/Izlozba_predavanja.jpeg?fit=820%2C360&ssl=1&resize=350%2C200 1x, https:\/\/i0.wp.com\/historiografija.hr\/wp-content\/uploads\/2025\/11\/Izlozba_predavanja.jpeg?fit=820%2C360&ssl=1&resize=525%2C300 1.5x, https:\/\/i0.wp.com\/historiografija.hr\/wp-content\/uploads\/2025\/11\/Izlozba_predavanja.jpeg?fit=820%2C360&ssl=1&resize=700%2C400 2x"},"classes":[]},{"id":54862,"url":"https:\/\/historiografija.hr\/?p=54862","url_meta":{"origin":34248,"position":1},"title":"Jukka M. Heikkil\u00e4, &#8220;Antigon, bo\u017eji sin&#8221;","author":"Branimir Jankovi\u0107","date":"3. kolovoza 2026.","format":false,"excerpt":"Nuori Aleksis 2001. \u201eHeikkil\u00e4 pri\u010da uvjerljivu i zanimljivu pri\u010du o staroj Gr\u010dkoj. On to\u010dno i \u017eivopisno prikazuje obi\u010daje i dru\u0161tvo tog vremena povezuju\u0107i sudbine pojedinih ljudi s povijesnim doga\u0111ajima\u2026 pokazuje da je mogu\u0107e napisati zanimljiv i uzbudljiv povijesni roman.\u201d \u2014 \u017eiri knji\u017eevne nagrade Nuori Aleksis Povijesni roman finskog autora Jukke\u2026","rel":"","context":"U &quot;Novosti&quot;","block_context":{"text":"Novosti","link":"https:\/\/historiografija.hr\/?cat=3"},"img":{"alt_text":"","src":"https:\/\/i0.wp.com\/historiografija.hr\/wp-content\/uploads\/2026\/08\/antigon_2.jpg?fit=1200%2C690&ssl=1&resize=350%2C200","width":350,"height":200,"srcset":"https:\/\/i0.wp.com\/historiografija.hr\/wp-content\/uploads\/2026\/08\/antigon_2.jpg?fit=1200%2C690&ssl=1&resize=350%2C200 1x, https:\/\/i0.wp.com\/historiografija.hr\/wp-content\/uploads\/2026\/08\/antigon_2.jpg?fit=1200%2C690&ssl=1&resize=525%2C300 1.5x, https:\/\/i0.wp.com\/historiografija.hr\/wp-content\/uploads\/2026\/08\/antigon_2.jpg?fit=1200%2C690&ssl=1&resize=700%2C400 2x, https:\/\/i0.wp.com\/historiografija.hr\/wp-content\/uploads\/2026\/08\/antigon_2.jpg?fit=1200%2C690&ssl=1&resize=1050%2C600 3x"},"classes":[]},{"id":54683,"url":"https:\/\/historiografija.hr\/?p=54683","url_meta":{"origin":34248,"position":2},"title":"Dani Kule 2026.","author":"Branimir Jankovi\u0107","date":"21. srpnja 2026.","format":false,"excerpt":"Dani Kule 2026. odr\u017eat \u0107e se 24.7.-26.7.2026. u Kuli Jankovi\u0107a u Islamu Gr\u010dkom. Program zapo\u010dinje u petak \u0161ahovskim turnirom za mlade Kralj, dama, Kula! posve\u0107enim fizi\u010daru dr. sc. Uro\u0161u Desnici. Turnir i ove godine ima nagradni fond za najuspje\u0161nije \u0161ahiste, a natjecati se mogu svi mla\u0111i od 20 godina koji\u2026","rel":"","context":"U &quot;Novosti&quot;","block_context":{"text":"Novosti","link":"https:\/\/historiografija.hr\/?cat=3"},"img":{"alt_text":"","src":"https:\/\/i0.wp.com\/historiografija.hr\/wp-content\/uploads\/2026\/07\/program2026.jpg?fit=640%2C452&ssl=1&resize=350%2C200","width":350,"height":200,"srcset":"https:\/\/i0.wp.com\/historiografija.hr\/wp-content\/uploads\/2026\/07\/program2026.jpg?fit=640%2C452&ssl=1&resize=350%2C200 1x, https:\/\/i0.wp.com\/historiografija.hr\/wp-content\/uploads\/2026\/07\/program2026.jpg?fit=640%2C452&ssl=1&resize=525%2C300 1.5x"},"classes":[]},{"id":54885,"url":"https:\/\/historiografija.hr\/?p=54885","url_meta":{"origin":34248,"position":3},"title":"Ante Tomi\u0107, &#8220;Kraljevi\u0107 Marko osloba\u0111a Imotski&#8221;","author":"Branimir Jankovi\u0107","date":"7. kolovoza 2026.","format":false,"excerpt":"Moglo bi biti da je svako vrijeme isto: u svakom nas \u010deka neki rat, biv\u0161a vlast\u00a0koja se dodvorava sada\u0161njoj, a strepi i oprezno \u010deka budu\u0107u, ne bi li joj se,\u00a0dakako, opet dodvorila i postala njezinom perjanicom.\u00a0Da, \u010dovjek je kvarna roba, a nacija i religija u tome dosta \u201cpoma\u017eu.\u201d Ante Tomi\u0107\u2026","rel":"","context":"U &quot;Novosti&quot;","block_context":{"text":"Novosti","link":"https:\/\/historiografija.hr\/?cat=3"},"img":{"alt_text":"","src":"https:\/\/i0.wp.com\/historiografija.hr\/wp-content\/uploads\/2026\/08\/kraljevic-marko-3.jpg?fit=1200%2C590&ssl=1&resize=350%2C200","width":350,"height":200,"srcset":"https:\/\/i0.wp.com\/historiografija.hr\/wp-content\/uploads\/2026\/08\/kraljevic-marko-3.jpg?fit=1200%2C590&ssl=1&resize=350%2C200 1x, https:\/\/i0.wp.com\/historiografija.hr\/wp-content\/uploads\/2026\/08\/kraljevic-marko-3.jpg?fit=1200%2C590&ssl=1&resize=525%2C300 1.5x, https:\/\/i0.wp.com\/historiografija.hr\/wp-content\/uploads\/2026\/08\/kraljevic-marko-3.jpg?fit=1200%2C590&ssl=1&resize=700%2C400 2x, https:\/\/i0.wp.com\/historiografija.hr\/wp-content\/uploads\/2026\/08\/kraljevic-marko-3.jpg?fit=1200%2C590&ssl=1&resize=1050%2C600 3x"},"classes":[]},{"id":53616,"url":"https:\/\/historiografija.hr\/?p=53616","url_meta":{"origin":34248,"position":4},"title":"Izabrani novi \u010dlanovi Hrvatske akademije znanosti i umjetnosti (2026)","author":"Branimir Jankovi\u0107","date":"22. svibnja 2026.","format":false,"excerpt":"Hrvatska akademija znanosti i umjetnosti odr\u017eala je u \u010detvrtak 21. svibnja izbornu skup\u0161tinu na kojoj je izabrano 12 novih redovitih \u010dlanova, 7 dopisnih \u010dlanova i 13 \u010dlanova suradnika HAZU. Po prvi put u povijesti Hrvatske akademije za redovite \u010dlanove izabrano je vi\u0161e \u017eena nego mu\u0161karaca \u2013 sedam akademkinja i pet\u2026","rel":"","context":"U &quot;Novosti&quot;","block_context":{"text":"Novosti","link":"https:\/\/historiografija.hr\/?cat=3"},"img":{"alt_text":"","src":"https:\/\/i0.wp.com\/historiografija.hr\/wp-content\/uploads\/2026\/05\/akademici-svi.jpg?fit=1061%2C441&ssl=1&resize=350%2C200","width":350,"height":200,"srcset":"https:\/\/i0.wp.com\/historiografija.hr\/wp-content\/uploads\/2026\/05\/akademici-svi.jpg?fit=1061%2C441&ssl=1&resize=350%2C200 1x, https:\/\/i0.wp.com\/historiografija.hr\/wp-content\/uploads\/2026\/05\/akademici-svi.jpg?fit=1061%2C441&ssl=1&resize=525%2C300 1.5x, https:\/\/i0.wp.com\/historiografija.hr\/wp-content\/uploads\/2026\/05\/akademici-svi.jpg?fit=1061%2C441&ssl=1&resize=700%2C400 2x, https:\/\/i0.wp.com\/historiografija.hr\/wp-content\/uploads\/2026\/05\/akademici-svi.jpg?fit=1061%2C441&ssl=1&resize=1050%2C600 3x"},"classes":[]},{"id":55050,"url":"https:\/\/historiografija.hr\/?p=55050","url_meta":{"origin":34248,"position":5},"title":"Francesca Albanese, &#8220;Kad svijet spava&#8221;","author":"Branimir Jankovi\u0107","date":"21. kolovoza 2026.","format":false,"excerpt":"Nakon srpskog izdanja na koje smo prethodno uputili, objavljeno je i hrvatsko izdanje knjige Francesce Albanese, posebne izvjestiteljice UN-a za stanje ljudskih prava na okupiranom palestinskom teritoriju. Duh mjesta \u2013 genius loci \u2013 \u010dine ljudi i njihove pri\u010de, a Palestina je mjesto gdje se povijest i svakodnevni \u017eivot sudaraju rijetko\u2026","rel":"","context":"U &quot;Knjige&quot;","block_context":{"text":"Knjige","link":"https:\/\/historiografija.hr\/?cat=8"},"img":{"alt_text":"","src":"https:\/\/i0.wp.com\/historiografija.hr\/wp-content\/uploads\/2026\/08\/slika-8.png?fit=782%2C1200&ssl=1&resize=350%2C200","width":350,"height":200,"srcset":"https:\/\/i0.wp.com\/historiografija.hr\/wp-content\/uploads\/2026\/08\/slika-8.png?fit=782%2C1200&ssl=1&resize=350%2C200 1x, https:\/\/i0.wp.com\/historiografija.hr\/wp-content\/uploads\/2026\/08\/slika-8.png?fit=782%2C1200&ssl=1&resize=525%2C300 1.5x, https:\/\/i0.wp.com\/historiografija.hr\/wp-content\/uploads\/2026\/08\/slika-8.png?fit=782%2C1200&ssl=1&resize=700%2C400 2x"},"classes":[]}],"_links":{"self":[{"href":"https:\/\/historiografija.hr\/index.php?rest_route=\/wp\/v2\/posts\/34248","targetHints":{"allow":["GET"]}}],"collection":[{"href":"https:\/\/historiografija.hr\/index.php?rest_route=\/wp\/v2\/posts"}],"about":[{"href":"https:\/\/historiografija.hr\/index.php?rest_route=\/wp\/v2\/types\/post"}],"author":[{"embeddable":true,"href":"https:\/\/historiografija.hr\/index.php?rest_route=\/wp\/v2\/users\/2"}],"replies":[{"embeddable":true,"href":"https:\/\/historiografija.hr\/index.php?rest_route=%2Fwp%2Fv2%2Fcomments&post=34248"}],"version-history":[{"count":3,"href":"https:\/\/historiografija.hr\/index.php?rest_route=\/wp\/v2\/posts\/34248\/revisions"}],"predecessor-version":[{"id":34252,"href":"https:\/\/historiografija.hr\/index.php?rest_route=\/wp\/v2\/posts\/34248\/revisions\/34252"}],"wp:featuredmedia":[{"embeddable":true,"href":"https:\/\/historiografija.hr\/index.php?rest_route=\/wp\/v2\/media\/34249"}],"wp:attachment":[{"href":"https:\/\/historiografija.hr\/index.php?rest_route=%2Fwp%2Fv2%2Fmedia&parent=34248"}],"wp:term":[{"taxonomy":"category","embeddable":true,"href":"https:\/\/historiografija.hr\/index.php?rest_route=%2Fwp%2Fv2%2Fcategories&post=34248"},{"taxonomy":"post_tag","embeddable":true,"href":"https:\/\/historiografija.hr\/index.php?rest_route=%2Fwp%2Fv2%2Ftags&post=34248"}],"curies":[{"name":"wp","href":"https:\/\/api.w.org\/{rel}","templated":true}]}}