{"id":34244,"date":"2023-01-25T23:13:06","date_gmt":"2023-01-25T23:13:06","guid":{"rendered":"http:\/\/historiografija.hr\/?p=34244"},"modified":"2023-01-25T23:13:06","modified_gmt":"2023-01-25T23:13:06","slug":"predstavljanje-knjiga-milana-radosevica-geneza-antifasizma-u-istri-i-renata-matica-drustvo-i-otpor-fasizmu-istarski-poucak-i-globalni-izazovi-u-puli","status":"publish","type":"post","link":"https:\/\/historiografija.hr\/?p=34244","title":{"rendered":"Predstavljanje knjiga Milana Rado\u0161evi\u0107a \u201cGeneza antifa\u0161izma u Istri\u201d i Renata Mati\u0107a \u201cDru\u0161tvo i otpor fa\u0161izmu. Istarski pou\u010dak i globalni izazovi\u201d u Puli"},"content":{"rendered":"\n<p>U petak, 27. sije\u010dnja 2023., s po\u010detkom u 18 sati u Gradskoj knji\u017enici i \u010ditaonici (Kandlerova 39, Pula) odr\u017eat \u0107e se predstavljanje knjiga dr. sc. Milana Rado\u0161evi\u0107a \u201cGeneza antifa\u0161izma u Istri. Fa\u0161isti\u010dko nasilje spram radni\u010dkog i hrvatskog nacionalnog pokreta na Pulj\u0161tini 1920.\u201d i dr. sc. Renata Mati\u0107a \u201cDru\u0161tvo i otpor fa\u0161izmu. Istarski pou\u010dak i globalni izazovi\u201d. Uz autore o knjizi \u0107e govoriti dr. sc. Damir Agi\u010di\u0107, dr. sc. Darko Dukovski i dr. sc. Vjeran Katunari\u0107. Organizatori predstavljanja su Istarsko povijesno dru\u0161tvo i Gradska knji\u017enica i \u010ditaonica Pula.<\/p>\n\n\n\n<p><strong>O knjizi \u201cGeneza antifa\u0161izma u Istri\u201d:<\/strong><\/p>\n\n\n\n<p>U knjizi je znanstveno obra\u0111ena tema po\u010detaka fa\u0161isti\u010dkog nasilja usmjerenog protiv radni\u010dkog te hrvatskog nacionalnog pokreta u Istri 1920. godine koji je generirao i prvi antifa\u0161isti\u010dki otpor. Kroz \u010detiri poglavlja su, konzultacijom arhivskog, novinskog, memoarskog gradiva, rekonstruirane epizode Vodnjanske bitke (16. sije\u010dnja), prvomajskog krvoproli\u0107a na pulskoj Portarati, fa\u0161isti\u010dkog pale\u017ea Narodnoga doma u Puli (14. srpnja), napada na odvjetnike dr. Mirka Vratovi\u0107a i dr. Ivu Zuccona (Cukona) (16. srpnja) te kona\u010dno Mussolinijev posjet Puli (21. rujna) i sukob fa\u0161ista sa socijalistima.&nbsp;&nbsp;<\/p>\n\n\n\n<p>O autoru:<\/p>\n\n\n\n<p>Milan Rado\u0161evi\u0107 (Pula, 1983.), povjesni\u010dar, vi\u0161i znanstveni suradnik na Zavodu za povijesne i dru\u0161tvene znanosti HAZU-Podru\u010dnoj jedinici u Puli. Prou\u010dava povijest Istre i Kvarnerskog primorja u 20. stolje\u0107u, posebno politi\u010dku povijest s naglaskom na fa\u0161izam i antifa\u0161izam te socijalnu povijest s naglaskom na javno zdravstvene procese. Do sada je objavio dvije autorske i tri uredni\u010dke knjige te stotinjak stru\u010dnih i znanstvenih radova, osvrta, priop\u0107enja, prikaza i kataloga izlo\u017ebi. Vanjski je suradnik na doktorskim studijima na Sveu\u010dili\u0161tu u Kopru (Univerza na Primorskem), Sveu\u010dili\u0161tu u Zagrebu i Sveu\u010dili\u0161tu u Dubrovniku u mentoriranju te ocjenjivanju doktorskih radova kandidata. Kao \u010dlan i voditelj sudjelovao je u nekoliko bilateralnih znanstvenoistra\u017eiva\u010dkih projekata, (su)voditelj je znanstvenoistra\u017eiva\u010dkog programa Stolje\u0107e europskog antifa\u0161izma. Istra izme\u0111u lokalnog i globalnog. Jedan je od osniva\u010da i predsjednik Istarskog povijesnog dru\u0161tva.<\/p>\n\n\n\n<p><strong>O knjizi \u201cDru\u0161tvo i otpor fa\u0161izmu. Istarski pou\u010dak i globalni izazovi\u201d:<\/strong><\/p>\n\n\n\n<p>\u201cSvijetla to\u010dna na globalnoj mapi gdje otpor poprima \u0161iri narodni karakter i prije pojave fa\u0161isti\u010dke dr\u017eave i objave globalne prijetnje opstanku \u010dovje\u010danstva jest Istra. Rije\u010d je o otporu na nasilje, \u010diji se jedinstveni zlokobni karakter razotkriva u samom za\u010detku\u201d.<\/p>\n\n\n\n<p>O autoru:<\/p>\n\n\n\n<p>Renato Mati\u0107 (Vinkovci, 1963.), sociolog, redovni profesor Fakulteta hrvatskih studija Sveu\u010dili\u0161ta u Zagrebu. Na Filozofskom fakultetu u Zagrebu diplomirao je (1988.), magistrirao (1994.) i doktorirao sociologiju (2001.), potonje na temu \u201cNeke vrijednosne odrednice devijantnog pona\u0161anja u hrvatskom dru\u0161tvu. Podru\u010dja njegova znanstveno-istra\u017eiva\u010dkog i nastavni\u010dkog djelovanja, uz op\u0107u sociologiju, jesu sociologija kriminala i dru\u0161tvene devijantnosti, problemi nasilja i korupcije te dru\u0161tveni uzroci predrasuda i diskriminacije s naglaskom na devijantne pojave i probleme hrvatskog dru\u0161tva u razdoblju tranzicije. Jedan je od osniva\u010da i predava\u010d na \u0160oa akademiji koju je pokrenula \u017didovska op\u0107ina Zagreb. Od 1989. do 1994. bio je zaposlen u MUP-u Republike Hrvatske, a od 1994. do 2007. radio je kao nastavnik na Fakultetu kriminalisti\u010dkih znanosti (kasnije Visokoj policijskoj \u0161koli) u Zagrebu. Na sada\u0161njoj instituciji zaposlen je od 2007. godine.<\/p>\n\n\n\n<p><a href=\"https:\/\/ipd-ssi.hr\/wp-content\/uploads\/2023\/01\/Pozivnica.pdf\">Pozivnica<\/a><\/p>\n\n\n\n<hr class=\"wp-block-separator\"\/>\n\n\n\n<p>Izvori:<\/p>\n\n\n\n<figure class=\"wp-block-embed-wordpress wp-block-embed is-type-wp-embed is-provider-istarsko-povijesno-drustvo-societa-storica-istriana\"><div class=\"wp-block-embed__wrapper\">\n<blockquote class=\"wp-embedded-content\" data-secret=\"DuLWOaTJFk\"><a href=\"https:\/\/ipd-ssi.hr\/2023\/01\/22\/predstavljanje-knjiga-milana-radosevica-geneza-antifasizma-u-istri-i-renata-matica-drustvo-i-otpor-fasizmu-istarski-poucak-i-globalni-izazovi-u-puli\/\">Predstavljanje knjiga Milana Rado\u0161evi\u0107a &#8220;Geneza antifa\u0161izma u Istri&#8221; i Renata Mati\u0107a &#8220;Dru\u0161tvo i otpor fa\u0161izmu. Istarski pou\u010dak i globalni izazovi&#8221; u Puli<\/a><\/blockquote><iframe loading=\"lazy\" class=\"wp-embedded-content\" sandbox=\"allow-scripts\" security=\"restricted\" style=\"position: absolute; clip: rect(1px, 1px, 1px, 1px);\" title=\"&#8220;Predstavljanje knjiga Milana Rado\u0161evi\u0107a &#8220;Geneza antifa\u0161izma u Istri&#8221; i Renata Mati\u0107a &#8220;Dru\u0161tvo i otpor fa\u0161izmu. Istarski pou\u010dak i globalni izazovi&#8221; u Puli&#8221; &#8212; Istarsko povijesno dru\u0161tvo - Societ\u00e0 Storica Istriana\" src=\"https:\/\/ipd-ssi.hr\/2023\/01\/22\/predstavljanje-knjiga-milana-radosevica-geneza-antifasizma-u-istri-i-renata-matica-drustvo-i-otpor-fasizmu-istarski-poucak-i-globalni-izazovi-u-puli\/embed\/#?secret=Hr6Vfp6mji#?secret=DuLWOaTJFk\" data-secret=\"DuLWOaTJFk\" width=\"600\" height=\"338\" frameborder=\"0\" marginwidth=\"0\" marginheight=\"0\" scrolling=\"no\"><\/iframe>\n<\/div><\/figure>\n\n\n\n<figure class=\"wp-block-embed-wordpress wp-block-embed is-type-wp-embed is-provider-srednja-europa\"><div class=\"wp-block-embed__wrapper\">\n<blockquote class=\"wp-embedded-content\" data-secret=\"fL76IyKw5y\"><a href=\"https:\/\/srednja-europa.hr\/dogadaji\/pula-27-sijecnja-2023-predstavljanje-knjiga-geneza-antifasizma-u-istri-i-drustvo-i-otpor-fasizmu-istarski-poucak-i-globalni-izazovi\/\">Pula, 27. sije\u010dnja 2023: Predstavljanje knjiga Geneza antifa\u0161izma u Istri i Dru\u0161tvo i otpor fa\u0161izmu &#8211; Istarski pou\u010dak i globalni izazovi<\/a><\/blockquote><iframe loading=\"lazy\" class=\"wp-embedded-content\" sandbox=\"allow-scripts\" security=\"restricted\" style=\"position: absolute; clip: rect(1px, 1px, 1px, 1px);\" title=\"&#8220;Pula, 27. sije\u010dnja 2023: Predstavljanje knjiga Geneza antifa\u0161izma u Istri i Dru\u0161tvo i otpor fa\u0161izmu &#8211; Istarski pou\u010dak i globalni izazovi&#8221; &#8212; Srednja Europa\" src=\"https:\/\/srednja-europa.hr\/dogadaji\/pula-27-sijecnja-2023-predstavljanje-knjiga-geneza-antifasizma-u-istri-i-drustvo-i-otpor-fasizmu-istarski-poucak-i-globalni-izazovi\/embed\/#?secret=fL76IyKw5y\" data-secret=\"fL76IyKw5y\" width=\"600\" height=\"338\" frameborder=\"0\" marginwidth=\"0\" marginheight=\"0\" scrolling=\"no\"><\/iframe>\n<\/div><\/figure>\n\n\n\n<hr class=\"wp-block-separator\"\/>\n","protected":false},"excerpt":{"rendered":"","protected":false},"author":2,"featured_media":34245,"comment_status":"open","ping_status":"open","sticky":false,"template":"","format":"standard","meta":{"_acf_changed":false,"_jetpack_newsletter_access":"","_jetpack_dont_email_post_to_subs":false,"_jetpack_newsletter_tier_id":0,"_jetpack_memberships_contains_paywalled_content":false,"_jetpack_memberships_contains_paid_content":false,"footnotes":"","jetpack_publicize_message":"","jetpack_publicize_feature_enabled":true,"jetpack_social_post_already_shared":true,"jetpack_social_options":{"image_generator_settings":{"template":"highway","default_image_id":0,"font":"","enabled":false},"version":2},"jetpack_post_was_ever_published":false},"categories":[3],"tags":[],"class_list":["post-34244","post","type-post","status-publish","format-standard","has-post-thumbnail","hentry","category-novosti"],"acf":{"facebook_opis":""},"jetpack_publicize_connections":[],"jetpack_featured_media_url":"https:\/\/i0.wp.com\/historiografija.hr\/wp-content\/uploads\/2023\/01\/Pozivnica.jpg?fit=1447%2C2048&ssl=1","jetpack_sharing_enabled":true,"jetpack-related-posts":[{"id":53812,"url":"https:\/\/historiografija.hr\/?p=53812","url_meta":{"origin":34244,"position":0},"title":"Muzej \u0110akov\u0161tine: Predstavljanje monografije dr. sc. Margarete Matijevi\u0107 &#8220;\u0110AKOVO POSLIJE STROSSMAYERA&#8221;","author":"Branimir Jankovi\u0107","date":"28. svibnja 2026.","format":false,"excerpt":"U petak 29. svibnja 2026. s po\u010detkom u 19 sati\u00a0odr\u017eat \u0107e se u Muzeju \u0110akov\u0161tine \u0110akovo predstavljanje monografije dr. sc. Margarete Matijevi\u0107: \u201c\u0110AKOVO POSLIJE STROSSMAYERA.\u00a0Panoramski pregled \u0111akova\u010dkih listova\u00a0Hrvatske pu\u010dke novine (1907.-1913.)\u00a0i\u00a0Djakova\u010dke hrvatske pu\u010dke novine (1913.-1914.)\u201c. Knjigu \u0107e predstaviti: \u2013\u00a0dr. sc. Margareta Matijevi\u0107\u00a0(Hrvatski institut za povijest) \u2013\u00a0dr. sc. Stanko Andri\u0107\u00a0(Hrvatski institut\u2026","rel":"","context":"U &quot;Novosti&quot;","block_context":{"text":"Novosti","link":"https:\/\/historiografija.hr\/?cat=3"},"img":{"alt_text":"","src":"https:\/\/i0.wp.com\/historiografija.hr\/wp-content\/uploads\/2026\/05\/Dakovo-poslije-Strossmayera.png?fit=900%2C600&ssl=1&resize=350%2C200","width":350,"height":200,"srcset":"https:\/\/i0.wp.com\/historiografija.hr\/wp-content\/uploads\/2026\/05\/Dakovo-poslije-Strossmayera.png?fit=900%2C600&ssl=1&resize=350%2C200 1x, https:\/\/i0.wp.com\/historiografija.hr\/wp-content\/uploads\/2026\/05\/Dakovo-poslije-Strossmayera.png?fit=900%2C600&ssl=1&resize=525%2C300 1.5x, https:\/\/i0.wp.com\/historiografija.hr\/wp-content\/uploads\/2026\/05\/Dakovo-poslije-Strossmayera.png?fit=900%2C600&ssl=1&resize=700%2C400 2x"},"classes":[]},{"id":53369,"url":"https:\/\/historiografija.hr\/?p=53369","url_meta":{"origin":34244,"position":1},"title":"Predstavljanje knjige Ljiljane Dobrov\u0161ak &#8220;Za\u010detnici industrije u Hrvatskoj \u017eidovskog podrijetla&#8221;","author":"Branimir Jankovi\u0107","date":"15. svibnja 2026.","format":false,"excerpt":"Pozivamo vas na predstavljanje knjige dr. sc. Ljiljane Dobrov\u0161ak Za\u010detnici industrije u Hrvatskoj \u017eidovskog podrijetla u utorak 19. svibnja 2026. u 17 sati u Multimedijalnoj dvorani Instituta Pilar u Zagrebu. Nakladnici knjige su \u017didovska vjerska zajednica BET ISRAEL u Hrvatskoj i STAJER-GRAF iz Zagreba, a glavna urednica Jasminka Doma\u0161. U\u2026","rel":"","context":"U &quot;Novosti&quot;","block_context":{"text":"Novosti","link":"https:\/\/historiografija.hr\/?cat=3"},"img":{"alt_text":"","src":"https:\/\/i0.wp.com\/historiografija.hr\/wp-content\/uploads\/2026\/05\/Dobrovsak_promocija.jpg?fit=939%2C704&ssl=1&resize=350%2C200","width":350,"height":200,"srcset":"https:\/\/i0.wp.com\/historiografija.hr\/wp-content\/uploads\/2026\/05\/Dobrovsak_promocija.jpg?fit=939%2C704&ssl=1&resize=350%2C200 1x, https:\/\/i0.wp.com\/historiografija.hr\/wp-content\/uploads\/2026\/05\/Dobrovsak_promocija.jpg?fit=939%2C704&ssl=1&resize=525%2C300 1.5x, https:\/\/i0.wp.com\/historiografija.hr\/wp-content\/uploads\/2026\/05\/Dobrovsak_promocija.jpg?fit=939%2C704&ssl=1&resize=700%2C400 2x"},"classes":[]},{"id":53747,"url":"https:\/\/historiografija.hr\/?p=53747","url_meta":{"origin":34244,"position":2},"title":"Predstavljanje monografije Vedrana Ivankovi\u0107a &#8220;Zapadni dio Zagreba&#8221;","author":"Branimir Jankovi\u0107","date":"26. svibnja 2026.","format":false,"excerpt":"Pozivamo vas na predstavljanje monografije \"Zapadni dio Zagreba\", koje \u0107e se odr\u017eati u Dru\u0161tvu arhitekata Zagreba (Trg bana Josipa Jela\u010di\u0107a 3\/1) u srijedu, 27. svibnja 2026. godine u 19 sati. Monografiju \u0107e predstaviti dr. sc. Dragan Damjanovi\u0107, dr. sc. Zlatko Kara\u010d i dr. sc. Vedran Ivankovi\u0107. Knjiga arhitekta i urbanista\u2026","rel":"","context":"U &quot;Novosti&quot;","block_context":{"text":"Novosti","link":"https:\/\/historiografija.hr\/?cat=3"},"img":{"alt_text":"","src":"https:\/\/i0.wp.com\/historiografija.hr\/wp-content\/uploads\/2026\/05\/image.png?fit=402%2C500&ssl=1&resize=350%2C200","width":350,"height":200},"classes":[]},{"id":49060,"url":"https:\/\/historiografija.hr\/?p=49060","url_meta":{"origin":34244,"position":3},"title":"Predstavljanje knjige \u201ePOVIJEST \u0160KOLA SESTARA KLANJATELJICA KRVI KRISTOVE U BOSNI I HERCEGOVINI (1880. \u2013 1945.)\u201c","author":"Branimir Jankovi\u0107","date":"22. listopada 2025.","format":false,"excerpt":"Imamo \u010dast i zadovoljstvo pozvati Vas na predstavljanje Znanstvene monografije POVIJEST \u0160KOLA SESTARA KLANJATELJICA KRVI KRISTOVE U BOSNI I HERCEGOVINI (1880. \u2013 1945.) autorice dr. sc. Viktorie Ko\u0161akO knjizi \u0107e govoriti:predstavnici suizdava\u010daprof. dr. sc. Hrvoje Petri\u0107, recenzentdr. sc. Tihana Lueti\u0107, recenzenticadr. sc. Viktoria Ko\u0161ak, autorica Predstavljanje \u0107e se odr\u017eati u\u2026","rel":"","context":"U &quot;Novosti&quot;","block_context":{"text":"Novosti","link":"https:\/\/historiografija.hr\/?cat=3"},"img":{"alt_text":"","src":"https:\/\/i0.wp.com\/historiografija.hr\/wp-content\/uploads\/2025\/10\/pozivnica-kosak-ogrizovic.jpg?fit=600%2C285&ssl=1&resize=350%2C200","width":350,"height":200,"srcset":"https:\/\/i0.wp.com\/historiografija.hr\/wp-content\/uploads\/2025\/10\/pozivnica-kosak-ogrizovic.jpg?fit=600%2C285&ssl=1&resize=350%2C200 1x, https:\/\/i0.wp.com\/historiografija.hr\/wp-content\/uploads\/2025\/10\/pozivnica-kosak-ogrizovic.jpg?fit=600%2C285&ssl=1&resize=525%2C300 1.5x"},"classes":[]},{"id":53919,"url":"https:\/\/historiografija.hr\/?p=53919","url_meta":{"origin":34244,"position":4},"title":"Predstavljanje knjige \u201eNikola VII. Zrinski (\u010cakove\u010dki 1620. \u2013 1664.)\u201c Hrvoja Petri\u0107a u Koprivnici","author":"Filip \u0160imunjak","date":"8. lipnja 2026.","format":false,"excerpt":"U \u010detvrtak 11. lipnja 2026. godine koprivni\u010dka \u0107e publika imati priliku upoznati prvu cjelovitu biografiju jednog od najzna\u010dajnijih hrvatskih velika\u0161a i dr\u017eavnika 17. stolje\u0107a. Tom \u0107e prigodom biti predstavljena nova knjiga na\u0161eg sugra\u0111anina, povjesni\u010dara, prof. dr. sc. Hrvoja Petri\u0107a Nikola VII. Zrinski (\u010cakove\u010dki 1620. \u2013 1664.): Snovi prekinuti u lovu\u2026","rel":"","context":"U &quot;Novosti&quot;","block_context":{"text":"Novosti","link":"https:\/\/historiografija.hr\/?cat=3"},"img":{"alt_text":"","src":"https:\/\/i0.wp.com\/historiografija.hr\/wp-content\/uploads\/2026\/06\/Petric-Knjiga-Koprivnica.webp?fit=1080%2C715&ssl=1&resize=350%2C200","width":350,"height":200,"srcset":"https:\/\/i0.wp.com\/historiografija.hr\/wp-content\/uploads\/2026\/06\/Petric-Knjiga-Koprivnica.webp?fit=1080%2C715&ssl=1&resize=350%2C200 1x, https:\/\/i0.wp.com\/historiografija.hr\/wp-content\/uploads\/2026\/06\/Petric-Knjiga-Koprivnica.webp?fit=1080%2C715&ssl=1&resize=525%2C300 1.5x, https:\/\/i0.wp.com\/historiografija.hr\/wp-content\/uploads\/2026\/06\/Petric-Knjiga-Koprivnica.webp?fit=1080%2C715&ssl=1&resize=700%2C400 2x, https:\/\/i0.wp.com\/historiografija.hr\/wp-content\/uploads\/2026\/06\/Petric-Knjiga-Koprivnica.webp?fit=1080%2C715&ssl=1&resize=1050%2C600 3x"},"classes":[]},{"id":53419,"url":"https:\/\/historiografija.hr\/?p=53419","url_meta":{"origin":34244,"position":5},"title":"Predstavljanje knjige: &#8220;Socijalna topografija srednjovjekovnoga Dubrovnika. Transformacija predgra\u0111a u sredi\u0161te grada u mleta\u010dkom razdoblju (1205. \u2013 1358.)&#8221; Irene Benyovsky Latin u Dubrovniku","author":"Filip \u0160imunjak","date":"18. svibnja 2026.","format":false,"excerpt":"Dr\u017eavni arhiv u Dubrovniku i\u00a0 Hrvatski institut za povijest pozivaju Vas na predstavljanje knjige dr. sc. Irene Benyovsky Latin 'Socijalna topografija srednjovjekovnoga Dubrovnika. Transformacija predgra\u0111\u0101 u sredi\u0161te grada u mleta\u010dkom razdoblju (1205. \u2013 1358.)' (Hrvatski institut za povijest, 2024.). Predstavljanje \u0107e se odr\u017eati u Dubrovniku, 20. svibnja 2026. (srijeda) u\u2026","rel":"","context":"U &quot;Novosti&quot;","block_context":{"text":"Novosti","link":"https:\/\/historiografija.hr\/?cat=3"},"img":{"alt_text":"","src":"https:\/\/i0.wp.com\/historiografija.hr\/wp-content\/uploads\/2026\/05\/Irena-Benyovsky-Latin-Socijalna-topografija.webp?fit=642%2C896&ssl=1&resize=350%2C200","width":350,"height":200,"srcset":"https:\/\/i0.wp.com\/historiografija.hr\/wp-content\/uploads\/2026\/05\/Irena-Benyovsky-Latin-Socijalna-topografija.webp?fit=642%2C896&ssl=1&resize=350%2C200 1x, https:\/\/i0.wp.com\/historiografija.hr\/wp-content\/uploads\/2026\/05\/Irena-Benyovsky-Latin-Socijalna-topografija.webp?fit=642%2C896&ssl=1&resize=525%2C300 1.5x"},"classes":[]}],"_links":{"self":[{"href":"https:\/\/historiografija.hr\/index.php?rest_route=\/wp\/v2\/posts\/34244","targetHints":{"allow":["GET"]}}],"collection":[{"href":"https:\/\/historiografija.hr\/index.php?rest_route=\/wp\/v2\/posts"}],"about":[{"href":"https:\/\/historiografija.hr\/index.php?rest_route=\/wp\/v2\/types\/post"}],"author":[{"embeddable":true,"href":"https:\/\/historiografija.hr\/index.php?rest_route=\/wp\/v2\/users\/2"}],"replies":[{"embeddable":true,"href":"https:\/\/historiografija.hr\/index.php?rest_route=%2Fwp%2Fv2%2Fcomments&post=34244"}],"version-history":[{"count":1,"href":"https:\/\/historiografija.hr\/index.php?rest_route=\/wp\/v2\/posts\/34244\/revisions"}],"predecessor-version":[{"id":34246,"href":"https:\/\/historiografija.hr\/index.php?rest_route=\/wp\/v2\/posts\/34244\/revisions\/34246"}],"wp:featuredmedia":[{"embeddable":true,"href":"https:\/\/historiografija.hr\/index.php?rest_route=\/wp\/v2\/media\/34245"}],"wp:attachment":[{"href":"https:\/\/historiografija.hr\/index.php?rest_route=%2Fwp%2Fv2%2Fmedia&parent=34244"}],"wp:term":[{"taxonomy":"category","embeddable":true,"href":"https:\/\/historiografija.hr\/index.php?rest_route=%2Fwp%2Fv2%2Fcategories&post=34244"},{"taxonomy":"post_tag","embeddable":true,"href":"https:\/\/historiografija.hr\/index.php?rest_route=%2Fwp%2Fv2%2Ftags&post=34244"}],"curies":[{"name":"wp","href":"https:\/\/api.w.org\/{rel}","templated":true}]}}