{"id":34241,"date":"2023-01-25T23:04:11","date_gmt":"2023-01-25T23:04:11","guid":{"rendered":"http:\/\/historiografija.hr\/?p=34241"},"modified":"2023-01-25T23:04:12","modified_gmt":"2023-01-25T23:04:12","slug":"renato-matic-drustvo-i-otpor-fasizmu-istarski-poucak-i-globalni-izazovi","status":"publish","type":"post","link":"https:\/\/historiografija.hr\/?p=34241","title":{"rendered":"Renato Mati\u0107, &#8220;Dru\u0161tvo i otpor fa\u0161izmu \u2013 Istarski pou\u010dak i globalni izazovi&#8221;"},"content":{"rendered":"\n<p>\u010covje\u010danstvo se kroz iskustvo totalitarnih poredaka i zlo\u010dina\u010dkih namjera njihovih vo\u0111a vi\u0161e puta na\u0161lo na rubu samouni\u0161tenja. Ta prijetnja ne prolazi niti postoje racionalno sigurna jamstva da bi opasnost ubrzo mogla nestati. Dvadeseto je stolje\u0107e duboko bolno svjedo\u010danstvo takvog iskustva. Realizacija zlo\u010dina\u010dkih nauma dovela je do negacije dru\u0161tva i \u010dovjeka, a negativna je utopija prestala biti utopija i postala stvarnost. (\u2026) \u0160to se u me\u0111uvremenu dogodilo s dubokim dru\u0161tvenim uzorcima totalitarnih poredaka i diktatura koje prijete \u010dovje\u010danstvu? Jesu li uo\u010deni i prepoznati? Radi li se uop\u0107e, i koliko, na njihovu uklanjanju? Jesmo li sposobni i pripremljeni za humaniju budu\u0107nost, za budu\u0107nost koja bi eliminirala nasilje?<\/p>\n\n\n\n<p>Naslovom Dru\u0161tvo i otpor fa\u0161izmu \u2013 Istarski pou\u010dak i globalni izazovi nastoji se definirati tema i okvir unutar kojega se navedena pitanja poku\u0161avaju barem dijelom otvoriti. Prije svega, rasprava o fenomenu fa\u0161isti\u010dkog nasilja te \u010dinjenica da je zlo koje se korak po korak gradilo puna dva desetlje\u0107a, da bi se razvilo do granica globalne prijetnje opstanku \u010dovje\u010danstva, na kraju uspjelo preplaviti cijeli svijet, u samom svom za\u010detku, kada je njegov razvoj mogao biti zaustavljen, pokazuje da je ono prepoznato samo i jedino u Istri. Upravo se tamo zbog doga\u0111aja iz 1920. i 1921. godine (Vodnjanska bitka; Krvavi prvi maj; Pale\u017e radni\u010dkog doma i Hrvatske \u010ditaonice u Puli; Mussolinijev dolazak u Pulu \u2013 prijetnja i gra\u0111anski odgovor; Pro\u0161tinska buna; Labinski ustanak) s pravom mo\u017ee govoriti o stvarnom po\u010detku antifa\u0161isti\u010dke borbe u Hrvatskoj. (Iz Uvoda)<\/p>\n\n\n\n<p>Svijetla to\u010dka na globalnoj mapi gdje otpor poprima \u0161iri narodni karakter i prije pojave fa\u0161isti\u010dke dr\u017eave i objave globalne prijetnje opstanku \u010dovje\u010danstva jest Istra. Rije\u010d je o otporu na nasilje, \u010diji se jedinstveni zlokobni karakter razotkriva u samom za\u010detku\u2026<\/p>\n\n\n\n<p>Renato Mati\u0107, sociolog, redovni profesor Fakulteta hrvatskih studija Sveu\u010dili\u0161ta u Zagrebu. Na Filozofskom fakultetu u Zagrebu diplomirao je (1988), magistrirao (1994) i doktorirao (2001) sociologiju. Podru\u010dja njegova znanstveno-istra\u017eiva\u010dkog i nastavni\u010dkog djelovanja, uz op\u0107u sociologiju, jesu sociologija kriminala i dru\u0161tvene devijantnosti, problemi nasilja i korupcije te dru\u0161tveni uzroci predrasuda i diskriminacije s naglaskom na devijantne pojave i probleme hrvatskog dru\u0161tva u tranziciji.<\/p>\n\n\n\n<hr class=\"wp-block-separator\"\/>\n\n\n\n<p>Izvor:<\/p>\n\n\n\n<figure class=\"wp-block-embed-wordpress wp-block-embed is-type-wp-embed is-provider-srednja-europa\"><div class=\"wp-block-embed__wrapper\">\n<blockquote class=\"wp-embedded-content\" data-secret=\"iqINDLIRd4\"><a href=\"https:\/\/srednja-europa.hr\/proizvod\/drustvo-i-otpor-fasizmu-istarski-poucak-i-globalni-izazovi\/\">Dru\u0161tvo i otpor fa\u0161izmu &#8211; Istarski pou\u010dak i globalni izazovi<\/a><\/blockquote><iframe loading=\"lazy\" class=\"wp-embedded-content\" sandbox=\"allow-scripts\" security=\"restricted\" style=\"position: absolute; clip: rect(1px, 1px, 1px, 1px);\" title=\"&#8220;Dru\u0161tvo i otpor fa\u0161izmu &#8211; Istarski pou\u010dak i globalni izazovi&#8221; &#8212; Srednja Europa\" src=\"https:\/\/srednja-europa.hr\/proizvod\/drustvo-i-otpor-fasizmu-istarski-poucak-i-globalni-izazovi\/embed\/#?secret=iqINDLIRd4\" data-secret=\"iqINDLIRd4\" width=\"600\" height=\"338\" frameborder=\"0\" marginwidth=\"0\" marginheight=\"0\" scrolling=\"no\"><\/iframe>\n<\/div><\/figure>\n\n\n\n<hr class=\"wp-block-separator\"\/>\n\n\n\n<p>Odjeci:<\/p>\n\n\n\n<p><a href=\"https:\/\/historiografija.ba\/article.php?id=1673\">https:\/\/historiografija.ba\/article.php?id=1673<\/a><\/p>\n\n\n\n<hr class=\"wp-block-separator\"\/>\n","protected":false},"excerpt":{"rendered":"","protected":false},"author":2,"featured_media":34242,"comment_status":"open","ping_status":"open","sticky":false,"template":"","format":"standard","meta":{"_acf_changed":false,"jetpack_post_was_ever_published":false,"_jetpack_newsletter_access":"","_jetpack_dont_email_post_to_subs":false,"_jetpack_newsletter_tier_id":0,"_jetpack_memberships_contains_paywalled_content":false,"_jetpack_memberships_contains_paid_content":false,"footnotes":"","jetpack_publicize_message":"","jetpack_publicize_feature_enabled":true,"jetpack_social_post_already_shared":true,"jetpack_social_options":{"image_generator_settings":{"template":"highway","default_image_id":0,"font":"","enabled":false},"version":2}},"categories":[8,3],"tags":[],"class_list":["post-34241","post","type-post","status-publish","format-standard","has-post-thumbnail","hentry","category-knjige","category-novosti"],"acf":{"facebook_opis":""},"jetpack_publicize_connections":[],"jetpack_featured_media_url":"https:\/\/i0.wp.com\/historiografija.hr\/wp-content\/uploads\/2023\/01\/Otpor_fasizmu.jpg?fit=450%2C633&ssl=1","jetpack_sharing_enabled":true,"jetpack-related-posts":[],"_links":{"self":[{"href":"https:\/\/historiografija.hr\/index.php?rest_route=\/wp\/v2\/posts\/34241","targetHints":{"allow":["GET"]}}],"collection":[{"href":"https:\/\/historiografija.hr\/index.php?rest_route=\/wp\/v2\/posts"}],"about":[{"href":"https:\/\/historiografija.hr\/index.php?rest_route=\/wp\/v2\/types\/post"}],"author":[{"embeddable":true,"href":"https:\/\/historiografija.hr\/index.php?rest_route=\/wp\/v2\/users\/2"}],"replies":[{"embeddable":true,"href":"https:\/\/historiografija.hr\/index.php?rest_route=%2Fwp%2Fv2%2Fcomments&post=34241"}],"version-history":[{"count":1,"href":"https:\/\/historiografija.hr\/index.php?rest_route=\/wp\/v2\/posts\/34241\/revisions"}],"predecessor-version":[{"id":34243,"href":"https:\/\/historiografija.hr\/index.php?rest_route=\/wp\/v2\/posts\/34241\/revisions\/34243"}],"wp:featuredmedia":[{"embeddable":true,"href":"https:\/\/historiografija.hr\/index.php?rest_route=\/wp\/v2\/media\/34242"}],"wp:attachment":[{"href":"https:\/\/historiografija.hr\/index.php?rest_route=%2Fwp%2Fv2%2Fmedia&parent=34241"}],"wp:term":[{"taxonomy":"category","embeddable":true,"href":"https:\/\/historiografija.hr\/index.php?rest_route=%2Fwp%2Fv2%2Fcategories&post=34241"},{"taxonomy":"post_tag","embeddable":true,"href":"https:\/\/historiografija.hr\/index.php?rest_route=%2Fwp%2Fv2%2Ftags&post=34241"}],"curies":[{"name":"wp","href":"https:\/\/api.w.org\/{rel}","templated":true}]}}