{"id":34238,"date":"2023-01-25T22:56:39","date_gmt":"2023-01-25T22:56:39","guid":{"rendered":"http:\/\/historiografija.hr\/?p=34238"},"modified":"2023-01-25T22:57:01","modified_gmt":"2023-01-25T22:57:01","slug":"znanstveni-skup-put-prognanih-ka-slobodi-i-izlozba-jevrejski-rabski-bataljon-jevreji-narodni-heroji-u-sarajevu","status":"publish","type":"post","link":"https:\/\/historiografija.hr\/?p=34238","title":{"rendered":"Znanstveni skup &#8220;Put prognanih ka slobodi&#8221; i izlo\u017eba &#8220;Jevrejski rabski bataljon &#8211; Jevreji narodni heroji&#8221; u Sarajevu"},"content":{"rendered":"\n<p>Povodom <em>Dana sje\u0107anja na \u017ertve Holokausta<\/em> Institut za istra\u017eivanje zlo\u010dina protiv \u010dovje\u010dnosti i me\u0111unarodnog prava Univerziteta u Sarajevu organizira nau\u010dni skup &#8220;Put prognanih ka slobodi&#8221; i otvaranje izlo\u017ebe &#8220;Jevrejski rabski bataljon &#8211; Jevreji narodni heroji&#8221;.<\/p>\n\n\n\n<p>Na skupu \u0107e govoriti Hikmet Kar\u010di\u0107, Almir Grabovica i Eli Tauber.<\/p>\n\n\n\n<p>Izlo\u017eba, koju je priredio Eli Tauber, \u0107e biti otvorena na Univerzitetu u Sarajevu (sve\u010dana sala Rektorata, Obala Kulina bana 7\/II) u \u010detvrtak, 26.1.2023. u 11:30, a nau\u010dni skup \u0107e se odr\u017eati na istom mjestu od 12:00 do 13:30 sati.<\/p>\n\n\n\n<hr class=\"wp-block-separator\"\/>\n\n\n\n<p>Preuzeto s portala <strong>Historiografija.ba<\/strong>:<\/p>\n\n\n\n<p><a href=\"https:\/\/historiografija.ba\/article.php?id=1672\">https:\/\/historiografija.ba\/article.php?id=1672<\/a><\/p>\n\n\n\n<hr class=\"wp-block-separator\"\/>\n","protected":false},"excerpt":{"rendered":"","protected":false},"author":2,"featured_media":34239,"comment_status":"open","ping_status":"open","sticky":false,"template":"","format":"standard","meta":{"_acf_changed":false,"jetpack_post_was_ever_published":false,"_jetpack_newsletter_access":"","_jetpack_dont_email_post_to_subs":false,"_jetpack_newsletter_tier_id":0,"_jetpack_memberships_contains_paywalled_content":false,"_jetpack_memberships_contains_paid_content":false,"footnotes":"","jetpack_publicize_message":"","jetpack_publicize_feature_enabled":true,"jetpack_social_post_already_shared":true,"jetpack_social_options":{"image_generator_settings":{"template":"highway","default_image_id":0,"font":"","enabled":false},"version":2}},"categories":[10,3,9],"tags":[],"class_list":["post-34238","post","type-post","status-publish","format-standard","has-post-thumbnail","hentry","category-izlozbe","category-novosti","category-skupovi"],"acf":{"facebook_opis":""},"jetpack_publicize_connections":[],"jetpack_featured_media_url":"https:\/\/i0.wp.com\/historiografija.hr\/wp-content\/uploads\/2023\/01\/Holokaust_UNSA_Skup.jpg?fit=555%2C555&ssl=1","jetpack_sharing_enabled":true,"jetpack-related-posts":[],"_links":{"self":[{"href":"https:\/\/historiografija.hr\/index.php?rest_route=\/wp\/v2\/posts\/34238","targetHints":{"allow":["GET"]}}],"collection":[{"href":"https:\/\/historiografija.hr\/index.php?rest_route=\/wp\/v2\/posts"}],"about":[{"href":"https:\/\/historiografija.hr\/index.php?rest_route=\/wp\/v2\/types\/post"}],"author":[{"embeddable":true,"href":"https:\/\/historiografija.hr\/index.php?rest_route=\/wp\/v2\/users\/2"}],"replies":[{"embeddable":true,"href":"https:\/\/historiografija.hr\/index.php?rest_route=%2Fwp%2Fv2%2Fcomments&post=34238"}],"version-history":[{"count":1,"href":"https:\/\/historiografija.hr\/index.php?rest_route=\/wp\/v2\/posts\/34238\/revisions"}],"predecessor-version":[{"id":34240,"href":"https:\/\/historiografija.hr\/index.php?rest_route=\/wp\/v2\/posts\/34238\/revisions\/34240"}],"wp:featuredmedia":[{"embeddable":true,"href":"https:\/\/historiografija.hr\/index.php?rest_route=\/wp\/v2\/media\/34239"}],"wp:attachment":[{"href":"https:\/\/historiografija.hr\/index.php?rest_route=%2Fwp%2Fv2%2Fmedia&parent=34238"}],"wp:term":[{"taxonomy":"category","embeddable":true,"href":"https:\/\/historiografija.hr\/index.php?rest_route=%2Fwp%2Fv2%2Fcategories&post=34238"},{"taxonomy":"post_tag","embeddable":true,"href":"https:\/\/historiografija.hr\/index.php?rest_route=%2Fwp%2Fv2%2Ftags&post=34238"}],"curies":[{"name":"wp","href":"https:\/\/api.w.org\/{rel}","templated":true}]}}