{"id":34232,"date":"2023-01-24T22:40:09","date_gmt":"2023-01-24T22:40:09","guid":{"rendered":"http:\/\/historiografija.hr\/?p=34232"},"modified":"2023-01-24T22:40:09","modified_gmt":"2023-01-24T22:40:09","slug":"izlozba-sjecanje-na-holokaust-u-sarajevu-kroz-dokumente-historijskog-arhiva-sarajevo","status":"publish","type":"post","link":"https:\/\/historiografija.hr\/?p=34232","title":{"rendered":"Izlo\u017eba &#8220;Sje\u0107anje na holokaust u Sarajevu kroz dokumente Historijskog arhiva Sarajevo&#8221;"},"content":{"rendered":"\n<p>Historijski arhiv Sarajevo prire\u0111uje izlo\u017ebu povodom obilje\u017eavanja Me\u0111unarodnog dana sje\u0107anja na \u017ertve holokausta.<\/p>\n\n\n\n<p>Izlo\u017eba &#8220;Sje\u0107anje na holokaust u Sarajevu kroz dokumente Historijskog arhiva Sarajevo&#8221; ima za cilj odati po\u010dast \u017ertavama sistematskog progona i genocide nad Jevrejima i drugim etni\u010dkim, vjerskim i politi\u010dkim grupama ljudi tokom Drugog svjetskog rata od strane nacisti\u010dke Njema\u010dke i njenih saradnika i predstavljanje bogatstva primarnih historijskih izvora Historijskog arhiva Sarajevo.<\/p>\n\n\n\n<p>&#8220;U Bosni i Hercegovini nakon progla\u0161enja tzv. Nezavisne Dr\u017eave Hrvatske 10. aprila 1941. godine po\u010dinje aktivno sprovo\u0111enje politike fanatizma \u201e\u010diste zajednice\u201c realizovane u fazama, po\u010dev\u0161i od dehumanizacije, zatim stavljanja zajednice van zakonskih okvira i uspostavljanja posebnih zakonskih normi, pa do krajnje faze masovnih deportacija, hap\u0161enja i egzekucija kao zavr\u0161nog \u010dina cijelokupnog procesa uni\u0161tenja. Sva stradanja ostala su zabilje\u017eena i dokumentovana kroz niz historijskih zapisa, dokumenata, slu\u017ebenih i li\u010dnih zapa\u017eanja i predstavljaju jedan od najtamnijih trenutaka ljudske historije u kojem ni djeca nisu bila po\u0161te\u0111ena, \u0161to dodatno zatamnjuje cijelu pri\u010du. Po statistikama, samo sa prostora Sarajeva je u ovome periodu stradalo oko 1308 djece.&#8221;<\/p>\n\n\n\n<p>Izlo\u017eba \u0107e biti otvorena u \u010detvrtak, 26.01.2023. godine u 14:00 sati u prostorijama Vije\u0107nice, Brodac 1 (Obala Kulina bana), Sarajevo.<\/p>\n\n\n\n<hr class=\"wp-block-separator\"\/>\n\n\n\n<p>Preneseno s portala <strong>Historiografija.ba<\/strong>:<\/p>\n\n\n\n<p><a href=\"https:\/\/historiografija.ba\/article.php?id=1668\">https:\/\/historiografija.ba\/article.php?id=1668<\/a><\/p>\n\n\n\n<hr class=\"wp-block-separator\"\/>\n\n\n\n<p><\/p>\n","protected":false},"excerpt":{"rendered":"","protected":false},"author":2,"featured_media":34233,"comment_status":"open","ping_status":"open","sticky":false,"template":"","format":"standard","meta":{"_acf_changed":false,"jetpack_post_was_ever_published":false,"_jetpack_newsletter_access":"","_jetpack_dont_email_post_to_subs":false,"_jetpack_newsletter_tier_id":0,"_jetpack_memberships_contains_paywalled_content":false,"_jetpack_memberships_contains_paid_content":false,"footnotes":"","jetpack_publicize_message":"","jetpack_publicize_feature_enabled":true,"jetpack_social_post_already_shared":true,"jetpack_social_options":{"image_generator_settings":{"template":"highway","default_image_id":0,"font":"","enabled":false},"version":2}},"categories":[10,3],"tags":[],"class_list":["post-34232","post","type-post","status-publish","format-standard","has-post-thumbnail","hentry","category-izlozbe","category-novosti"],"acf":{"facebook_opis":""},"jetpack_publicize_connections":[],"jetpack_featured_media_url":"https:\/\/i0.wp.com\/historiografija.hr\/wp-content\/uploads\/2023\/01\/Holokaust_Sarajevo_HIS_Izlozba.jpg?fit=450%2C578&ssl=1","jetpack_sharing_enabled":true,"jetpack-related-posts":[],"_links":{"self":[{"href":"https:\/\/historiografija.hr\/index.php?rest_route=\/wp\/v2\/posts\/34232","targetHints":{"allow":["GET"]}}],"collection":[{"href":"https:\/\/historiografija.hr\/index.php?rest_route=\/wp\/v2\/posts"}],"about":[{"href":"https:\/\/historiografija.hr\/index.php?rest_route=\/wp\/v2\/types\/post"}],"author":[{"embeddable":true,"href":"https:\/\/historiografija.hr\/index.php?rest_route=\/wp\/v2\/users\/2"}],"replies":[{"embeddable":true,"href":"https:\/\/historiografija.hr\/index.php?rest_route=%2Fwp%2Fv2%2Fcomments&post=34232"}],"version-history":[{"count":1,"href":"https:\/\/historiografija.hr\/index.php?rest_route=\/wp\/v2\/posts\/34232\/revisions"}],"predecessor-version":[{"id":34234,"href":"https:\/\/historiografija.hr\/index.php?rest_route=\/wp\/v2\/posts\/34232\/revisions\/34234"}],"wp:featuredmedia":[{"embeddable":true,"href":"https:\/\/historiografija.hr\/index.php?rest_route=\/wp\/v2\/media\/34233"}],"wp:attachment":[{"href":"https:\/\/historiografija.hr\/index.php?rest_route=%2Fwp%2Fv2%2Fmedia&parent=34232"}],"wp:term":[{"taxonomy":"category","embeddable":true,"href":"https:\/\/historiografija.hr\/index.php?rest_route=%2Fwp%2Fv2%2Fcategories&post=34232"},{"taxonomy":"post_tag","embeddable":true,"href":"https:\/\/historiografija.hr\/index.php?rest_route=%2Fwp%2Fv2%2Ftags&post=34232"}],"curies":[{"name":"wp","href":"https:\/\/api.w.org\/{rel}","templated":true}]}}