{"id":34229,"date":"2023-01-24T22:35:59","date_gmt":"2023-01-24T22:35:59","guid":{"rendered":"http:\/\/historiografija.hr\/?p=34229"},"modified":"2023-01-24T22:35:59","modified_gmt":"2023-01-24T22:35:59","slug":"izlozba-plakata-prica-o-haninom-kovcegu","status":"publish","type":"post","link":"https:\/\/historiografija.hr\/?p=34229","title":{"rendered":"Izlo\u017eba plakata &#8220;Pri\u010da o Haninom kov\u010degu&#8221;"},"content":{"rendered":"\n<p><strong>24. &#8211; 27. 1. 2023.<\/strong><strong><br>Arheolo\u0161ki muzej u Zagrebu<br>Velika dvorana, 1. kat<\/strong><\/p>\n\n\n\n<p><strong>Radno vrijeme<\/strong><strong><br>utorak \u2013 petak 12 \u2013 16 sati<br>ulaz besplatan<\/strong><\/p>\n\n\n\n<p><strong>No\u0107 muzeja 2023.<\/strong><strong><br>petak, 27. 1. 2023. od 18 sati do 1 sat<\/strong><\/p>\n\n\n\n<p>\u017dele\u0107i upoznati japansku djecu s temom holokausta, Fumio I\u0161ioka, ravnateljica Tokijskog centra za obuku i izvore o holokaustu, 2000. godine nabavila je paket od Dr\u017eavnog muzeja u Auschwitzu, koji je sadr\u017eavao kov\u010deg jednog od zato\u010denika ovog zloglasnog koncentracijskog logora. Kov\u010deg je izazvao zanimanje djece, koja su se raspitivala o \u017eivotu i sudbini njegovog vlasnika. Uz poznavanje samo imena \u2013 Hana Brady \u2013 i njenog datuma ro\u0111enja navedenih na kov\u010degu, gospo\u0111a I\u0161ioka je na kraju razotkrila pri\u010du o \u017eivotu djevoj\u010dice Hane iz \u010de\u0161kog gradi\u0107a Nov\u00e9 M\u011bsto na Morav\u011b i njenog brata Ji\u0159\u00edja, koji je holokaust pre\u017eivio i poslije rata je emigrirao u Izrael, a kasnije u Kanadu. Izlo\u017eba <strong>Pri\u010da o Haninom kov\u010degu <\/strong>donosi njihovu pri\u010du.<\/p>\n\n\n\n<p>Autor izlo\u017ebe <strong>Pri\u010da o Haninom kov\u010degu <\/strong>je Lubom\u00edr \u0160ula, koji je u vrijeme nastanka izlo\u017ebe bio ravnatelj Centra za djecu i mlade\u017e u Haninom rodnom gradu Nov\u00e9 M\u011bsto na Morav\u011b.<\/p>\n\n\n\n<p>Izlo\u017eba <strong>Pri\u010da o Haninom kov\u010degu<\/strong> postavljena je u nizu gradova diljem \u010ce\u0161ke, a u studenom 2022. godine predstavljena je i u sjedi\u0161tu Vije\u0107a Europe u Strasbourgu, gdje je otvaranju nazo\u010dila i generalna tajnica Vije\u0107a Europe Marija Pej\u010dinovi\u0107 Buri\u0107.<\/p>\n\n\n\n<p>Izlo\u017eba <strong>Pri\u010da o Haninom kov\u010degu<\/strong> postavljena je u povodu Me\u0111unarodnog dana sje\u0107anja na \u017ertve holokausta koji se obilje\u017eava 27. sije\u010dnja.<\/p>\n\n\n\n<p>Impresum:<\/p>\n\n\n\n<p>Organizacija: Veleposlanstva Republike \u010ce\u0161ke, Dr\u017eave Izrael, Japana i Kanade i Arheolo\u0161ki muzej u Zagrebu<\/p>\n\n\n\n<p>Autor izlo\u017ebe: Lubom\u00edr \u0160ula<\/p>\n\n\n\n<p>Koordinacija izlo\u017ebe: Jana Kop\u00e1\u010dkov\u00e1 (AMZ)<\/p>\n\n\n\n<p>Marketing i\u02ddodnosi s javno\u0161\u0107u: Davorka Mara\u010di\u0107<\/p>\n\n\n\n<p><em>Foto: Fotografija Hane Brady<\/em><\/p>\n\n\n\n<hr class=\"wp-block-separator\"\/>\n\n\n\n<p>Izvor:<\/p>\n\n\n\n<p><a href=\"https:\/\/www.amz.hr\/hr\/izlozbe\/izlozba-plakata-prica-o-haninom-kovcegu\/\">https:\/\/www.amz.hr\/hr\/izlozbe\/izlozba-plakata-prica-o-haninom-kovcegu\/<\/a><\/p>\n\n\n\n<hr class=\"wp-block-separator\"\/>\n","protected":false},"excerpt":{"rendered":"","protected":false},"author":2,"featured_media":34230,"comment_status":"open","ping_status":"open","sticky":false,"template":"","format":"standard","meta":{"_acf_changed":false,"jetpack_post_was_ever_published":false,"_jetpack_newsletter_access":"","_jetpack_dont_email_post_to_subs":false,"_jetpack_newsletter_tier_id":0,"_jetpack_memberships_contains_paywalled_content":false,"_jetpack_memberships_contains_paid_content":false,"footnotes":"","jetpack_publicize_message":"","jetpack_publicize_feature_enabled":true,"jetpack_social_post_already_shared":true,"jetpack_social_options":{"image_generator_settings":{"template":"highway","default_image_id":0,"font":"","enabled":false},"version":2}},"categories":[10,3],"tags":[],"class_list":["post-34229","post","type-post","status-publish","format-standard","has-post-thumbnail","hentry","category-izlozbe","category-novosti"],"acf":{"facebook_opis":""},"jetpack_publicize_connections":[],"jetpack_featured_media_url":"https:\/\/i0.wp.com\/historiografija.hr\/wp-content\/uploads\/2023\/01\/hana.jpg?fit=700%2C608&ssl=1","jetpack_sharing_enabled":true,"jetpack-related-posts":[],"_links":{"self":[{"href":"https:\/\/historiografija.hr\/index.php?rest_route=\/wp\/v2\/posts\/34229","targetHints":{"allow":["GET"]}}],"collection":[{"href":"https:\/\/historiografija.hr\/index.php?rest_route=\/wp\/v2\/posts"}],"about":[{"href":"https:\/\/historiografija.hr\/index.php?rest_route=\/wp\/v2\/types\/post"}],"author":[{"embeddable":true,"href":"https:\/\/historiografija.hr\/index.php?rest_route=\/wp\/v2\/users\/2"}],"replies":[{"embeddable":true,"href":"https:\/\/historiografija.hr\/index.php?rest_route=%2Fwp%2Fv2%2Fcomments&post=34229"}],"version-history":[{"count":1,"href":"https:\/\/historiografija.hr\/index.php?rest_route=\/wp\/v2\/posts\/34229\/revisions"}],"predecessor-version":[{"id":34231,"href":"https:\/\/historiografija.hr\/index.php?rest_route=\/wp\/v2\/posts\/34229\/revisions\/34231"}],"wp:featuredmedia":[{"embeddable":true,"href":"https:\/\/historiografija.hr\/index.php?rest_route=\/wp\/v2\/media\/34230"}],"wp:attachment":[{"href":"https:\/\/historiografija.hr\/index.php?rest_route=%2Fwp%2Fv2%2Fmedia&parent=34229"}],"wp:term":[{"taxonomy":"category","embeddable":true,"href":"https:\/\/historiografija.hr\/index.php?rest_route=%2Fwp%2Fv2%2Fcategories&post=34229"},{"taxonomy":"post_tag","embeddable":true,"href":"https:\/\/historiografija.hr\/index.php?rest_route=%2Fwp%2Fv2%2Ftags&post=34229"}],"curies":[{"name":"wp","href":"https:\/\/api.w.org\/{rel}","templated":true}]}}