{"id":34226,"date":"2023-01-24T22:28:15","date_gmt":"2023-01-24T22:28:15","guid":{"rendered":"http:\/\/historiografija.hr\/?p=34226"},"modified":"2023-01-26T19:29:25","modified_gmt":"2023-01-26T19:29:25","slug":"poziv-na-otvorenje-izlozbe-tragom-sjecanja","status":"publish","type":"post","link":"https:\/\/historiografija.hr\/?p=34226","title":{"rendered":"Poziv na otvorenje izlo\u017ebe \u201cTragom sje\u0107anja\u201d"},"content":{"rendered":"\n<p>Povodom obilje\u017eavanja Me\u0111unarodnog dana sje\u0107anja na \u017ertve holokausta pozivamo Vas na otvorenje izlo\u017ebe fotografija pod nazivom <strong><em>Tragom sje\u0107anja<\/em><\/strong>, autorica Kristine Dilice i Martine Bare\u0161i\u0107.<\/p>\n\n\n\n<p>Fotografije su snimljene u koncentracijskim logorima Auschwitz-Birkenau i Jasenovac te, zajedno s obrazovnim programom, ukazuju na va\u017enost o\u010duvanja kulture sje\u0107anja.<\/p>\n\n\n\n<p>Otvorenje izlo\u017ebe bit \u0107e u srijedu, <strong>25. sije\u010dnja 2023. u 19 sati<\/strong>, u prostorijama Ku\u0107e ljudskih prava (Selska cesta 112C, prizemlje).<\/p>\n\n\n\n<p>Uz autorice, izlo\u017ebu \u0107e otvoriti Tena Banjeglav u ime Documente, Sanja Zori\u010di\u0107 \u2013 Tabakovi\u0107 (voditeljica \u0160oa akademije) i drugi gosti.<\/p>\n\n\n\n<p>Veselimo se Va\u0161em dolasku i prisustvovanju.<\/p>\n\n\n\n<p>Documenta, Centar za suo\u010davanje s pro\u0161lo\u0161\u0107u<\/p>\n\n\n\n<hr class=\"wp-block-separator\"\/>\n\n\n\n<p>Fotografija: Kristina Dilica<\/p>\n\n\n\n<hr class=\"wp-block-separator\"\/>\n\n\n\n<p>Izvor:<\/p>\n\n\n\n<figure class=\"wp-block-embed-wordpress wp-block-embed is-type-wp-embed is-provider-documenta\"><div class=\"wp-block-embed__wrapper\">\n<blockquote class=\"wp-embedded-content\" data-secret=\"eML3wLzUNK\"><a href=\"https:\/\/documenta.hr\/novosti\/poziv-na-otvaranje-izlozbe-tragom-sjecanja\/\">Poziv na otvorenje izlo\u017ebe &#8220;Tragom sje\u0107anja&#8221;<\/a><\/blockquote><iframe loading=\"lazy\" class=\"wp-embedded-content\" sandbox=\"allow-scripts\" security=\"restricted\" style=\"position: absolute; clip: rect(1px, 1px, 1px, 1px);\" title=\"&#8220;Poziv na otvorenje izlo\u017ebe &#8220;Tragom sje\u0107anja&#8221;&#8221; &#8212; Documenta\" src=\"https:\/\/documenta.hr\/novosti\/poziv-na-otvaranje-izlozbe-tragom-sjecanja\/embed\/#?secret=eML3wLzUNK\" data-secret=\"eML3wLzUNK\" width=\"600\" height=\"338\" frameborder=\"0\" marginwidth=\"0\" marginheight=\"0\" scrolling=\"no\"><\/iframe>\n<\/div><\/figure>\n\n\n\n<hr class=\"wp-block-separator\"\/>\n\n\n\n<p>Dodatne informacije:<\/p>\n\n\n\n<figure class=\"wp-block-embed-wordpress wp-block-embed is-type-wp-embed is-provider-documenta\"><div class=\"wp-block-embed__wrapper\">\n<blockquote class=\"wp-embedded-content\" data-secret=\"1XEP7NOeNV\"><a href=\"https:\/\/documenta.hr\/novosti\/otvorena-izlozba-fotografija-tragom-sjecanja\/\">Otvorena izlo\u017eba fotografija \u201eTragom sje\u0107anja\u201c<\/a><\/blockquote><iframe loading=\"lazy\" class=\"wp-embedded-content\" sandbox=\"allow-scripts\" security=\"restricted\" style=\"position: absolute; clip: rect(1px, 1px, 1px, 1px);\" title=\"&#8220;Otvorena izlo\u017eba fotografija \u201eTragom sje\u0107anja\u201c&#8221; &#8212; Documenta\" src=\"https:\/\/documenta.hr\/novosti\/otvorena-izlozba-fotografija-tragom-sjecanja\/embed\/#?secret=1XEP7NOeNV\" data-secret=\"1XEP7NOeNV\" width=\"600\" height=\"338\" frameborder=\"0\" marginwidth=\"0\" marginheight=\"0\" scrolling=\"no\"><\/iframe>\n<\/div><\/figure>\n\n\n\n<hr class=\"wp-block-separator\"\/>\n","protected":false},"excerpt":{"rendered":"","protected":false},"author":2,"featured_media":34227,"comment_status":"open","ping_status":"open","sticky":false,"template":"","format":"standard","meta":{"_acf_changed":false,"jetpack_post_was_ever_published":false,"_jetpack_newsletter_access":"","_jetpack_dont_email_post_to_subs":false,"_jetpack_newsletter_tier_id":0,"_jetpack_memberships_contains_paywalled_content":false,"_jetpack_memberships_contains_paid_content":false,"footnotes":"","jetpack_publicize_message":"","jetpack_publicize_feature_enabled":true,"jetpack_social_post_already_shared":true,"jetpack_social_options":{"image_generator_settings":{"template":"highway","default_image_id":0,"font":"","enabled":false},"version":2}},"categories":[10,3],"tags":[],"class_list":["post-34226","post","type-post","status-publish","format-standard","has-post-thumbnail","hentry","category-izlozbe","category-novosti"],"acf":{"facebook_opis":""},"jetpack_publicize_connections":[],"jetpack_featured_media_url":"https:\/\/i0.wp.com\/historiografija.hr\/wp-content\/uploads\/2023\/01\/Tragom_sjecanja.jpg?fit=937%2C616&ssl=1","jetpack_sharing_enabled":true,"jetpack-related-posts":[],"_links":{"self":[{"href":"https:\/\/historiografija.hr\/index.php?rest_route=\/wp\/v2\/posts\/34226","targetHints":{"allow":["GET"]}}],"collection":[{"href":"https:\/\/historiografija.hr\/index.php?rest_route=\/wp\/v2\/posts"}],"about":[{"href":"https:\/\/historiografija.hr\/index.php?rest_route=\/wp\/v2\/types\/post"}],"author":[{"embeddable":true,"href":"https:\/\/historiografija.hr\/index.php?rest_route=\/wp\/v2\/users\/2"}],"replies":[{"embeddable":true,"href":"https:\/\/historiografija.hr\/index.php?rest_route=%2Fwp%2Fv2%2Fcomments&post=34226"}],"version-history":[{"count":2,"href":"https:\/\/historiografija.hr\/index.php?rest_route=\/wp\/v2\/posts\/34226\/revisions"}],"predecessor-version":[{"id":34263,"href":"https:\/\/historiografija.hr\/index.php?rest_route=\/wp\/v2\/posts\/34226\/revisions\/34263"}],"wp:featuredmedia":[{"embeddable":true,"href":"https:\/\/historiografija.hr\/index.php?rest_route=\/wp\/v2\/media\/34227"}],"wp:attachment":[{"href":"https:\/\/historiografija.hr\/index.php?rest_route=%2Fwp%2Fv2%2Fmedia&parent=34226"}],"wp:term":[{"taxonomy":"category","embeddable":true,"href":"https:\/\/historiografija.hr\/index.php?rest_route=%2Fwp%2Fv2%2Fcategories&post=34226"},{"taxonomy":"post_tag","embeddable":true,"href":"https:\/\/historiografija.hr\/index.php?rest_route=%2Fwp%2Fv2%2Ftags&post=34226"}],"curies":[{"name":"wp","href":"https:\/\/api.w.org\/{rel}","templated":true}]}}