{"id":34209,"date":"2023-01-23T23:17:46","date_gmt":"2023-01-23T23:17:46","guid":{"rendered":"http:\/\/historiografija.hr\/?p=34209"},"modified":"2023-01-23T23:25:27","modified_gmt":"2023-01-23T23:25:27","slug":"poziv-za-predlaganje-kandidata-za-nagrade-na-podrucju-historiografije-za-2022-godinu","status":"publish","type":"post","link":"https:\/\/historiografija.hr\/?p=34209","title":{"rendered":"Poziv za predlaganje kandidata za nagrade  na podru\u010dju historiografije za 2022. godinu"},"content":{"rendered":"\n<p>Hrvatski nacionalni odbor za povijesne znanosti i Dru\u0161tvo za hrvatsku povjesnicu, krovne udruge hrvatskih povjesni\u010dara i povjesni\u010darki, \u017eele\u0107i nagraditi rad istaknutih pojedinaca na podru\u010dju historiografije, ustanovili su sljede\u0107e nagrade:<\/p>\n\n\n\n<ol class=\"wp-block-list\" type=\"1\"><li><strong>Nagrada \u201eIvan Lu\u010di\u0107\u201c<\/strong> za \u017eivotno djelo<\/li><\/ol>\n\n\n\n<p>\u2013 dodjeljuje se za poseban doprinos pru\u017een razvoju historijske znanosti tijekom dugogodi\u0161njeg znanstvenog i nastavnog rada<\/p>\n\n\n\n<ul class=\"wp-block-list\"><li><strong>Nagrada \u201eMirjana Gross\u201c<\/strong> za knjigu<\/li><\/ul>\n\n\n\n<p>\u2013 dodjeljuje se za najbolju knjigu objavljenu u prethodnoj godini (2022.)<\/p>\n\n\n\n<ul class=\"wp-block-list\"><li><strong>Nagrada \u201eVjekoslav Klai\u0107\u201c<\/strong> za popularizaciju<\/li><\/ul>\n\n\n\n<p>\u2013 dodjeljuje se za doprinos popularizaciji povijesne znanosti preko knjiga, u medijima, novinama, televiziji, radiju i\/ili internetskim portalima, za va\u017ene prezentacije povijesnih tema u muzejima i dr.<\/p>\n\n\n\n<ul class=\"wp-block-list\"><li><strong>Nagrada \u201eFerdo \u0160i\u0161i\u0107\u201c<\/strong> za najbolji diplomski\/magistarski rad<\/li><\/ul>\n\n\n\n<p>\u2013 dodjeljuje se studentici\/studentu diplomskog studija povijesti za najbolji diplomski\/magistarski rad obranjen u prethodnoj godini (2022.)<\/p>\n\n\n\n<ul class=\"wp-block-list\"><li><strong>Nagrada \u201eJaroslav \u0160idak\u201c<\/strong> inozemnom povjesni\u010daru\/povjesni\u010darki<\/li><\/ul>\n\n\n\n<p>\u2013 dodjeljuje se povjesni\u010darki\/povjesni\u010daru iz inozemstva za autorsku knjigu ili zna\u010dajan doprinos istra\u017eivanjima i predavanjima o hrvatskoj povijesti u inozemstvu<\/p>\n\n\n\n<p>Prijave\/prijedloge za nagrade mogu izvr\u0161iti povijesni odsjeci\/odjeli, istra\u017eiva\u010dki centri HAZU, javni instituti i druge ustanove, udruge, izdava\u010dka poduze\u0107a, kao i pojedinci.<\/p>\n\n\n\n<p><strong>Prijava\/prijedlog se podnosi u razdoblju od 1. do 28. velja\u010de 2023. te mora sadr\u017eavati:<\/strong><\/p>\n\n\n\n<ul class=\"wp-block-list\"><li>podatke o predlo\u017eeniku (\u017eivotopis i podrobno obrazlo\u017eenje)<\/li><li>podatak o vrsti nagrade za koju se nekoga predla\u017ee<\/li><li>tri primjerka rada za koji se predla\u017ee dodjela nagrade (za nagrade pod br. 2 i 4 obvezno, za ostale nagrade opcionalno; mo\u017ee se dostaviti i pdf rada)<\/li><li>podatke o predlagatelju i potpis ovla\u0161tene osobe predlagatelja, odnosno predlagatelja.<\/li><\/ul>\n\n\n\n<p><strong>Prijava\/prijedlog se \u0161alje na adresu:<\/strong><\/p>\n\n\n\n<p>Odbor za dodjelu nagrada na podru\u010dju historiografije<\/p>\n\n\n\n<p>(prof. dr. Damir Agi\u010di\u0107 \/ prof. dr. \u017deljko Holjevac)<\/p>\n\n\n\n<p>Filozofski fakultet, Ivana Lu\u010di\u0107a 3, 10000 Zagreb<\/p>\n\n\n\n<p>i mailom: dagicic@ffzg.hr; Zeljko.Holjevac@pilar.hr<\/p>\n\n\n\n<hr class=\"wp-block-separator\"\/>\n\n\n\n<p>prof. dr. sc. Damir Agi\u010di\u0107<\/p>\n\n\n\n<p>predsjednik Hrvatskog nacionalnog odbora za povijesne znanosti<\/p>\n\n\n\n<hr class=\"wp-block-separator\"\/>\n\n\n\n<p>prof. dr. sc. \u017deljko Holjevac<\/p>\n\n\n\n<p>predsjednik Dru\u0161tva za hrvatsku povjesnicu<\/p>\n\n\n\n<hr class=\"wp-block-separator\"\/>\n\n\n\n<div class=\"wp-block-file\"><a href=\"https:\/\/historiografija.hr\/wp-content\/uploads\/2023\/01\/HNOPZ-i-DHP-nagrade-POZIV.doc\">HNOPZ-i-DHP-nagrade-POZIV<\/a><a href=\"https:\/\/historiografija.hr\/wp-content\/uploads\/2023\/01\/HNOPZ-i-DHP-nagrade-POZIV.doc\" class=\"wp-block-file__button\" download>Preuzmi<\/a><\/div>\n\n\n\n<hr class=\"wp-block-separator\"\/>\n","protected":false},"excerpt":{"rendered":"","protected":false},"author":2,"featured_media":0,"comment_status":"open","ping_status":"open","sticky":false,"template":"","format":"standard","meta":{"_acf_changed":false,"jetpack_post_was_ever_published":false,"_jetpack_newsletter_access":"","_jetpack_dont_email_post_to_subs":false,"_jetpack_newsletter_tier_id":0,"_jetpack_memberships_contains_paywalled_content":false,"_jetpack_memberships_contains_paid_content":false,"footnotes":"","jetpack_publicize_message":"","jetpack_publicize_feature_enabled":true,"jetpack_social_post_already_shared":true,"jetpack_social_options":{"image_generator_settings":{"template":"highway","default_image_id":0,"font":"","enabled":false},"version":2}},"categories":[4],"tags":[],"class_list":["post-34209","post","type-post","status-publish","format-standard","hentry","category-osvrti"],"acf":{"facebook_opis":""},"jetpack_publicize_connections":[],"jetpack_featured_media_url":"","jetpack_sharing_enabled":true,"jetpack-related-posts":[],"_links":{"self":[{"href":"https:\/\/historiografija.hr\/index.php?rest_route=\/wp\/v2\/posts\/34209","targetHints":{"allow":["GET"]}}],"collection":[{"href":"https:\/\/historiografija.hr\/index.php?rest_route=\/wp\/v2\/posts"}],"about":[{"href":"https:\/\/historiografija.hr\/index.php?rest_route=\/wp\/v2\/types\/post"}],"author":[{"embeddable":true,"href":"https:\/\/historiografija.hr\/index.php?rest_route=\/wp\/v2\/users\/2"}],"replies":[{"embeddable":true,"href":"https:\/\/historiografija.hr\/index.php?rest_route=%2Fwp%2Fv2%2Fcomments&post=34209"}],"version-history":[{"count":4,"href":"https:\/\/historiografija.hr\/index.php?rest_route=\/wp\/v2\/posts\/34209\/revisions"}],"predecessor-version":[{"id":34214,"href":"https:\/\/historiografija.hr\/index.php?rest_route=\/wp\/v2\/posts\/34209\/revisions\/34214"}],"wp:attachment":[{"href":"https:\/\/historiografija.hr\/index.php?rest_route=%2Fwp%2Fv2%2Fmedia&parent=34209"}],"wp:term":[{"taxonomy":"category","embeddable":true,"href":"https:\/\/historiografija.hr\/index.php?rest_route=%2Fwp%2Fv2%2Fcategories&post=34209"},{"taxonomy":"post_tag","embeddable":true,"href":"https:\/\/historiografija.hr\/index.php?rest_route=%2Fwp%2Fv2%2Ftags&post=34209"}],"curies":[{"name":"wp","href":"https:\/\/api.w.org\/{rel}","templated":true}]}}