{"id":34206,"date":"2023-01-23T23:12:21","date_gmt":"2023-01-23T23:12:21","guid":{"rendered":"http:\/\/historiografija.hr\/?p=34206"},"modified":"2023-01-23T23:12:21","modified_gmt":"2023-01-23T23:12:21","slug":"bb-nedim-hogic-western-balkans-inc","status":"publish","type":"post","link":"https:\/\/historiografija.hr\/?p=34206","title":{"rendered":"BB: Nedim Hogi\u0107 &#8211; Western Balkans Inc."},"content":{"rendered":"\n<p>The lecture Western Balkans Inc. deals with the emerging paradigm of the six Western Balkans countries that, while appearing peripheral and on the margins of the European Union appear also to be central to external influence. The lecture will explore the origins of the strong externalization that characterizes the political orientation in all six of the countries and the interplay between the external influences of the different actors on examples from economy, politics and sports. While the lecture focuses on what is now usually branded as a &#8220;geopolitical&#8221; approach to the region it decidedly rejects such a branding criticizing its overuse. Instead, the lecture will focus on specific ways in which actors such as Russia, the United States and the European Union influence specific outcomes in the six Western Balkans states.<\/p>\n\n\n\n<p>Nedim Hogic is a legal scholar and consultant focused on issues of comparative public law, in particular anti-corruption interventions. He has worked in the region of Southeastern Europe as an advisor to international organizations and political parties. He holds an LLM from Harvard Law School and Ph.D. from Sant&#8217; Anna School of Advanced Studies. Currently, he is working on a book on judicial anti-corruption campaigns in Italy, Brazil and Romania.<\/p>\n\n\n\n<hr class=\"wp-block-separator\"\/>\n\n\n\n<p>24.01.2023 13:00 &#8211; 14:00<\/p>\n\n\n\n<p>Zentrum f\u00fcr S\u00fcdosteuropastudien &amp; SOEGA &amp; S\u00fcdosteuropagesellschaft<\/p>\n\n\n\n<p>Location: Beethovenstra\u00dfe 8, SR 111.41<\/p>\n\n\n\n<hr class=\"wp-block-separator\"\/>\n\n\n\n<p><a href=\"https:\/\/suedosteuropa.uni-graz.at\/en\/events\/detail\/article\/bb-western-balkans-inc.\/\">https:\/\/suedosteuropa.uni-graz.at\/en\/events\/detail\/article\/bb-western-balkans-inc.\/<\/a><\/p>\n\n\n\n<hr class=\"wp-block-separator\"\/>\n","protected":false},"excerpt":{"rendered":"","protected":false},"author":2,"featured_media":34207,"comment_status":"open","ping_status":"open","sticky":false,"template":"","format":"standard","meta":{"_acf_changed":false,"_jetpack_newsletter_access":"","_jetpack_dont_email_post_to_subs":false,"_jetpack_newsletter_tier_id":0,"_jetpack_memberships_contains_paywalled_content":false,"_jetpack_memberships_contains_paid_content":false,"footnotes":"","jetpack_publicize_message":"","jetpack_publicize_feature_enabled":true,"jetpack_social_post_already_shared":true,"jetpack_social_options":{"image_generator_settings":{"template":"highway","default_image_id":0,"font":"","enabled":false},"version":2},"jetpack_post_was_ever_published":false},"categories":[3],"tags":[],"class_list":["post-34206","post","type-post","status-publish","format-standard","has-post-thumbnail","hentry","category-novosti"],"acf":{"facebook_opis":""},"jetpack_publicize_connections":[],"jetpack_featured_media_url":"https:\/\/i0.wp.com\/historiografija.hr\/wp-content\/uploads\/2023\/01\/csm_Bb_Nedim.jpg?fit=600%2C600&ssl=1","jetpack_sharing_enabled":true,"jetpack-related-posts":[{"id":52688,"url":"https:\/\/historiografija.hr\/?p=52688","url_meta":{"origin":34206,"position":0},"title":"Eleonora Naxidou and Yura Konstantinova \u201eBalkan Perspectives of Europe: Between East and West\u201c","author":"Filip \u0160imunjak","date":"28. travnja 2026.","format":false,"excerpt":"Through the lens of the Balkan nations, this volume makes a valuable and significant contribution to the fields of European and Southeast European studies by reconsidering the East\/West dichotomy \u2013 both in terms of the Orient\u2013Occident divide and the Eastern\u2013Western Europe binary. Balkan Perspectives of Europe focuses on concepts of\u2026","rel":"","context":"U &quot;Knjige&quot;","block_context":{"text":"Knjige","link":"https:\/\/historiografija.hr\/?cat=8"},"img":{"alt_text":"","src":"https:\/\/i0.wp.com\/historiografija.hr\/wp-content\/uploads\/2026\/04\/Balkan-Perspectives-of-Europe-Between-East-and-West.jpg?fit=350%2C525&ssl=1&resize=350%2C200","width":350,"height":200},"classes":[]},{"id":55137,"url":"https:\/\/historiografija.hr\/?p=55137","url_meta":{"origin":34206,"position":1},"title":"\u201eA Byzantine Century: Political, Colonial, and National Uses of Neo-Byzantine Architecture, 1820s\u20131920s\u201c, ur. Adrien Palladino","author":"Filip \u0160imunjak","date":"31. kolovoza 2026.","format":false,"excerpt":"This volume explores what it meant to invoke Byzantium during a century of restless political, cultural, and imperial transformation. From the 1820s to the 1920s, the \u201cNeo-Byzantine\u201d style was more than a matter of architectural taste in an age of eclecticism. It became a language of power and identity, called\u2026","rel":"","context":"U &quot;Knjige&quot;","block_context":{"text":"Knjige","link":"https:\/\/historiografija.hr\/?cat=8"},"img":{"alt_text":"","src":"https:\/\/i0.wp.com\/historiografija.hr\/wp-content\/uploads\/2026\/08\/A-Byzantine-Century.webp?fit=400%2C484&ssl=1&resize=350%2C200","width":350,"height":200},"classes":[]},{"id":39844,"url":"https:\/\/historiografija.hr\/?p=39844","url_meta":{"origin":34206,"position":2},"title":"Tanja Petrovi\u0107, \u201cUtopia of the Uniform: Affective Afterlives of the Yugoslav People&#8217;s Army\u201c","author":"Branimir Jankovi\u0107","date":"27. velja\u010de 2024.","format":false,"excerpt":"The compulsory service for young men in the Yugoslav People\u2019s Army (JNA) created bonds across ethnic, religious, and social lines. These bonds persisted even after the horrific violence of the 1990s, in which many of these men found themselves on opposite sides of the front lines. In Utopia of the\u2026","rel":"","context":"U &quot;Knjige&quot;","block_context":{"text":"Knjige","link":"https:\/\/historiografija.hr\/?cat=8"},"img":{"alt_text":"","src":"https:\/\/i0.wp.com\/historiografija.hr\/wp-content\/uploads\/2024\/02\/petrovic-tanja-utopia-of-the-uniform.jpg?fit=450%2C675&ssl=1&resize=350%2C200","width":350,"height":200},"classes":[]},{"id":54174,"url":"https:\/\/historiografija.hr\/?p=54174","url_meta":{"origin":34206,"position":3},"title":"Yanni Kotsonis, &#8220;The Greek Revolution and the Violent Birth of Nationalism&#8221;","author":"Branimir Jankovi\u0107","date":"18. lipnja 2026.","format":false,"excerpt":"A sweeping global history of the birth of modern Greece In 1821, a diverse territory in the southern Balkans on the fringe of the Ottoman Empire was thrust into a decade of astounding mass violence. The Greek Revolution and the Violent Birth of Nationalism traces how something new emerged from\u2026","rel":"","context":"U &quot;Knjige&quot;","block_context":{"text":"Knjige","link":"https:\/\/historiografija.hr\/?cat=8"},"img":{"alt_text":"","src":"https:\/\/historiografija.hr\/wp-content\/uploads\/2026\/06\/Kotsonis.avif","width":350,"height":200},"classes":[]},{"id":54337,"url":"https:\/\/historiografija.hr\/?p=54337","url_meta":{"origin":34206,"position":4},"title":"Online-Lecture by Sophie Momzikoff: The Yugoslav Crisis and the Russian Place in the New European Architecture","author":"Branimir Jankovi\u0107","date":"26. lipnja 2026.","format":false,"excerpt":"01.07.2026 16:00 Uhr The aim of this presentation is to show how the Yugoslav crisis served as a test for Russia\u2019s place in the post-Cold War European order. Indeed, the wars in the former Yugoslavia began just as the Russian Federation was establishing strong ties with the West. When Yugoslavia\u2026","rel":"","context":"U &quot;Novosti&quot;","block_context":{"text":"Novosti","link":"https:\/\/historiografija.hr\/?cat=3"},"img":{"alt_text":"","src":"https:\/\/i0.wp.com\/historiografija.hr\/wp-content\/uploads\/2026\/06\/photo_sophie_momzikoff.jpeg?fit=300%2C300&ssl=1&resize=350%2C200","width":350,"height":200},"classes":[]},{"id":55129,"url":"https:\/\/historiografija.hr\/?p=55129","url_meta":{"origin":34206,"position":5},"title":"\u201eRevisiting the Byzantine Commonwealth: Nodes, Networks, and Spheres\u201c, ur. Jonathan Shepard, Peter Frankopan","author":"Filip \u0160imunjak","date":"27. kolovoza 2026.","format":false,"excerpt":"The Byzantine phenomenon posed problems of characterization for contemporary observers, as it does for modern commentators. The concept of the Byzantine Commonwealth was coined by Dimitri Obolensky to characterize the medley of societies and polities that came under the aegis of the emperor and were kept in line with the\u2026","rel":"","context":"U &quot;Knjige&quot;","block_context":{"text":"Knjige","link":"https:\/\/historiografija.hr\/?cat=8"},"img":{"alt_text":"","src":"https:\/\/i0.wp.com\/historiografija.hr\/wp-content\/uploads\/2026\/08\/Revisiting-the-Byzantine-Commonwealth.webp?fit=520%2C800&ssl=1&resize=350%2C200","width":350,"height":200},"classes":[]}],"_links":{"self":[{"href":"https:\/\/historiografija.hr\/index.php?rest_route=\/wp\/v2\/posts\/34206","targetHints":{"allow":["GET"]}}],"collection":[{"href":"https:\/\/historiografija.hr\/index.php?rest_route=\/wp\/v2\/posts"}],"about":[{"href":"https:\/\/historiografija.hr\/index.php?rest_route=\/wp\/v2\/types\/post"}],"author":[{"embeddable":true,"href":"https:\/\/historiografija.hr\/index.php?rest_route=\/wp\/v2\/users\/2"}],"replies":[{"embeddable":true,"href":"https:\/\/historiografija.hr\/index.php?rest_route=%2Fwp%2Fv2%2Fcomments&post=34206"}],"version-history":[{"count":1,"href":"https:\/\/historiografija.hr\/index.php?rest_route=\/wp\/v2\/posts\/34206\/revisions"}],"predecessor-version":[{"id":34208,"href":"https:\/\/historiografija.hr\/index.php?rest_route=\/wp\/v2\/posts\/34206\/revisions\/34208"}],"wp:featuredmedia":[{"embeddable":true,"href":"https:\/\/historiografija.hr\/index.php?rest_route=\/wp\/v2\/media\/34207"}],"wp:attachment":[{"href":"https:\/\/historiografija.hr\/index.php?rest_route=%2Fwp%2Fv2%2Fmedia&parent=34206"}],"wp:term":[{"taxonomy":"category","embeddable":true,"href":"https:\/\/historiografija.hr\/index.php?rest_route=%2Fwp%2Fv2%2Fcategories&post=34206"},{"taxonomy":"post_tag","embeddable":true,"href":"https:\/\/historiografija.hr\/index.php?rest_route=%2Fwp%2Fv2%2Ftags&post=34206"}],"curies":[{"name":"wp","href":"https:\/\/api.w.org\/{rel}","templated":true}]}}