{"id":34204,"date":"2023-01-23T23:07:50","date_gmt":"2023-01-23T23:07:50","guid":{"rendered":"http:\/\/historiografija.hr\/?p=34204"},"modified":"2023-01-23T23:07:50","modified_gmt":"2023-01-23T23:07:50","slug":"emisija-povijesne-kontroverze-restitucija-zidovske-imovine-u-hrvatskoj","status":"publish","type":"post","link":"https:\/\/historiografija.hr\/?p=34204","title":{"rendered":"Emisija \u201cPovijesne kontroverze\u201d: Restitucija \u017eidovske imovine u Hrvatskoj"},"content":{"rendered":"\n<p>U \u201cPovijesnim kontroverzama\u201d u utorak, 24. sije\u010dnja 2023. u 15.05 sati na Tre\u0107em programu Hrvatskog radija o restituciji \u017eidovske imovine u Hrvatskoj govori Naida Michal Brandl.<\/p>\n\n\n\n<hr class=\"wp-block-separator\"\/>\n\n\n\n<p>HRT &#8211; HR3&nbsp;24.01.2023.&nbsp;15:05 &#8211; 16:00<\/p>\n\n\n\n<p><strong>Povijesne kontroverze<\/strong><\/p>\n\n\n\n<p>Stalno naseljenje i \u017eivot \u017didova na podru\u010dju Hrvatske mo\u017ee se pratiti ve\u0107 od 16. stolje\u0107a, a drugi ve\u0107i val naseljavanja \u017eidovskog stanovni\u0161tva mogu\u0107e je identificirati od kraja 18. stolje\u0107a. \u017divot tih \u017eidovskih zajednica u dominantno kr\u0161\u0107anskom okru\u017eenju nije uvijek bio jednostavan \u2013 imao je svoje uspone i padove, no doprinos \u017didova trgova\u010dkom, industrijskom i intelektualnom razvoju hrvatskih povijesnih zemalja nedvojben je poglavito u drugoj polovici 19. stolje\u0107a, o \u010demu je ve\u0107 bilo rije\u010di u ranijim epizodama Povijesnih kontroverzi. Hrvatska \u017eidovska zajednica do\u017eivjela je svoj gospodarski i demografski vrhunac izme\u0111u dvaju svjetskih ratova. No, s uspostavom Nezavisne Dr\u017eave Hrvatske ve\u0107 u travnju 1941. godine zapo\u010dinje progon \u017didova i \u017eidovske zajednice. Uz rasne zakone donesen je i niz odredbi koje su predstavljale zakonsku osnovu za oduzimanje \u017eidovske imovine, nakon \u010dega su uslijedili sustavni progoni i deportacije. Neposredno pora\u0107e bilo je te\u0161ko za pre\u017eivjele pripadnike \u017eidovske zajednice, koji su se morali suo\u010diti s povratkom u svoje predratne domove i \u010dinjenicom da je ve\u0107ina \u010dlanova njihovih obitelji ubijena. \u0160to se ti\u010de nekretnina, i privatnih i op\u0107inskih, one su stavljene pod privremenu dr\u017eavnu upravu, a pravi vlasnici su u odre\u0111enim slu\u010dajevima mogli postati privremenim upraviteljima dijela takve imovine. Te okolnosti, kao i njihova financijska situacija (oduzimanje imovine 1941, ali ne i povrat nakon 1944\/1945) rezultirale su odlaskom oko dviju tre\u0107ina pre\u017eivjelih \u017didova izme\u0111u 1944. i 1952. Pitanje povrata te imovine do danas je velikim dijelom ostalo nerije\u0161eno te danas u Povijesnim kontroverzama razgovaramo o restituciji \u017eidovske imovine u Hrvatskoj, a na\u0161a sugovornica je prof. dr. sc. Naida Michal Brandl s Filozofskog fakulteta Sveu\u010dili\u0161ta u Zagrebu.<\/p>\n\n\n\n<p><a href=\"http:\/\/raspored.hrt.hr\/\">http:\/\/raspored.hrt.hr\/<\/a><\/p>\n\n\n\n<p><a href=\"https:\/\/radio.hrt.hr\/slusaonica\/povijesne-kontroverze\">https:\/\/radio.hrt.hr\/slusaonica\/povijesne-kontroverze<\/a><\/p>\n\n\n\n<hr class=\"wp-block-separator\"\/>\n","protected":false},"excerpt":{"rendered":"","protected":false},"author":2,"featured_media":28920,"comment_status":"open","ping_status":"open","sticky":false,"template":"","format":"standard","meta":{"_acf_changed":false,"_jetpack_newsletter_access":"","_jetpack_dont_email_post_to_subs":false,"_jetpack_newsletter_tier_id":0,"_jetpack_memberships_contains_paywalled_content":false,"_jetpack_memberships_contains_paid_content":false,"footnotes":"","jetpack_publicize_message":"","jetpack_publicize_feature_enabled":true,"jetpack_social_post_already_shared":true,"jetpack_social_options":{"image_generator_settings":{"template":"highway","default_image_id":0,"font":"","enabled":false},"version":2},"jetpack_post_was_ever_published":false},"categories":[3],"tags":[],"class_list":["post-34204","post","type-post","status-publish","format-standard","has-post-thumbnail","hentry","category-novosti"],"acf":{"facebook_opis":""},"jetpack_publicize_connections":[],"jetpack_featured_media_url":"https:\/\/i0.wp.com\/historiografija.hr\/wp-content\/uploads\/2021\/12\/povijesne-kontroverze.jpg?fit=1920%2C1080&ssl=1","jetpack_sharing_enabled":true,"jetpack-related-posts":[{"id":54150,"url":"https:\/\/historiografija.hr\/?p=54150","url_meta":{"origin":34204,"position":0},"title":"Preminuo povjesni\u010dar Carlo Ginzburg","author":"Branimir Jankovi\u0107","date":"17. lipnja 2026.","format":false,"excerpt":"U Bologni je u 87. godini umro istaknuti talijanski povjesni\u010dar Carlo Ginzburg (1939-2026), \u010diji je utjecaj na suvremenu historiografiju gotovo neizmjeran. Mikrohistorija, historijska antropologija, kulturna povijest, povijest mentaliteta, marginalnih skupina i narodne kulture samo su neka od podru\u010dja na kojima je ostavio svoj prepoznatljiv trag. Upravo je pojam traga imao\u2026","rel":"","context":"U &quot;Novosti&quot;","block_context":{"text":"Novosti","link":"https:\/\/historiografija.hr\/?cat=3"},"img":{"alt_text":"","src":"https:\/\/i0.wp.com\/historiografija.hr\/wp-content\/uploads\/2026\/06\/Ginzburg.jpg?fit=738%2C414&ssl=1&resize=350%2C200","width":350,"height":200,"srcset":"https:\/\/i0.wp.com\/historiografija.hr\/wp-content\/uploads\/2026\/06\/Ginzburg.jpg?fit=738%2C414&ssl=1&resize=350%2C200 1x, https:\/\/i0.wp.com\/historiografija.hr\/wp-content\/uploads\/2026\/06\/Ginzburg.jpg?fit=738%2C414&ssl=1&resize=525%2C300 1.5x, https:\/\/i0.wp.com\/historiografija.hr\/wp-content\/uploads\/2026\/06\/Ginzburg.jpg?fit=738%2C414&ssl=1&resize=700%2C400 2x"},"classes":[]},{"id":53010,"url":"https:\/\/historiografija.hr\/?p=53010","url_meta":{"origin":34204,"position":1},"title":"Predstavljena knjiga An\u0111elka Akrapa &#8220;Stanovni\u0161tvo u Hrvatskoj kroz stolje\u0107a&#8221;","author":"Branimir Jankovi\u0107","date":"7. svibnja 2026.","format":false,"excerpt":"U Matici hrvatskoj 5. svibnja 2026. predstavljena je knjiga Stanovni\u0161tvo u Hrvatskoj kroz stolje\u0107a akademika An\u0111elka Akrapa, ujedno i \u010dlana Glavnoga odbora Matice hrvatske. Na predstavljanju su govorili: Ivan Rogi\u0107, Mladen Klemen\u010di\u0107, Ivan Jurkovi\u0107 i autor An\u0111elko Akrap. Na predstavljanju se tra\u017eilo mjesto vi\u0161e, nazo\u010dile su brojne osobe iz akademskog\u2026","rel":"","context":"U &quot;Novosti&quot;","block_context":{"text":"Novosti","link":"https:\/\/historiografija.hr\/?cat=3"},"img":{"alt_text":"","src":"https:\/\/i0.wp.com\/historiografija.hr\/wp-content\/uploads\/2026\/05\/Akrap.jpg?fit=680%2C544&ssl=1&resize=350%2C200","width":350,"height":200,"srcset":"https:\/\/i0.wp.com\/historiografija.hr\/wp-content\/uploads\/2026\/05\/Akrap.jpg?fit=680%2C544&ssl=1&resize=350%2C200 1x, https:\/\/i0.wp.com\/historiografija.hr\/wp-content\/uploads\/2026\/05\/Akrap.jpg?fit=680%2C544&ssl=1&resize=525%2C300 1.5x"},"classes":[]},{"id":53890,"url":"https:\/\/historiografija.hr\/?p=53890","url_meta":{"origin":34204,"position":2},"title":"Izlo\u017eba &#8220;Srednjovjekovna stolje\u0107a Zrina&#8221;","author":"Branimir Jankovi\u0107","date":"1. lipnja 2026.","format":false,"excerpt":"Na Dan dr\u017eavnosti (30. svibnja 2026. godine) u Zrinu je odr\u017eana manifestacija Dani Zrinskih u organizaciji LAGUNA. Cilj joj je bio o\u017eivjeti taj kraj te\u0161ko stradao tijekom Drugoga svjetskoga rata i Domovinskog rata, temelje\u0107i turisti\u010dku ponudu na izrazito bogatoj kulturnoj ba\u0161tini. Manifestacija je zapo\u010dela euharistijskim slavljem pored ru\u0161evina srednjovjekovne goti\u010dke\u2026","rel":"","context":"U &quot;Izlo\u017ebe&quot;","block_context":{"text":"Izlo\u017ebe","link":"https:\/\/historiografija.hr\/?cat=10"},"img":{"alt_text":"","src":"https:\/\/i0.wp.com\/historiografija.hr\/wp-content\/uploads\/2026\/06\/Zrin.jpg?fit=1024%2C500&ssl=1&resize=350%2C200","width":350,"height":200,"srcset":"https:\/\/i0.wp.com\/historiografija.hr\/wp-content\/uploads\/2026\/06\/Zrin.jpg?fit=1024%2C500&ssl=1&resize=350%2C200 1x, https:\/\/i0.wp.com\/historiografija.hr\/wp-content\/uploads\/2026\/06\/Zrin.jpg?fit=1024%2C500&ssl=1&resize=525%2C300 1.5x, https:\/\/i0.wp.com\/historiografija.hr\/wp-content\/uploads\/2026\/06\/Zrin.jpg?fit=1024%2C500&ssl=1&resize=700%2C400 2x"},"classes":[]},{"id":54991,"url":"https:\/\/historiografija.hr\/?p=54991","url_meta":{"origin":34204,"position":3},"title":"Renesansni festival Koprivnica (20. \u2013 23. kolovoza 2026.)","author":"Branimir Jankovi\u0107","date":"17. kolovoza 2026.","format":false,"excerpt":"Krajem kolovoza, kada se na ostacima koprivni\u010dkih bedema upale baklje, a grad ispune vitezovi, obrtnici, dvorske lude i putuju\u0107i trgovci, Koprivnica na nekoliko dana postaje prava renesansna pozornica. Renesansni festival nije tek manifestacija koju se promatra, to je istinsko iskustvo u koje treba uroniti. Povratak u vrijeme kada su ulicama\u2026","rel":"","context":"U &quot;Manifestacije o\u017eivljene povijesti&quot;","block_context":{"text":"Manifestacije o\u017eivljene povijesti","link":"https:\/\/historiografija.hr\/?cat=16"},"img":{"alt_text":"","src":"https:\/\/i0.wp.com\/historiografija.hr\/wp-content\/uploads\/2026\/08\/Festival-2026.jpg?fit=1200%2C675&ssl=1&resize=350%2C200","width":350,"height":200,"srcset":"https:\/\/i0.wp.com\/historiografija.hr\/wp-content\/uploads\/2026\/08\/Festival-2026.jpg?fit=1200%2C675&ssl=1&resize=350%2C200 1x, https:\/\/i0.wp.com\/historiografija.hr\/wp-content\/uploads\/2026\/08\/Festival-2026.jpg?fit=1200%2C675&ssl=1&resize=525%2C300 1.5x, https:\/\/i0.wp.com\/historiografija.hr\/wp-content\/uploads\/2026\/08\/Festival-2026.jpg?fit=1200%2C675&ssl=1&resize=700%2C400 2x, https:\/\/i0.wp.com\/historiografija.hr\/wp-content\/uploads\/2026\/08\/Festival-2026.jpg?fit=1200%2C675&ssl=1&resize=1050%2C600 3x"},"classes":[]},{"id":5696,"url":"https:\/\/historiografija.hr\/?p=5696","url_meta":{"origin":34204,"position":4},"title":"Branimir Jankovi\u0107 \u2013 kolumna \u201cJavna povijest\u201d \u2013 Jesu li povjesni\u010dari u Hrvatskoj celebrity?","author":"Branimir Jankovi\u0107","date":"24. kolovoza 2017.","format":false,"excerpt":"Pitanje iz naslova vrijedi postaviti za bolje razumijevanje lokalnih specifi\u010dnosti kada ih su\u010delimo s odre\u0111enim globalnim procesima. Naime, etablirani specijalist javne povijesti Jerome de Groot u knjizi Consuming History: Historians and Heritage in Contemporary Popular Culture (2008; usp. osvrt S. Treskanice, Historijski zbornik, 2, 2013) \u2013 u kojoj identificira mnogobrojne\u2026","rel":"","context":"U &quot;Prikazi i osvrti&quot;","block_context":{"text":"Prikazi i osvrti","link":"https:\/\/historiografija.hr\/?cat=4"},"img":{"alt_text":"","src":"","width":0,"height":0},"classes":[]},{"id":54813,"url":"https:\/\/historiografija.hr\/?p=54813","url_meta":{"origin":34204,"position":5},"title":"Objavljen 9. broj \u010dasopisa \u201ePodplje\u0161ivi\u010dki grani\u010dari\u201c za 2025. godinu","author":"Branimir Jankovi\u0107","date":"27. srpnja 2026.","format":false,"excerpt":"Objavljen je 9. broj \u010dasopisa \u201ePodplje\u0161ivi\u010dki grani\u010dari\u201c u kojemu se objavljuju znanstveni i stru\u010dni prilozi iz podru\u010dja povijesne znanosti. Ve\u0107ina radova su radovi autora koji su sudjelovali na znanstveno-stru\u010dnom skupu \u201cOp\u0107ina Saborsko i okolica u pro\u0161losti i sada\u0161njosti\u201d koji je odr\u017ean u Saborskom 17. svibnja 2025. Kad bi se gledalo\u2026","rel":"","context":"U &quot;\u010casopisi&quot;","block_context":{"text":"\u010casopisi","link":"https:\/\/historiografija.hr\/?cat=21"},"img":{"alt_text":"","src":"https:\/\/i0.wp.com\/historiografija.hr\/wp-content\/uploads\/2026\/07\/Podpljesivicki-granicari-scaled.jpg?fit=844%2C1200&ssl=1&resize=350%2C200","width":350,"height":200,"srcset":"https:\/\/i0.wp.com\/historiografija.hr\/wp-content\/uploads\/2026\/07\/Podpljesivicki-granicari-scaled.jpg?fit=844%2C1200&ssl=1&resize=350%2C200 1x, https:\/\/i0.wp.com\/historiografija.hr\/wp-content\/uploads\/2026\/07\/Podpljesivicki-granicari-scaled.jpg?fit=844%2C1200&ssl=1&resize=525%2C300 1.5x, https:\/\/i0.wp.com\/historiografija.hr\/wp-content\/uploads\/2026\/07\/Podpljesivicki-granicari-scaled.jpg?fit=844%2C1200&ssl=1&resize=700%2C400 2x"},"classes":[]}],"_links":{"self":[{"href":"https:\/\/historiografija.hr\/index.php?rest_route=\/wp\/v2\/posts\/34204","targetHints":{"allow":["GET"]}}],"collection":[{"href":"https:\/\/historiografija.hr\/index.php?rest_route=\/wp\/v2\/posts"}],"about":[{"href":"https:\/\/historiografija.hr\/index.php?rest_route=\/wp\/v2\/types\/post"}],"author":[{"embeddable":true,"href":"https:\/\/historiografija.hr\/index.php?rest_route=\/wp\/v2\/users\/2"}],"replies":[{"embeddable":true,"href":"https:\/\/historiografija.hr\/index.php?rest_route=%2Fwp%2Fv2%2Fcomments&post=34204"}],"version-history":[{"count":1,"href":"https:\/\/historiografija.hr\/index.php?rest_route=\/wp\/v2\/posts\/34204\/revisions"}],"predecessor-version":[{"id":34205,"href":"https:\/\/historiografija.hr\/index.php?rest_route=\/wp\/v2\/posts\/34204\/revisions\/34205"}],"wp:featuredmedia":[{"embeddable":true,"href":"https:\/\/historiografija.hr\/index.php?rest_route=\/wp\/v2\/media\/28920"}],"wp:attachment":[{"href":"https:\/\/historiografija.hr\/index.php?rest_route=%2Fwp%2Fv2%2Fmedia&parent=34204"}],"wp:term":[{"taxonomy":"category","embeddable":true,"href":"https:\/\/historiografija.hr\/index.php?rest_route=%2Fwp%2Fv2%2Fcategories&post=34204"},{"taxonomy":"post_tag","embeddable":true,"href":"https:\/\/historiografija.hr\/index.php?rest_route=%2Fwp%2Fv2%2Ftags&post=34204"}],"curies":[{"name":"wp","href":"https:\/\/api.w.org\/{rel}","templated":true}]}}