{"id":34185,"date":"2023-01-20T20:20:14","date_gmt":"2023-01-20T20:20:14","guid":{"rendered":"http:\/\/historiografija.hr\/?p=34185"},"modified":"2023-01-20T20:20:14","modified_gmt":"2023-01-20T20:20:14","slug":"online-diskusija-nastava-istorije-i-pomirenje-u-post-jugoslovenskim-drustvima","status":"publish","type":"post","link":"https:\/\/historiografija.hr\/?p=34185","title":{"rendered":"Online diskusija: Nastava istorije i pomirenje u post-jugoslovenskim dru\u0161tvima"},"content":{"rendered":"\n<p>Nastava istorije ima veliki potencijal da doprinese procesima pomirenja u post-konfliktnim dru\u0161tvima. Na\u017ealost, u post-jugoslovenskim dru\u0161tvima vrlo \u010desto se ovaj potencijal ne koristi, a neretko se nastava istorije zloupotrebljava kako bi se odr\u017eavala negativna slika o drugim grupama. U lekcijama o raspadu Jugoslavije se zanemaruju, selektivno prikazuju, ili u potpunosti iskrivljuju odre\u0111ene \u010dinjenice o oru\u017eanim sukobima i zlo\u010dinima po\u010dinjenim tokom njih.<\/p>\n\n\n\n<p>\u0160ta propisuju nastavni planovi i programi nastave istorije u Srbiji i Hrvatskoj kada se radi o raspadu Jugoslavije? Kakav je sadr\u017eaj lekcija o raspadu Jugoslavije u ud\u017ebenicima istorije? Kako ovim temama pristupaju nastavnici istorije u svom svakodnevnom radu? Kako se obrazuju budu\u0107i nastavnici istorije?<\/p>\n\n\n\n<p>Diskusija \u0107e se odr\u017eati <strong>u utorak, 24. januara 2023. godine<\/strong> sa po\u010detkom u <strong>19 \u010dasova<\/strong> putem Zoom platforme. Registracije je otvorena putem <a href=\"https:\/\/bit.ly\/disnizo\">linka<\/a>, a diskusiju je tako\u0111e mogu\u0107e pratiti putem prenosa na <a href=\"https:\/\/bit.ly\/disnifb\">linku<\/a>.<\/p>\n\n\n\n<p><strong>U\u010desnici:<\/strong><\/p>\n\n\n\n<p><strong>Dea Mari\u0107<\/strong>\u202fje predava\u010dica na Odseku za povijest Filozofskog fakulteta Sveu\u010dili\u0161ta u Zagrebu. Predava\u010dica je na vi\u0161e predmeta iz podru\u010dja didaktike istorije. Doktorski je kandidat na postdiplomskim studijama Moderne i savremene hrvatske istorije u evropskom i svetskom kontekstu. Njen glavni\u202fistra\u017eiva\u010dki interes je dru\u0161tvena uloga nastave istorije u kontekstu post-konfliktnih dru\u0161tava. Predsednica je <a href=\"https:\/\/www.facebook.com\/hunp.hr\/\">Hrvatske udruge nastavnika povijesti<\/a> (HUNP) i\u202faktivna \u010dlanica <a href=\"https:\/\/www.facebook.com\/EUROCLIO.Association\">Europskog udru\u017eenja nastavnika istorije<\/a> (EUROCLIO).<\/p>\n\n\n\n<p><strong>Ana Radakovi\u0107\u202f<\/strong>je doktorantkinja i istra\u017eiva\u010dica saradnica na Odeljenju za istoriju Filozofskog\u202ffakulteta u Beogradu. Potpredsednica\u202fje organizacije\u202f<a href=\"https:\/\/www.facebook.com\/Edukacija21\">Edukacija za 21. vek<\/a> i saradnica\u202f<a href=\"https:\/\/www.facebook.com\/UdruzenjeZaDrustvenuIstorijuEuroclio\">Udru\u017eenja\u202fza dru\u0161tvenu istoriju EUROCLIO<\/a>. Tako\u0111e radi kao istra\u017eiva\u010dica na inicijativi\u202f<a href=\"https:\/\/www.facebook.com\/profile.php?id=100085443460857\">Muzej devedesetih<\/a> u Beogradu.<\/p>\n\n\n\n<p><strong>Rodoljub Jovanovi\u0107<\/strong>\u202fje doktorirao na univerzitetu Deusto (Bilbao, \u0160panija). Fokus njegovog istra\u017eivanja su procesi pomirenja u post-konfliktnim\u202fdru\u0161tvima sa akcentom na ulogu obrazovanja u ovim procesima.<\/p>\n\n\n\n<p>Moderatorka diskusije:\u00a0 <strong>Jelena \u0110ureinovi\u0107<\/strong>,\u202fkoordinatorka programa memorijalizacije, Fond za humanitarno pravo.<\/p>\n\n\n\n<hr class=\"wp-block-separator\"\/>\n\n\n\n<p>Izvor:<\/p>\n\n\n\n<figure class=\"wp-block-embed-wordpress wp-block-embed is-type-wp-embed is-provider-fond-za-humanitarno-pravo-humanitarian-law-center-fondi-per-te-drejten-humanitare\"><div class=\"wp-block-embed__wrapper\">\n<blockquote class=\"wp-embedded-content\" data-secret=\"4ES2kUHTE8\"><a href=\"http:\/\/www.hlc-rdc.org\/?p=38618\">Online diskusija: Nastava istorije i pomirenje u post-jugoslovenskim dru\u0161tvima<\/a><\/blockquote><iframe loading=\"lazy\" class=\"wp-embedded-content\" sandbox=\"allow-scripts\" security=\"restricted\" style=\"position: absolute; clip: rect(1px, 1px, 1px, 1px);\" title=\"Embedded WordPress Post\" src=\"http:\/\/www.hlc-rdc.org\/?p=38618&#038;embed=true#?secret=4ES2kUHTE8\" data-secret=\"4ES2kUHTE8\" width=\"600\" height=\"338\" frameborder=\"0\" marginwidth=\"0\" marginheight=\"0\" scrolling=\"no\"><\/iframe>\n<\/div><\/figure>\n\n\n\n<p><a href=\"https:\/\/www.facebook.com\/events\/1870788279955640\">https:\/\/www.facebook.com\/events\/1870788279955640<\/a><\/p>\n\n\n\n<hr class=\"wp-block-separator\"\/>\n\n\n\n<p>Obavijest je objavljena i na portalu <strong>Historiografija.ba<\/strong>:<\/p>\n\n\n\n<p><a href=\"https:\/\/historiografija.ba\/article.php?id=1662\">https:\/\/historiografija.ba\/article.php?id=1662<\/a><\/p>\n\n\n\n<hr class=\"wp-block-separator\"\/>\n","protected":false},"excerpt":{"rendered":"","protected":false},"author":2,"featured_media":34186,"comment_status":"open","ping_status":"open","sticky":false,"template":"","format":"standard","meta":{"_acf_changed":false,"_jetpack_newsletter_access":"","_jetpack_dont_email_post_to_subs":false,"_jetpack_newsletter_tier_id":0,"_jetpack_memberships_contains_paywalled_content":false,"_jetpack_memberships_contains_paid_content":false,"footnotes":"","jetpack_publicize_message":"","jetpack_publicize_feature_enabled":true,"jetpack_social_post_already_shared":true,"jetpack_social_options":{"image_generator_settings":{"template":"highway","default_image_id":0,"font":"","enabled":false},"version":2},"jetpack_post_was_ever_published":false},"categories":[3],"tags":[],"class_list":["post-34185","post","type-post","status-publish","format-standard","has-post-thumbnail","hentry","category-novosti"],"acf":{"facebook_opis":""},"jetpack_publicize_connections":[],"jetpack_featured_media_url":"https:\/\/i0.wp.com\/historiografija.hr\/wp-content\/uploads\/2023\/01\/Nastava-istorije.jpg?fit=1920%2C1005&ssl=1","jetpack_sharing_enabled":true,"jetpack-related-posts":[{"id":42895,"url":"https:\/\/historiografija.hr\/?p=42895","url_meta":{"origin":34185,"position":0},"title":"Dragan Popovi\u0107, \u201eRat se\u0107anja u Srbiji 1980-1990.\u201c","author":"Branimir Jankovi\u0107","date":"23. listopada 2024.","format":false,"excerpt":"U izdanju Biblioteke XX vek upravo je objavljena knjiga Dragana Popovi\u0107a \u201eRat se\u0107anja u Srbiji 1980-1990.\u201c Dragan Popovi\u0107 (Kraljevo, 1980) je istori\u010dar i dugogodi\u0161nji aktivista za za\u0161titu ljudskih prava iz Beograda. Osnovne i master studije zavr\u0161io je na Pravnom fakultetu u Beogradu, a doktorsku disertaciju pod naslovom \u201ePromene u politici\u2026","rel":"","context":"U &quot;Knjige&quot;","block_context":{"text":"Knjige","link":"https:\/\/historiografija.hr\/?cat=8"},"img":{"alt_text":"","src":"https:\/\/i0.wp.com\/historiografija.hr\/wp-content\/uploads\/2024\/10\/Rat_secanja.jpg?fit=450%2C652&ssl=1&resize=350%2C200","width":350,"height":200},"classes":[]},{"id":54696,"url":"https:\/\/historiografija.hr\/?p=54696","url_meta":{"origin":34185,"position":1},"title":"Leidulf Melve i Eivind Heldaas Seland, \u201e\u0160ta je globalna istorija?&#8221;","author":"Branimir Jankovi\u0107","date":"21. srpnja 2026.","format":false,"excerpt":"U knjizi, koju je na srpski prevela Jelena Stani\u0161i\u0107, razmatra se razvoj globalne povijesti kao historiografskog pristupa, njezino razlikovanje od univerzalne i svjetske povijesti te njezina povezanost s kolonijalizmom, nacionalnim historiografijama i odnosima izme\u0111u razvijenih i nerazvijenih dijelova svijeta. O knjizi: \u201eU ovoj knjizi globalnu istoriju razumemo kao polje istra\u017eivanja\u2026","rel":"","context":"U &quot;Knjige&quot;","block_context":{"text":"Knjige","link":"https:\/\/historiografija.hr\/?cat=8"},"img":{"alt_text":"","src":"https:\/\/i0.wp.com\/historiografija.hr\/wp-content\/uploads\/2026\/07\/Sta-je-globalna-istorija.jpg?fit=203%2C312&ssl=1&resize=350%2C200","width":350,"height":200},"classes":[]},{"id":54438,"url":"https:\/\/historiografija.hr\/?p=54438","url_meta":{"origin":34185,"position":2},"title":"Debata &#8220;Od Srebrenice do Gaze: od legitimacije do negiranja&#8221; u Beogradu","author":"Branimir Jankovi\u0107","date":"3. srpnja 2026.","format":false,"excerpt":"U okviru 18. po redu festivala KROKODIL, koji se odr\u017eava 3. i 4. jula 2026. u Beogradu pod motom KNJI\u017dEVNOST KAO NEPOSLU\u0160NOST\/LITERATURE AS DISOBEDIENCE, holandski histori\u010dar Ger Duijzing \u0107e razgovarati o temi Od Srebrenice do Gaze: od legitimacije do negiranja. Razgovor povezuje regionalno iskustvo s aktuelnim globalnim krizama i istra\u017euje\u2026","rel":"","context":"U &quot;Novosti&quot;","block_context":{"text":"Novosti","link":"https:\/\/historiografija.hr\/?cat=3"},"img":{"alt_text":"","src":"https:\/\/i0.wp.com\/historiografija.hr\/wp-content\/uploads\/2026\/07\/Krokodil-debata-2026.png?fit=1200%2C749&ssl=1&resize=350%2C200","width":350,"height":200,"srcset":"https:\/\/i0.wp.com\/historiografija.hr\/wp-content\/uploads\/2026\/07\/Krokodil-debata-2026.png?fit=1200%2C749&ssl=1&resize=350%2C200 1x, https:\/\/i0.wp.com\/historiografija.hr\/wp-content\/uploads\/2026\/07\/Krokodil-debata-2026.png?fit=1200%2C749&ssl=1&resize=525%2C300 1.5x, https:\/\/i0.wp.com\/historiografija.hr\/wp-content\/uploads\/2026\/07\/Krokodil-debata-2026.png?fit=1200%2C749&ssl=1&resize=700%2C400 2x, https:\/\/i0.wp.com\/historiografija.hr\/wp-content\/uploads\/2026\/07\/Krokodil-debata-2026.png?fit=1200%2C749&ssl=1&resize=1050%2C600 3x"},"classes":[]},{"id":54673,"url":"https:\/\/historiografija.hr\/?p=54673","url_meta":{"origin":34185,"position":3},"title":"Novi broj \u010dasopisa &#8220;Tokovi istorije&#8221; (br. 1, 2026)","author":"Branimir Jankovi\u0107","date":"20. srpnja 2026.","format":false,"excerpt":"U izdanju Instituta za noviju istoriju Srbije u Beogradu objavljen je novi broj \u010dasopisa \"Tokovi istorije\" (br. 1, 2026), koji donosi temu broja \"Evropski horizonti Ervina \u0160inka: egzil, emigracija i kulturno posredovanje\" te druge \u010dlanke i priloge. Op\u0161irnije: https:\/\/inis.bg.ac.rs\/lat\/aktuelno\/9\/1515\/novi-broj-tokova-istorije---12026.html https:\/\/tokovi.istorije.rs\/cir\/arhiva\/13\/1563\/12026.html","rel":"","context":"U &quot;\u010casopisi&quot;","block_context":{"text":"\u010casopisi","link":"https:\/\/historiografija.hr\/?cat=21"},"img":{"alt_text":"","src":"https:\/\/i0.wp.com\/historiografija.hr\/wp-content\/uploads\/2026\/07\/Tokovi-istorije-br-1-2026.png?fit=552%2C283&ssl=1&resize=350%2C200","width":350,"height":200,"srcset":"https:\/\/i0.wp.com\/historiografija.hr\/wp-content\/uploads\/2026\/07\/Tokovi-istorije-br-1-2026.png?fit=552%2C283&ssl=1&resize=350%2C200 1x, https:\/\/i0.wp.com\/historiografija.hr\/wp-content\/uploads\/2026\/07\/Tokovi-istorije-br-1-2026.png?fit=552%2C283&ssl=1&resize=525%2C300 1.5x"},"classes":[]},{"id":54967,"url":"https:\/\/historiografija.hr\/?p=54967","url_meta":{"origin":34185,"position":4},"title":"Milan Ristovi\u0107, \u201eUti\u0161ani glasovi. Iz istorije obi\u010dnih ljudi\u201c","author":"Branimir Jankovi\u0107","date":"14. kolovoza 2026.","format":false,"excerpt":"Devedesetih godina pro\u0161log veka pojavili su se mla\u0111i i hrabriji istori\u010dari pi\u0161u\u0107i eseje o malim sudbinama pojedinaca u vihorima tih ogromnih prevrata sveta. \u017deleli su da makar naknadno ostave trag dostojanstvu nepravedno nazvanom Mali \u010dovek. Pokazali su da istorijska faktografija nudi beskona\u010dno mnogo izuzetnih pri\u010da koje ravnopravno i jednako zanimljivim\u2026","rel":"","context":"U &quot;Knjige&quot;","block_context":{"text":"Knjige","link":"https:\/\/historiografija.hr\/?cat=8"},"img":{"alt_text":"","src":"https:\/\/i0.wp.com\/historiografija.hr\/wp-content\/uploads\/2026\/08\/Utisani-glasovi.jpg?fit=373%2C551&ssl=1&resize=350%2C200","width":350,"height":200},"classes":[]},{"id":54180,"url":"https:\/\/historiografija.hr\/?p=54180","url_meta":{"origin":34185,"position":5},"title":"Dragan Popovi\u0107, &#8220;PRELOMNE GODINE. Srpski nacionalizam i Jugoslavija 1980-1990.&#8221;","author":"Branimir Jankovi\u0107","date":"18. lipnja 2026.","format":false,"excerpt":"Izdava\u010d MOST ART JUGOSLAVIJA je objavio novu knjigu Dragana Popovi\u0107a PRELOMNE GODINE. Srpski nacionalizam i Jugoslavija 1980-1990. Knjiga koja se nalazi pred \u010ditaocima dopunjen je i prera\u0111en materijal iz dijela doktorske disertacije koju je autor odbranio na Odeljenju za istoriju Filozofskog fakulteta u Beogradu 2024. godine. Glavna tema istra\u017eivanja bile\u2026","rel":"","context":"U &quot;Knjige&quot;","block_context":{"text":"Knjige","link":"https:\/\/historiografija.hr\/?cat=8"},"img":{"alt_text":"","src":"https:\/\/i0.wp.com\/historiografija.hr\/wp-content\/uploads\/2026\/06\/popovic-dragan-prelomne-godine.jpg?fit=824%2C1200&ssl=1&resize=350%2C200","width":350,"height":200,"srcset":"https:\/\/i0.wp.com\/historiografija.hr\/wp-content\/uploads\/2026\/06\/popovic-dragan-prelomne-godine.jpg?fit=824%2C1200&ssl=1&resize=350%2C200 1x, https:\/\/i0.wp.com\/historiografija.hr\/wp-content\/uploads\/2026\/06\/popovic-dragan-prelomne-godine.jpg?fit=824%2C1200&ssl=1&resize=525%2C300 1.5x, https:\/\/i0.wp.com\/historiografija.hr\/wp-content\/uploads\/2026\/06\/popovic-dragan-prelomne-godine.jpg?fit=824%2C1200&ssl=1&resize=700%2C400 2x"},"classes":[]}],"_links":{"self":[{"href":"https:\/\/historiografija.hr\/index.php?rest_route=\/wp\/v2\/posts\/34185","targetHints":{"allow":["GET"]}}],"collection":[{"href":"https:\/\/historiografija.hr\/index.php?rest_route=\/wp\/v2\/posts"}],"about":[{"href":"https:\/\/historiografija.hr\/index.php?rest_route=\/wp\/v2\/types\/post"}],"author":[{"embeddable":true,"href":"https:\/\/historiografija.hr\/index.php?rest_route=\/wp\/v2\/users\/2"}],"replies":[{"embeddable":true,"href":"https:\/\/historiografija.hr\/index.php?rest_route=%2Fwp%2Fv2%2Fcomments&post=34185"}],"version-history":[{"count":1,"href":"https:\/\/historiografija.hr\/index.php?rest_route=\/wp\/v2\/posts\/34185\/revisions"}],"predecessor-version":[{"id":34187,"href":"https:\/\/historiografija.hr\/index.php?rest_route=\/wp\/v2\/posts\/34185\/revisions\/34187"}],"wp:featuredmedia":[{"embeddable":true,"href":"https:\/\/historiografija.hr\/index.php?rest_route=\/wp\/v2\/media\/34186"}],"wp:attachment":[{"href":"https:\/\/historiografija.hr\/index.php?rest_route=%2Fwp%2Fv2%2Fmedia&parent=34185"}],"wp:term":[{"taxonomy":"category","embeddable":true,"href":"https:\/\/historiografija.hr\/index.php?rest_route=%2Fwp%2Fv2%2Fcategories&post=34185"},{"taxonomy":"post_tag","embeddable":true,"href":"https:\/\/historiografija.hr\/index.php?rest_route=%2Fwp%2Fv2%2Ftags&post=34185"}],"curies":[{"name":"wp","href":"https:\/\/api.w.org\/{rel}","templated":true}]}}