{"id":34181,"date":"2023-01-19T20:22:20","date_gmt":"2023-01-19T20:22:20","guid":{"rendered":"http:\/\/historiografija.hr\/?p=34181"},"modified":"2023-01-19T20:26:01","modified_gmt":"2023-01-19T20:26:01","slug":"umro-povjesnicar-andras-gero","status":"publish","type":"post","link":"https:\/\/historiografija.hr\/?p=34181","title":{"rendered":"Umro povjesni\u010dar Andr\u00e1s Ger\u0151"},"content":{"rendered":"\n<p>U 70. godini umro je ma\u0111arski povjesni\u010dar Andr\u00e1s Ger\u0151 koji je, izme\u0111u ostalog, predavao na Central European University u Budimpe\u0161ti. Kao specijalist za povijest Austro-Ugarske Monarhije sura\u0111ivao je i s hrvatskim povjesni\u010darima te objavljivao u nekim hrvatskim izdanjima poput zbornika radova.<\/p>\n\n\n\n<hr class=\"wp-block-separator\"\/>\n\n\n\n<p><a href=\"https:\/\/www.ceu.edu\/article\/2023-01-11\/ceu-mourns-loss-andras-gero\">https:\/\/www.ceu.edu\/article\/2023-01-11\/ceu-mourns-loss-andras-gero<\/a><\/p>\n\n\n\n<p><a href=\"https:\/\/history.ceu.edu\/article\/2023-01-10\/obituary-andras-gero\">https:\/\/history.ceu.edu\/article\/2023-01-10\/obituary-andras-gero<\/a><\/p>\n\n\n\n<p><a href=\"https:\/\/people.ceu.edu\/andras_gero\">https:\/\/people.ceu.edu\/andras_gero<\/a><\/p>\n\n\n\n<p><a href=\"https:\/\/www.hungarianconservative.com\/articles\/current\/in-memoriam-andras-gero\/\">https:\/\/www.hungarianconservative.com\/articles\/current\/in-memoriam-andras-gero\/<\/a><\/p>\n\n\n\n<figure class=\"wp-block-embed-wordpress wp-block-embed is-type-wp-embed is-provider-hungary-today\"><div class=\"wp-block-embed__wrapper\">\n<blockquote class=\"wp-embedded-content\" data-secret=\"QMWpMDpAot\"><a href=\"https:\/\/hungarytoday.hu\/hungarian-historian-andras-gero-passes-away\/\">Hungarian Historian Andr\u00e1s Ger\u0151 Passes Away<\/a><\/blockquote><iframe loading=\"lazy\" class=\"wp-embedded-content\" sandbox=\"allow-scripts\" security=\"restricted\" style=\"position: absolute; clip: rect(1px, 1px, 1px, 1px);\" title=\"&#8220;Hungarian Historian Andr\u00e1s Ger\u0151 Passes Away&#8221; &#8212; Hungary Today\" src=\"https:\/\/hungarytoday.hu\/hungarian-historian-andras-gero-passes-away\/embed\/#?secret=QMWpMDpAot\" data-secret=\"QMWpMDpAot\" width=\"600\" height=\"338\" frameborder=\"0\" marginwidth=\"0\" marginheight=\"0\" scrolling=\"no\"><\/iframe>\n<\/div><\/figure>\n\n\n\n<hr class=\"wp-block-separator\"\/>\n\n\n\n<figure class=\"wp-block-embed-wordpress wp-block-embed is-type-wp-embed is-provider-historiografija-hr\"><div class=\"wp-block-embed__wrapper\">\n<blockquote class=\"wp-embedded-content\" data-secret=\"SfPT76JKxe\"><a href=\"https:\/\/historiografija.hr\/?p=19513\">Zbornik \u201cFranjo Josip i Hrvati u Prvome svjetskom ratu\u201d (Uredio \u017deljko Holjevac)<\/a><\/blockquote><iframe loading=\"lazy\" class=\"wp-embedded-content\" sandbox=\"allow-scripts\" security=\"restricted\" style=\"position: absolute; clip: rect(1px, 1px, 1px, 1px);\" title=\"&#8220;Zbornik \u201cFranjo Josip i Hrvati u Prvome svjetskom ratu\u201d (Uredio \u017deljko Holjevac)&#8221; &#8212; Historiografija.hr\" src=\"https:\/\/historiografija.hr\/?p=19513&#038;embed=true#?secret=SfPT76JKxe\" data-secret=\"SfPT76JKxe\" width=\"600\" height=\"338\" frameborder=\"0\" marginwidth=\"0\" marginheight=\"0\" scrolling=\"no\"><\/iframe>\n<\/div><\/figure>\n\n\n\n<hr class=\"wp-block-separator\"\/>\n\n\n\n<figure class=\"wp-block-embed-wordpress wp-block-embed is-type-wp-embed is-provider-historiografija-hr\"><div class=\"wp-block-embed__wrapper\">\n<blockquote class=\"wp-embedded-content\" data-secret=\"rQDmlnJkCg\"><a href=\"https:\/\/historiografija.hr\/?p=18309\">Zbornik Drage Roksandi\u0107a<\/a><\/blockquote><iframe loading=\"lazy\" class=\"wp-embedded-content\" sandbox=\"allow-scripts\" security=\"restricted\" style=\"position: absolute; clip: rect(1px, 1px, 1px, 1px);\" title=\"&#8220;Zbornik Drage Roksandi\u0107a&#8221; &#8212; Historiografija.hr\" src=\"https:\/\/historiografija.hr\/?p=18309&#038;embed=true#?secret=rQDmlnJkCg\" data-secret=\"rQDmlnJkCg\" width=\"600\" height=\"338\" frameborder=\"0\" marginwidth=\"0\" marginheight=\"0\" scrolling=\"no\"><\/iframe>\n<\/div><\/figure>\n\n\n\n<hr class=\"wp-block-separator\"\/>\n","protected":false},"excerpt":{"rendered":"","protected":false},"author":2,"featured_media":34182,"comment_status":"open","ping_status":"open","sticky":false,"template":"","format":"standard","meta":{"_acf_changed":false,"jetpack_post_was_ever_published":false,"_jetpack_newsletter_access":"","_jetpack_dont_email_post_to_subs":false,"_jetpack_newsletter_tier_id":0,"_jetpack_memberships_contains_paywalled_content":false,"_jetpack_memberships_contains_paid_content":false,"footnotes":"","jetpack_publicize_message":"","jetpack_publicize_feature_enabled":true,"jetpack_social_post_already_shared":true,"jetpack_social_options":{"image_generator_settings":{"template":"highway","default_image_id":0,"font":"","enabled":false},"version":2}},"categories":[3,20],"tags":[],"class_list":["post-34181","post","type-post","status-publish","format-standard","has-post-thumbnail","hentry","category-novosti","category-obavijesti-o-smrti-i-nekrolozi"],"acf":{"facebook_opis":""},"jetpack_publicize_connections":[],"jetpack_featured_media_url":"https:\/\/i0.wp.com\/historiografija.hr\/wp-content\/uploads\/2023\/01\/A-Gero.jpg?fit=480%2C270&ssl=1","jetpack_sharing_enabled":true,"jetpack-related-posts":[],"_links":{"self":[{"href":"https:\/\/historiografija.hr\/index.php?rest_route=\/wp\/v2\/posts\/34181","targetHints":{"allow":["GET"]}}],"collection":[{"href":"https:\/\/historiografija.hr\/index.php?rest_route=\/wp\/v2\/posts"}],"about":[{"href":"https:\/\/historiografija.hr\/index.php?rest_route=\/wp\/v2\/types\/post"}],"author":[{"embeddable":true,"href":"https:\/\/historiografija.hr\/index.php?rest_route=\/wp\/v2\/users\/2"}],"replies":[{"embeddable":true,"href":"https:\/\/historiografija.hr\/index.php?rest_route=%2Fwp%2Fv2%2Fcomments&post=34181"}],"version-history":[{"count":2,"href":"https:\/\/historiografija.hr\/index.php?rest_route=\/wp\/v2\/posts\/34181\/revisions"}],"predecessor-version":[{"id":34184,"href":"https:\/\/historiografija.hr\/index.php?rest_route=\/wp\/v2\/posts\/34181\/revisions\/34184"}],"wp:featuredmedia":[{"embeddable":true,"href":"https:\/\/historiografija.hr\/index.php?rest_route=\/wp\/v2\/media\/34182"}],"wp:attachment":[{"href":"https:\/\/historiografija.hr\/index.php?rest_route=%2Fwp%2Fv2%2Fmedia&parent=34181"}],"wp:term":[{"taxonomy":"category","embeddable":true,"href":"https:\/\/historiografija.hr\/index.php?rest_route=%2Fwp%2Fv2%2Fcategories&post=34181"},{"taxonomy":"post_tag","embeddable":true,"href":"https:\/\/historiografija.hr\/index.php?rest_route=%2Fwp%2Fv2%2Ftags&post=34181"}],"curies":[{"name":"wp","href":"https:\/\/api.w.org\/{rel}","templated":true}]}}