{"id":34178,"date":"2023-01-19T20:18:04","date_gmt":"2023-01-19T20:18:04","guid":{"rendered":"http:\/\/historiografija.hr\/?p=34178"},"modified":"2023-01-19T20:18:04","modified_gmt":"2023-01-19T20:18:04","slug":"preminuo-povjesnicar-istvan-deak","status":"publish","type":"post","link":"https:\/\/historiografija.hr\/?p=34178","title":{"rendered":"Preminuo povjesni\u010dar Istv\u00e1n De\u00e1k"},"content":{"rendered":"\n<p>Preminuo je povjesni\u010dar Istv\u00e1n De\u00e1k (1926-2023), va\u017ena figura habsbur\u0161kih studija u SAD-u, na \u010dije su se knjige i zbornike kao \u0161to su \u201eBeyond Nationalism: A Social and Political History of the Habsburg Officer Corps, 1848-1918\u201c, \u201eThe Politics of Retribution in Europe: World War II and Its Aftermath\u201c, \u201eEurope on Trial: The Story of Collaboration, Resistance, and Retribution During World War II\u201c nerijetko referirali i hrvatski povjesni\u010dari.<\/p>\n\n\n\n<hr class=\"wp-block-separator\"\/>\n\n\n\n<p><a href=\"https:\/\/harriman.columbia.edu\/in-memoriam-istvan-deak-1926-2023\/\">https:\/\/harriman.columbia.edu\/in-memoriam-istvan-deak-1926-2023\/<\/a><\/p>\n\n\n\n<p><a href=\"https:\/\/ecommons.cornell.edu\/handle\/1813\/34132\">https:\/\/ecommons.cornell.edu\/handle\/1813\/34132<\/a><\/p>\n\n\n\n<hr class=\"wp-block-separator\"\/>\n\n\n\n<p>Obavijest o smrti objavljena je najprije na portalu <strong>Historiografija.ba<\/strong>:<\/p>\n\n\n\n<p><a href=\"https:\/\/historiografija.ba\/article.php?id=1650\">https:\/\/historiografija.ba\/article.php?id=1650<\/a><\/p>\n\n\n\n<hr class=\"wp-block-separator\"\/>\n","protected":false},"excerpt":{"rendered":"","protected":false},"author":2,"featured_media":34179,"comment_status":"open","ping_status":"open","sticky":false,"template":"","format":"standard","meta":{"_acf_changed":false,"jetpack_post_was_ever_published":false,"_jetpack_newsletter_access":"","_jetpack_dont_email_post_to_subs":false,"_jetpack_newsletter_tier_id":0,"_jetpack_memberships_contains_paywalled_content":false,"_jetpack_memberships_contains_paid_content":false,"footnotes":"","jetpack_publicize_message":"","jetpack_publicize_feature_enabled":true,"jetpack_social_post_already_shared":true,"jetpack_social_options":{"image_generator_settings":{"template":"highway","default_image_id":0,"font":"","enabled":false},"version":2}},"categories":[3,20],"tags":[],"class_list":["post-34178","post","type-post","status-publish","format-standard","has-post-thumbnail","hentry","category-novosti","category-obavijesti-o-smrti-i-nekrolozi"],"acf":{"facebook_opis":""},"jetpack_publicize_connections":[],"jetpack_featured_media_url":"https:\/\/i0.wp.com\/historiografija.hr\/wp-content\/uploads\/2023\/01\/Deak.jpg?fit=600%2C450&ssl=1","jetpack_sharing_enabled":true,"jetpack-related-posts":[],"_links":{"self":[{"href":"https:\/\/historiografija.hr\/index.php?rest_route=\/wp\/v2\/posts\/34178","targetHints":{"allow":["GET"]}}],"collection":[{"href":"https:\/\/historiografija.hr\/index.php?rest_route=\/wp\/v2\/posts"}],"about":[{"href":"https:\/\/historiografija.hr\/index.php?rest_route=\/wp\/v2\/types\/post"}],"author":[{"embeddable":true,"href":"https:\/\/historiografija.hr\/index.php?rest_route=\/wp\/v2\/users\/2"}],"replies":[{"embeddable":true,"href":"https:\/\/historiografija.hr\/index.php?rest_route=%2Fwp%2Fv2%2Fcomments&post=34178"}],"version-history":[{"count":1,"href":"https:\/\/historiografija.hr\/index.php?rest_route=\/wp\/v2\/posts\/34178\/revisions"}],"predecessor-version":[{"id":34180,"href":"https:\/\/historiografija.hr\/index.php?rest_route=\/wp\/v2\/posts\/34178\/revisions\/34180"}],"wp:featuredmedia":[{"embeddable":true,"href":"https:\/\/historiografija.hr\/index.php?rest_route=\/wp\/v2\/media\/34179"}],"wp:attachment":[{"href":"https:\/\/historiografija.hr\/index.php?rest_route=%2Fwp%2Fv2%2Fmedia&parent=34178"}],"wp:term":[{"taxonomy":"category","embeddable":true,"href":"https:\/\/historiografija.hr\/index.php?rest_route=%2Fwp%2Fv2%2Fcategories&post=34178"},{"taxonomy":"post_tag","embeddable":true,"href":"https:\/\/historiografija.hr\/index.php?rest_route=%2Fwp%2Fv2%2Ftags&post=34178"}],"curies":[{"name":"wp","href":"https:\/\/api.w.org\/{rel}","templated":true}]}}