{"id":34171,"date":"2023-01-19T19:54:34","date_gmt":"2023-01-19T19:54:34","guid":{"rendered":"http:\/\/historiografija.hr\/?p=34171"},"modified":"2023-01-19T20:07:17","modified_gmt":"2023-01-19T20:07:17","slug":"godisnjica-smrti-marka-petraka-1972-2022","status":"publish","type":"post","link":"https:\/\/historiografija.hr\/?p=34171","title":{"rendered":"Godi\u0161njica smrti Marka Petraka (1972-2022)"},"content":{"rendered":"\n<p>Prije godinu dana, 17. sije\u010dnja 2022. preminuo je Marko Petrak. Tim povodom upu\u0107ujemo na niz nekrologa objavljenih tijekom 2022. godine u \u010dasopisima u Hrvatskoj, Bosni i Hercegovini, Crnoj Gori i Srbiji.<\/p>\n\n\n\n<hr class=\"wp-block-separator\"\/>\n\n\n\n<p><strong>Henrik-Riko Held<\/strong><\/p>\n\n\n\n<p><em>Zbornik Pravnog fakulteta u Zagrebu<\/em>, Vol. 72 No. 3, 2022.<\/p>\n\n\n\n<p><a href=\"https:\/\/hrcak.srce.hr\/280677\">https:\/\/hrcak.srce.hr\/280677<\/a><\/p>\n\n\n\n<hr class=\"wp-block-separator\"\/>\n\n\n\n<p><strong>Last goodbye to our editor-in-chief prof. dr. sc. Marko Petrak<\/strong><\/p>\n\n\n\n<p><em>Zbornik Pravnog fakulteta u Zagrebu<\/em>, Vol. 71 No. 6, 2021.<\/p>\n\n\n\n<p><a href=\"https:\/\/hrcak.srce.hr\/clanak\/394883\">https:\/\/hrcak.srce.hr\/clanak\/394883<\/a><\/p>\n\n\n\n<hr class=\"wp-block-separator\"\/>\n\n\n\n<p><strong>Nikol \u017diha<\/strong><\/p>\n\n\n\n<p><em>Pravni vjesnik: \u010dasopis za pravne i dru\u0161tvene znanosti Pravnog fakulteta Sveu\u010dili\u0161ta J.J. Strossmayera u Osijeku<\/em>, Vol. 38 No. 1, 2022.<\/p>\n\n\n\n<p><a href=\"https:\/\/hrcak.srce.hr\/clanak\/399638\">https:\/\/hrcak.srce.hr\/clanak\/399638<\/a><\/p>\n\n\n\n<hr class=\"wp-block-separator\"\/>\n\n\n\n<p><strong>Anita Petrak<\/strong><\/p>\n\n\n\n<p><em>Pravnik: \u010dasopis za pravna i dru\u0161tvena pitanja<\/em>, Vol. 56 No. 108, 2022.<\/p>\n\n\n\n<p><a href=\"https:\/\/hrcak.srce.hr\/clanak\/411217\">https:\/\/hrcak.srce.hr\/clanak\/411217<\/a><\/p>\n\n\n\n<hr class=\"wp-block-separator\"\/>\n\n\n\n<p><strong>Ivana Jaramaz Resku\u0161i\u0107<\/strong><\/p>\n\n\n\n<p><em>Latina et Graeca<\/em>, Vol. 2 No. 41, 2022.<\/p>\n\n\n\n<p><a href=\"https:\/\/hrcak.srce.hr\/clanak\/408525\">https:\/\/hrcak.srce.hr\/clanak\/408525<\/a><\/p>\n\n\n\n<hr class=\"wp-block-separator\"\/>\n\n\n\n<p><strong>Mirza Hebib<\/strong><\/p>\n\n\n\n<p><em>Godi\u0161njak Pravnog fakulteta u Sarajevu<\/em>, LXV, 2022.<\/p>\n\n\n\n<figure class=\"wp-block-embed-wordpress wp-block-embed is-type-wp-embed is-provider-wordpress\"><div class=\"wp-block-embed__wrapper\">\n<blockquote class=\"wp-embedded-content\" data-secret=\"ByOqaIUtRS\"><a href=\"https:\/\/www.pfsa.unsa.ba\/pf\/biblioteka\/godisnjak\/\">Godi\u0161njak<\/a><\/blockquote><iframe loading=\"lazy\" class=\"wp-embedded-content\" sandbox=\"allow-scripts\" security=\"restricted\" style=\"position: absolute; clip: rect(1px, 1px, 1px, 1px);\" title=\"&#8220;Godi\u0161njak&#8221; &#8212; \" src=\"https:\/\/www.pfsa.unsa.ba\/pf\/biblioteka\/godisnjak\/embed\/#?secret=ByOqaIUtRS\" data-secret=\"ByOqaIUtRS\" width=\"600\" height=\"338\" frameborder=\"0\" marginwidth=\"0\" marginheight=\"0\" scrolling=\"no\"><\/iframe>\n<\/div><\/figure>\n\n\n\n<p><a href=\"https:\/\/www.academia.edu\/94722217\/Na_Cavtatskom_kapitoliju_Nekrolog_profesoru_Marku_Petraku_1972_2022_\">https:\/\/www.academia.edu\/94722217\/Na_Cavtatskom_kapitoliju_Nekrolog_profesoru_Marku_Petraku_1972_2022_<\/a><\/p>\n\n\n\n<hr class=\"wp-block-separator\"\/>\n\n\n\n<p><strong>Andrej Bracanovi\u0107<\/strong><\/p>\n\n\n\n<p><em>Studia Iuridica Montenegrina<\/em>, god. IV, br. 1, 2022.<\/p>\n\n\n\n<p><a href=\"https:\/\/studiaiuridica.me\/en\/sim1-2022\/\">https:\/\/studiaiuridica.me\/en\/sim1-2022\/<\/a><\/p>\n\n\n\n<hr class=\"wp-block-separator\"\/>\n\n\n\n<p><strong>Andreja Katan\u010devi\u0107<\/strong><\/p>\n\n\n\n<p><em>Anali Pravnog fakulteta u Beogradu<\/em>, god. 70, sv. 1, 2022.<\/p>\n\n\n\n<figure class=\"wp-block-embed-wordpress wp-block-embed is-type-wp-embed is-provider-\u0430\u043d\u0430\u043b\u0438\"><div class=\"wp-block-embed__wrapper\">\n<blockquote class=\"wp-embedded-content\" data-secret=\"gF9fZVvKfR\"><a href=\"https:\/\/anali.rs\/arhiva\/anali-2022-vol-70-1\/\">\u0410\u043d\u0430\u043b\u0438 2022 | \u0412\u043e\u043b 70 | 1<\/a><\/blockquote><iframe loading=\"lazy\" class=\"wp-embedded-content\" sandbox=\"allow-scripts\" security=\"restricted\" style=\"position: absolute; clip: rect(1px, 1px, 1px, 1px);\" title=\"&#132;\u0410\u043d\u0430\u043b\u0438 2022 | \u0412\u043e\u043b 70 | 1&#147; &#8212; \u0410\u041d\u0410\u041b\u0418\" src=\"https:\/\/anali.rs\/arhiva\/anali-2022-vol-70-1\/embed\/#?secret=O451qFiW3X#?secret=gF9fZVvKfR\" data-secret=\"gF9fZVvKfR\" width=\"600\" height=\"338\" frameborder=\"0\" marginwidth=\"0\" marginheight=\"0\" scrolling=\"no\"><\/iframe>\n<\/div><\/figure>\n\n\n\n<hr class=\"wp-block-separator\"\/>\n","protected":false},"excerpt":{"rendered":"","protected":false},"author":2,"featured_media":29282,"comment_status":"open","ping_status":"open","sticky":false,"template":"","format":"standard","meta":{"_acf_changed":false,"jetpack_post_was_ever_published":false,"_jetpack_newsletter_access":"","_jetpack_dont_email_post_to_subs":false,"_jetpack_newsletter_tier_id":0,"_jetpack_memberships_contains_paywalled_content":false,"_jetpack_memberships_contains_paid_content":false,"footnotes":"","jetpack_publicize_message":"","jetpack_publicize_feature_enabled":true,"jetpack_social_post_already_shared":true,"jetpack_social_options":{"image_generator_settings":{"template":"highway","default_image_id":0,"font":"","enabled":false},"version":2}},"categories":[3,20],"tags":[],"class_list":["post-34171","post","type-post","status-publish","format-standard","has-post-thumbnail","hentry","category-novosti","category-obavijesti-o-smrti-i-nekrolozi"],"acf":{"facebook_opis":""},"jetpack_publicize_connections":[],"jetpack_featured_media_url":"https:\/\/i0.wp.com\/historiografija.hr\/wp-content\/uploads\/2022\/01\/Petrak.jpg?fit=287%2C176&ssl=1","jetpack_sharing_enabled":true,"jetpack-related-posts":[],"_links":{"self":[{"href":"https:\/\/historiografija.hr\/index.php?rest_route=\/wp\/v2\/posts\/34171","targetHints":{"allow":["GET"]}}],"collection":[{"href":"https:\/\/historiografija.hr\/index.php?rest_route=\/wp\/v2\/posts"}],"about":[{"href":"https:\/\/historiografija.hr\/index.php?rest_route=\/wp\/v2\/types\/post"}],"author":[{"embeddable":true,"href":"https:\/\/historiografija.hr\/index.php?rest_route=\/wp\/v2\/users\/2"}],"replies":[{"embeddable":true,"href":"https:\/\/historiografija.hr\/index.php?rest_route=%2Fwp%2Fv2%2Fcomments&post=34171"}],"version-history":[{"count":2,"href":"https:\/\/historiografija.hr\/index.php?rest_route=\/wp\/v2\/posts\/34171\/revisions"}],"predecessor-version":[{"id":34173,"href":"https:\/\/historiografija.hr\/index.php?rest_route=\/wp\/v2\/posts\/34171\/revisions\/34173"}],"wp:featuredmedia":[{"embeddable":true,"href":"https:\/\/historiografija.hr\/index.php?rest_route=\/wp\/v2\/media\/29282"}],"wp:attachment":[{"href":"https:\/\/historiografija.hr\/index.php?rest_route=%2Fwp%2Fv2%2Fmedia&parent=34171"}],"wp:term":[{"taxonomy":"category","embeddable":true,"href":"https:\/\/historiografija.hr\/index.php?rest_route=%2Fwp%2Fv2%2Fcategories&post=34171"},{"taxonomy":"post_tag","embeddable":true,"href":"https:\/\/historiografija.hr\/index.php?rest_route=%2Fwp%2Fv2%2Ftags&post=34171"}],"curies":[{"name":"wp","href":"https:\/\/api.w.org\/{rel}","templated":true}]}}