{"id":34165,"date":"2023-01-18T18:54:47","date_gmt":"2023-01-18T18:54:47","guid":{"rendered":"http:\/\/historiografija.hr\/?p=34165"},"modified":"2023-01-18T18:54:47","modified_gmt":"2023-01-18T18:54:47","slug":"ivana-cvijovic-javorina-germanistika-u-hrvatskoj-nastava-njemackog-jezika-i-knjizevnosti-na-sveucilistu-u-zagrebu-1876-1918","status":"publish","type":"post","link":"https:\/\/historiografija.hr\/?p=34165","title":{"rendered":"Ivana Cvijovi\u0107 Javorina, \u201eGermanistika u Hrvatskoj. Nastava njema\u010dkog jezika i knji\u017eevnosti na Sveu\u010dili\u0161tu u Zagrebu 1876.-1918.\u201c"},"content":{"rendered":"\n<p>Temeljito prikazuju\u0107i nastajanje i razvitak jedne studijske discipline u Zagrebu i pritom imaju\u0107i u vidu njezin srednjoeuropski kontekst, ova \u2013 u svakom pogledu iznimna \u2013 studija donosi i va\u017ene spoznaje o na\u010dinu funkcioniranja nastave i znanstvenog pogona u prvih pedesetak godina modernog sveu\u010dili\u0161ta u Zagrebu. (Iz recenzije prof.dr.sc. Marijana Bobinca)<\/p>\n\n\n\n<p>Djelo se bavi za\u010decima studija njema\u010dkog jezika i knji\u017eevnosti na zagreba\u010dkom Filozofskom fakultetu, njegovim po\u010decima i razvojem, kao i njegovim glavnim akterima, profesorima i studentima. Kao takvo, djelo prikazuje korijene tog studija u vremenu kada je hrvatska urbana kultura bila pro\u017eeta njema\u010dkim jezikom i kulturom te donosi obilje novih spoznaja o jednom od najranijih studija stranog jezika na zagreba\u010dkom sveu\u010dili\u0161tu. (Iz recenzije dr.sc. Tihane Lueti\u0107)<\/p>\n\n\n\n<p>Cilj je ovoga rada prvi put u hrvatskoj historiografiji i germanistici osigurati \u0161to je mogu\u0107e cjelovitiji kriti\u010dki uvid u razvoj studija njema\u010dkog jezika i knji\u017eevnosti na Filozofskom fakultetu Sveu\u010dili\u0161ta u Zagrebu.. U prvom je dijelu te\u017ei\u0161te institucionalnim promjenama u statusu i obliku sveu\u010dili\u0161ne nastave njema\u010dkog jezika i knji\u017eevnosti, nastavnom planu i programu. (\u2026) U drugom su dijelu usustavljene biografije glavnih aktera te su vrednovani njihovi doprinosi hrvatskoj i srednjoeuropskoj germanistici, ali i op\u0107enito hrvatskoj znanosti i kulturi. (Iz Uvoda: Germanistika u Hrvatskoj, Ivana Cvijovi\u0107 Javorina)<\/p>\n\n\n\n<hr class=\"wp-block-separator\"\/>\n\n\n\n<p>Izvor:<\/p>\n\n\n\n<figure class=\"wp-block-embed-wordpress wp-block-embed is-type-wp-embed is-provider-srednja-europa\"><div class=\"wp-block-embed__wrapper\">\n<blockquote class=\"wp-embedded-content\" data-secret=\"KZspGy5Ja8\"><a href=\"https:\/\/srednja-europa.hr\/proizvod\/germanistika-u-hrvatskoj\/\">Germanistika u Hrvatskoj<\/a><\/blockquote><iframe loading=\"lazy\" class=\"wp-embedded-content\" sandbox=\"allow-scripts\" security=\"restricted\" style=\"position: absolute; clip: rect(1px, 1px, 1px, 1px);\" title=\"&#8220;Germanistika u Hrvatskoj&#8221; &#8212; Srednja Europa\" src=\"https:\/\/srednja-europa.hr\/proizvod\/germanistika-u-hrvatskoj\/embed\/#?secret=KZspGy5Ja8\" data-secret=\"KZspGy5Ja8\" width=\"600\" height=\"338\" frameborder=\"0\" marginwidth=\"0\" marginheight=\"0\" scrolling=\"no\"><\/iframe>\n<\/div><\/figure>\n\n\n\n<hr class=\"wp-block-separator\"\/>\n\n\n\n<p>Odjeci:<\/p>\n\n\n\n<p><a href=\"https:\/\/historiografija.ba\/article.php?id=1345\">https:\/\/historiografija.ba\/article.php?id=1345<\/a><\/p>\n\n\n\n<hr class=\"wp-block-separator\"\/>\n","protected":false},"excerpt":{"rendered":"","protected":false},"author":2,"featured_media":34166,"comment_status":"open","ping_status":"open","sticky":false,"template":"","format":"standard","meta":{"_acf_changed":false,"jetpack_post_was_ever_published":false,"_jetpack_newsletter_access":"","_jetpack_dont_email_post_to_subs":false,"_jetpack_newsletter_tier_id":0,"_jetpack_memberships_contains_paywalled_content":false,"_jetpack_memberships_contains_paid_content":false,"footnotes":"","jetpack_publicize_message":"","jetpack_publicize_feature_enabled":true,"jetpack_social_post_already_shared":true,"jetpack_social_options":{"image_generator_settings":{"template":"highway","default_image_id":0,"font":"","enabled":false},"version":2}},"categories":[8,3],"tags":[],"class_list":["post-34165","post","type-post","status-publish","format-standard","has-post-thumbnail","hentry","category-knjige","category-novosti"],"acf":{"facebook_opis":""},"jetpack_publicize_connections":[],"jetpack_featured_media_url":"https:\/\/i0.wp.com\/historiografija.hr\/wp-content\/uploads\/2023\/01\/Germanistika_u_Hrvatskoj.jpg?fit=450%2C628&ssl=1","jetpack_sharing_enabled":true,"jetpack-related-posts":[],"_links":{"self":[{"href":"https:\/\/historiografija.hr\/index.php?rest_route=\/wp\/v2\/posts\/34165","targetHints":{"allow":["GET"]}}],"collection":[{"href":"https:\/\/historiografija.hr\/index.php?rest_route=\/wp\/v2\/posts"}],"about":[{"href":"https:\/\/historiografija.hr\/index.php?rest_route=\/wp\/v2\/types\/post"}],"author":[{"embeddable":true,"href":"https:\/\/historiografija.hr\/index.php?rest_route=\/wp\/v2\/users\/2"}],"replies":[{"embeddable":true,"href":"https:\/\/historiografija.hr\/index.php?rest_route=%2Fwp%2Fv2%2Fcomments&post=34165"}],"version-history":[{"count":1,"href":"https:\/\/historiografija.hr\/index.php?rest_route=\/wp\/v2\/posts\/34165\/revisions"}],"predecessor-version":[{"id":34167,"href":"https:\/\/historiografija.hr\/index.php?rest_route=\/wp\/v2\/posts\/34165\/revisions\/34167"}],"wp:featuredmedia":[{"embeddable":true,"href":"https:\/\/historiografija.hr\/index.php?rest_route=\/wp\/v2\/media\/34166"}],"wp:attachment":[{"href":"https:\/\/historiografija.hr\/index.php?rest_route=%2Fwp%2Fv2%2Fmedia&parent=34165"}],"wp:term":[{"taxonomy":"category","embeddable":true,"href":"https:\/\/historiografija.hr\/index.php?rest_route=%2Fwp%2Fv2%2Fcategories&post=34165"},{"taxonomy":"post_tag","embeddable":true,"href":"https:\/\/historiografija.hr\/index.php?rest_route=%2Fwp%2Fv2%2Ftags&post=34165"}],"curies":[{"name":"wp","href":"https:\/\/api.w.org\/{rel}","templated":true}]}}