{"id":34159,"date":"2023-01-18T18:27:00","date_gmt":"2023-01-18T18:27:00","guid":{"rendered":"http:\/\/historiografija.hr\/?p=34159"},"modified":"2023-01-18T18:27:00","modified_gmt":"2023-01-18T18:27:00","slug":"predavanje-povodom-30-obljetnice-vojno-redarstvene-operacije-maslenica","status":"publish","type":"post","link":"https:\/\/historiografija.hr\/?p=34159","title":{"rendered":"Predavanje povodom 30. obljetnice vojno-redarstvene operacije \u201eMaslenica\u201c"},"content":{"rendered":"\n<p>Hrvatski memorijalno-dokumentacijski centar Domovinskoga rata u Zagrebu i Odjel za povijest Sveu\u010dili\u0161ta u Zadru, povodom 30. obljetnice vojno-redarstvene operacije \u201eMaslenica\u201c prire\u0111uju javno predavanje koje \u0107e se odr\u017eati u multimedijalnoj dvorani Sveu\u010dili\u0161nog Novog kampusa (Ulica dr. Franje Tu\u0111mana 24i) u petak, 20. sije\u010dnja 2023., od 10:30 do 12 sati.&nbsp;<\/p>\n\n\n\n<p>Predava\u010di i teme izlaganja:<\/p>\n\n\n\n<p>Pozdravna rije\u010d \u2013 izv. prof. dr. sc. Zlatko Begonja, pro\u010delnik Odjela za povijest Sveu\u010dili\u0161ta u Zadru<\/p>\n\n\n\n<p>Prof. dr. sc. Ante Nazor, Hrvatski memorijalno-dokumentacijski centar Domovinskoga rata, uvodna rije\u010d. (7 min)<\/p>\n\n\n\n<p>Prof. dr. sc. Ante Brali\u0107, Odjel za povijest Sveu\u010dili\u0161ta u Zadru: Operacija Maslenica \u2013 crta Izyum-Kupjansk?; komparativna analiza ratova u Hrvatskoj i Ukrajini. (15 min)<\/p>\n\n\n\n<p>Prof. dr. sc., gen-puk u mirovini Kre\u0161imir \u0106osi\u0107: Va\u017enost znanosti, istra\u017eivanja i razvoja u suvremenom ratu, od Maslenice do Ukrajine. (50 min)<\/p>\n\n\n\n<p>Danko Knez \u2013 ratni instruktor u PU Zadar: Obuka i djelovanje protuoklopnih snaga SJP MUP-a RH u Domovinskom ratu \u2013 ste\u010deno iskustvo u operaciji \u201eMaslenica\u201c. (15 min)<\/p>\n\n\n\n<hr class=\"wp-block-separator\"\/>\n\n\n\n<p>Izvor:<\/p>\n\n\n\n<p><a href=\"https:\/\/www.unizd.hr\/obavijesti\/view\/predavanje-povodom-30-obljetnice-vojno-redarstvene-operacije-maslenica\">https:\/\/www.unizd.hr\/obavijesti\/view\/predavanje-povodom-30-obljetnice-vojno-redarstvene-operacije-maslenica<\/a><\/p>\n\n\n\n<hr class=\"wp-block-separator\"\/>\n","protected":false},"excerpt":{"rendered":"","protected":false},"author":2,"featured_media":34160,"comment_status":"open","ping_status":"open","sticky":false,"template":"","format":"standard","meta":{"_acf_changed":false,"_jetpack_newsletter_access":"","_jetpack_dont_email_post_to_subs":false,"_jetpack_newsletter_tier_id":0,"_jetpack_memberships_contains_paywalled_content":false,"_jetpack_memberships_contains_paid_content":false,"footnotes":"","jetpack_publicize_message":"","jetpack_publicize_feature_enabled":true,"jetpack_social_post_already_shared":true,"jetpack_social_options":{"image_generator_settings":{"template":"highway","default_image_id":0,"font":"","enabled":false},"version":2},"jetpack_post_was_ever_published":false},"categories":[3],"tags":[],"class_list":["post-34159","post","type-post","status-publish","format-standard","has-post-thumbnail","hentry","category-novosti"],"acf":{"facebook_opis":""},"jetpack_publicize_connections":[],"jetpack_featured_media_url":"https:\/\/i0.wp.com\/historiografija.hr\/wp-content\/uploads\/2023\/01\/zd.jpg?fit=469%2C269&ssl=1","jetpack_sharing_enabled":true,"jetpack-related-posts":[{"id":53698,"url":"https:\/\/historiografija.hr\/?p=53698","url_meta":{"origin":34159,"position":0},"title":"Me\u0111unarodni znanstveno-stru\u010dni skup &#8220;Imotska krajina u Domovinskom ratu &#8211; 35 godina poslije&#8221;","author":"Branimir Jankovi\u0107","date":"25. svibnja 2026.","format":false,"excerpt":"Me\u0111unarodni znanstveno-stru\u010dni skup Imotska krajina u Domovinskom ratu \u2013 35 godina poslije okuplja sudionike iz akademske, stru\u010dne i dru\u0161tvene zajednice s ciljem razmjene spoznaja o ulozi Imotske krajine u Domovinskom ratu te o\u010duvanja povijesne i dru\u0161tvene memorije.\u00a0 Suorganizatori i partneri skupa su: Hrvatsko vojno u\u010dili\u0161te \u201eDr. Franjo Tu\u0111man\u201d, Sveu\u010dili\u0161te obrane\u2026","rel":"","context":"U &quot;Novosti&quot;","block_context":{"text":"Novosti","link":"https:\/\/historiografija.hr\/?cat=3"},"img":{"alt_text":"","src":"https:\/\/i0.wp.com\/historiografija.hr\/wp-content\/uploads\/2026\/05\/plakat-za-WEB-2.jpg?fit=1200%2C543&ssl=1&resize=350%2C200","width":350,"height":200,"srcset":"https:\/\/i0.wp.com\/historiografija.hr\/wp-content\/uploads\/2026\/05\/plakat-za-WEB-2.jpg?fit=1200%2C543&ssl=1&resize=350%2C200 1x, https:\/\/i0.wp.com\/historiografija.hr\/wp-content\/uploads\/2026\/05\/plakat-za-WEB-2.jpg?fit=1200%2C543&ssl=1&resize=525%2C300 1.5x, https:\/\/i0.wp.com\/historiografija.hr\/wp-content\/uploads\/2026\/05\/plakat-za-WEB-2.jpg?fit=1200%2C543&ssl=1&resize=700%2C400 2x, https:\/\/i0.wp.com\/historiografija.hr\/wp-content\/uploads\/2026\/05\/plakat-za-WEB-2.jpg?fit=1200%2C543&ssl=1&resize=1050%2C600 3x"},"classes":[]},{"id":54750,"url":"https:\/\/historiografija.hr\/?p=54750","url_meta":{"origin":34159,"position":1},"title":"Alta voce et calamo acri: zbornik povodom sedamdesetog ro\u0111endana Mladena An\u010di\u0107a","author":"Branimir Jankovi\u0107","date":"22. srpnja 2026.","format":false,"excerpt":"Novo suizdanje Sveu\u010dili\u0161ta u Zadru i Hrvatske akademije znanosti i umjetnosti\u00a0Alta voce et calamo acri: zbornik povodom sedamdesetog ro\u0111endana Mladena An\u010di\u0107a urednika Ante Brali\u0107a, Nikole Markulina, Antuna Neki\u0107a i Tomislava Popi\u0107a. U nakladi Sveu\u010dili\u0161ta u Zadru i sunakladni\u0161tvu Hrvatske akademije znanosti i umjetnosti tiskan je zbornik znanstvenih radova \u201eAlta voce\u2026","rel":"","context":"U &quot;Knjige&quot;","block_context":{"text":"Knjige","link":"https:\/\/historiografija.hr\/?cat=8"},"img":{"alt_text":"","src":"https:\/\/i0.wp.com\/historiografija.hr\/wp-content\/uploads\/2026\/07\/zbornik-Ancic.jpg?fit=420%2C600&ssl=1&resize=350%2C200","width":350,"height":200},"classes":[]},{"id":54829,"url":"https:\/\/historiografija.hr\/?p=54829","url_meta":{"origin":34159,"position":2},"title":"Jak\u0161a Ragu\u017e, Slaven Ru\u017ei\u0107, &#8220;SPECIJALNA JEDINICA POLICIJE \u201eGROF\u201c POLICIJSKE UPRAVE DUBROVNIK U DOMOVINSKOM RATU 1991. \u2013 1996.&#8221;","author":"Branimir Jankovi\u0107","date":"28. srpnja 2026.","format":false,"excerpt":"Autori: dr. sc. Jak\u0161a Ragu\u017e, dr. sc. Slaven Ru\u017ei\u0107 Udruga Specijalne jedinice policije \u201eGrof\u201c Dubrovnik, Hrvatski institut za povijest, Hrvatski memorijalno-dokumentacijski centar Domovinskog rata, Dubrovnik \u2013 Zagreb, 2026. U Dubrovniku je 5. svibnja 2026. odr\u017eana promocija znanstvene monografije \u201eSpecijalna jedinica policije Grof Policijske uprave Dubrovnik u Domovinskom ratu 1991.-1996., autora\u2026","rel":"","context":"U &quot;Knjige&quot;","block_context":{"text":"Knjige","link":"https:\/\/historiografija.hr\/?cat=8"},"img":{"alt_text":"","src":"https:\/\/i0.wp.com\/historiografija.hr\/wp-content\/uploads\/2026\/07\/Grof.jpg?fit=845%2C1200&ssl=1&resize=350%2C200","width":350,"height":200,"srcset":"https:\/\/i0.wp.com\/historiografija.hr\/wp-content\/uploads\/2026\/07\/Grof.jpg?fit=845%2C1200&ssl=1&resize=350%2C200 1x, https:\/\/i0.wp.com\/historiografija.hr\/wp-content\/uploads\/2026\/07\/Grof.jpg?fit=845%2C1200&ssl=1&resize=525%2C300 1.5x, https:\/\/i0.wp.com\/historiografija.hr\/wp-content\/uploads\/2026\/07\/Grof.jpg?fit=845%2C1200&ssl=1&resize=700%2C400 2x"},"classes":[]},{"id":54001,"url":"https:\/\/historiografija.hr\/?p=54001","url_meta":{"origin":34159,"position":3},"title":"5. me\u0111unarodna doktorska ljetna \u0161kola &#8220;Nations and Nationalism in the Contemporary World&#8221;","author":"Branimir Jankovi\u0107","date":"10. lipnja 2026.","format":false,"excerpt":"Na Odjelu za sociologiju Sveu\u010dili\u0161ta u Zadru odr\u017eava se 5. me\u0111unarodna doktorska ljetna \u0161kola Nations and Nationalism in the Contemporary World od 8. do 13. lipnja 2026. koju suorganiziraju Odjel za sociologiju i The Association for the Study of Ethnicity and Nationalism, London School of Economics and Political Science. Predava\u010di\u2026","rel":"","context":"U &quot;Novosti&quot;","block_context":{"text":"Novosti","link":"https:\/\/historiografija.hr\/?cat=3"},"img":{"alt_text":"","src":"https:\/\/i0.wp.com\/historiografija.hr\/wp-content\/uploads\/2026\/06\/ASEN-2026.jpg?fit=427%2C600&ssl=1&resize=350%2C200","width":350,"height":200},"classes":[]},{"id":53957,"url":"https:\/\/historiografija.hr\/?p=53957","url_meta":{"origin":34159,"position":4},"title":"Znanost u \u017eari\u0161tu: Predavanje dr. sc. Grozdane Franov-\u017divkovi\u0107 &#8220;Glagoljska i hrvatsko\u0107irili\u010dna vrela kao izvor za prou\u010davanje povijesti zadarskoga podru\u010dja&#8221;","author":"Branimir Jankovi\u0107","date":"9. lipnja 2026.","format":false,"excerpt":"Hrvatska akademija znanosti i umjetnosti organizira ciklus predavanja Znanost u \u017eari\u0161tu kojima je cilj na zanimljiv i pristupa\u010dan na\u010din predstaviti rezultate istra\u017eivanja njenih znanstveno-istra\u017eiva\u010dkih i muzejsko-galerijskih jedinica, a koji su jedinstveni u Hrvatskoj. U\u00a0srijedu 10. lipnja 2026. u 13 sati u Knji\u017enici HAZU u Zagrebu, Strossmayerov trg 14,\u00a0predavanje\u00a0Glagoljska i hrvatsko\u0107irili\u010dna\u2026","rel":"","context":"U &quot;Novosti&quot;","block_context":{"text":"Novosti","link":"https:\/\/historiografija.hr\/?cat=3"},"img":{"alt_text":"","src":"https:\/\/i0.wp.com\/historiografija.hr\/wp-content\/uploads\/2026\/06\/sicu_zadar_pasmanski_brevijar15st.jpg?fit=800%2C449&ssl=1&resize=350%2C200","width":350,"height":200,"srcset":"https:\/\/i0.wp.com\/historiografija.hr\/wp-content\/uploads\/2026\/06\/sicu_zadar_pasmanski_brevijar15st.jpg?fit=800%2C449&ssl=1&resize=350%2C200 1x, https:\/\/i0.wp.com\/historiografija.hr\/wp-content\/uploads\/2026\/06\/sicu_zadar_pasmanski_brevijar15st.jpg?fit=800%2C449&ssl=1&resize=525%2C300 1.5x, https:\/\/i0.wp.com\/historiografija.hr\/wp-content\/uploads\/2026\/06\/sicu_zadar_pasmanski_brevijar15st.jpg?fit=800%2C449&ssl=1&resize=700%2C400 2x"},"classes":[]},{"id":52809,"url":"https:\/\/historiografija.hr\/?p=52809","url_meta":{"origin":34159,"position":5},"title":"Predavanje \u2013 Csaba Szab\u00f3, \u201eRecognizing a Mithraic Sanctuary\u201c","author":"Filip \u0160imunjak","date":"5. svibnja 2026.","format":false,"excerpt":"Centar za interdisciplinarno istra\u017eivanje stare povijesti poziva vas na predavanje \u201cRecognizing a Mithraic Sanctuary\u201c, koje \u0107e prof. dr. sc. Csaba Szab\u00f3\u00a0sa Sveu\u010dili\u0161ta u Segedinu u Ma\u0111arskoj odr\u017eati u srijedu 6. svibnja 2026. u 17 h, u Konferencijskoj dvorani Knji\u017enice Filozofskog fakulteta.","rel":"","context":"U &quot;Novosti&quot;","block_context":{"text":"Novosti","link":"https:\/\/historiografija.hr\/?cat=3"},"img":{"alt_text":"","src":"https:\/\/i0.wp.com\/historiografija.hr\/wp-content\/uploads\/2026\/05\/Csaba-Szabo-predavanje-Mithraic.jpg?fit=849%2C1200&ssl=1&resize=350%2C200","width":350,"height":200,"srcset":"https:\/\/i0.wp.com\/historiografija.hr\/wp-content\/uploads\/2026\/05\/Csaba-Szabo-predavanje-Mithraic.jpg?fit=849%2C1200&ssl=1&resize=350%2C200 1x, https:\/\/i0.wp.com\/historiografija.hr\/wp-content\/uploads\/2026\/05\/Csaba-Szabo-predavanje-Mithraic.jpg?fit=849%2C1200&ssl=1&resize=525%2C300 1.5x, https:\/\/i0.wp.com\/historiografija.hr\/wp-content\/uploads\/2026\/05\/Csaba-Szabo-predavanje-Mithraic.jpg?fit=849%2C1200&ssl=1&resize=700%2C400 2x"},"classes":[]}],"_links":{"self":[{"href":"https:\/\/historiografija.hr\/index.php?rest_route=\/wp\/v2\/posts\/34159","targetHints":{"allow":["GET"]}}],"collection":[{"href":"https:\/\/historiografija.hr\/index.php?rest_route=\/wp\/v2\/posts"}],"about":[{"href":"https:\/\/historiografija.hr\/index.php?rest_route=\/wp\/v2\/types\/post"}],"author":[{"embeddable":true,"href":"https:\/\/historiografija.hr\/index.php?rest_route=\/wp\/v2\/users\/2"}],"replies":[{"embeddable":true,"href":"https:\/\/historiografija.hr\/index.php?rest_route=%2Fwp%2Fv2%2Fcomments&post=34159"}],"version-history":[{"count":1,"href":"https:\/\/historiografija.hr\/index.php?rest_route=\/wp\/v2\/posts\/34159\/revisions"}],"predecessor-version":[{"id":34161,"href":"https:\/\/historiografija.hr\/index.php?rest_route=\/wp\/v2\/posts\/34159\/revisions\/34161"}],"wp:featuredmedia":[{"embeddable":true,"href":"https:\/\/historiografija.hr\/index.php?rest_route=\/wp\/v2\/media\/34160"}],"wp:attachment":[{"href":"https:\/\/historiografija.hr\/index.php?rest_route=%2Fwp%2Fv2%2Fmedia&parent=34159"}],"wp:term":[{"taxonomy":"category","embeddable":true,"href":"https:\/\/historiografija.hr\/index.php?rest_route=%2Fwp%2Fv2%2Fcategories&post=34159"},{"taxonomy":"post_tag","embeddable":true,"href":"https:\/\/historiografija.hr\/index.php?rest_route=%2Fwp%2Fv2%2Ftags&post=34159"}],"curies":[{"name":"wp","href":"https:\/\/api.w.org\/{rel}","templated":true}]}}