{"id":34156,"date":"2023-01-18T17:33:52","date_gmt":"2023-01-18T17:33:52","guid":{"rendered":"http:\/\/historiografija.hr\/?p=34156"},"modified":"2023-01-18T17:33:52","modified_gmt":"2023-01-18T17:33:52","slug":"martin-previsic-goli-otok-istorija","status":"publish","type":"post","link":"https:\/\/historiografija.hr\/?p=34156","title":{"rendered":"Martin Previ\u0161i\u0107, \u201eGoli otok \u2013 istorija\u201c"},"content":{"rendered":"\n<p>Nakon hrvatskog i slovenskog izdanja objavljeno je i srpsko izdanje knjige povjesni\u010dara Martina Previ\u0161i\u0107a o Golom otoku.<\/p>\n\n\n\n<hr class=\"wp-block-separator\"\/>\n\n\n\n<p>Knjiga \u201eGoli otok \u2013 istorija\u201c <strong>Martina Previ\u0161i\u0107a<\/strong> prva je celovita studija logora na Golom otoku koja se temelji na mnogobrojnim dokumentima iz Udbinih arhiva kao i nizu svedo\u010danstava biv\u0161ih logora\u0161a. Analiziraju\u0107i kompleksni sistem logora za internaciju ibeovaca, Previ\u0161i\u0107 je uspeo spojiti nau\u010dnu preciznost istori\u010dara s talentom pripoveda\u010da, ose\u0107ajem za pojedinca i njegove dileme, izazove vremena i tragediju ideologije. Potresna svedo\u010danstva logora\u0161a vode \u010ditaoca kroz golooto\u010dku pri\u010du, sme\u0161taju se u kontekst i vreme bacaju\u0107i novo svetlo na prelomne doga\u0111aje zapo\u010dete Rezolucijom Informbiroa 1948.<\/p>\n\n\n\n<p>Previ\u0161i\u0107 je prvi autor koji je koristio bogate i tek sada dostupne arhivske zbirke u Zagrebu i Beogradu kako bi, pored mno\u0161tva intervjua koje je obavio s biv\u0161im logora\u0161ima, do\u0161ao do precizne i zaokru\u017eene slike o Golom otoku. Detaljno je prikazano na koji na\u010din je logor funkcinisao, kao i smisao i kontekst u kojem je otvoren i zatvoren, a opisano je, tako\u0111e, kako se njegov efekat produ\u017eio i nakon zatvaranja, i to za pojedinca kao i za tada\u0161nje jugoslavensko dru\u0161tvo.<\/p>\n\n\n\n<p>Martin Previ\u0161i\u0107 je \u010ditavu pri\u010du o Golom otoku podigao na jednu novu razinu. Ovu knjigu krase vrline koje prevazilaze kori\u0161\u0107enje novih izvora, a to je sna\u017ean autorski pe\u010dat.<\/p>\n\n\n\n<hr class=\"wp-block-separator\"\/>\n\n\n\n<p>Pro\u010ditajte odlomak:<\/p>\n\n\n\n<figure class=\"wp-block-embed-wordpress wp-block-embed is-type-wp-embed is-provider-vukotic-media\"><div class=\"wp-block-embed__wrapper\">\n<blockquote class=\"wp-embedded-content\" data-secret=\"CBQCjEL8uM\"><a href=\"https:\/\/www.vukoticmedia.rs\/portfolio\/goli-otok-istorija\/\">GOLI OTOK &#8211; istorija<\/a><\/blockquote><iframe loading=\"lazy\" class=\"wp-embedded-content\" sandbox=\"allow-scripts\" security=\"restricted\" style=\"position: absolute; clip: rect(1px, 1px, 1px, 1px);\" title=\"&#132;GOLI OTOK &#8211; istorija&#147; &#8212; Vukoti\u0107 Media\" src=\"https:\/\/www.vukoticmedia.rs\/portfolio\/goli-otok-istorija\/embed\/#?secret=QrFJV9Vlnt#?secret=CBQCjEL8uM\" data-secret=\"CBQCjEL8uM\" width=\"600\" height=\"338\" frameborder=\"0\" marginwidth=\"0\" marginheight=\"0\" scrolling=\"no\"><\/iframe>\n<\/div><\/figure>\n\n\n\n<hr class=\"wp-block-separator\"\/>\n\n\n\n<p><strong>O AUTORU<\/strong><\/p>\n\n\n\n<p><strong>Martin Previ\u0161i\u0107<\/strong> (Zagreb, 1984), vanredni je profesor na katedri za hrvatsku istoriju Odsjeka za povijest Filozofskog fakulteta Sveu\u010dili\u0161ta u Zagrebu.<\/p>\n\n\n\n<p>Podru\u010dje interesa njegovih istra\u017eivanja je istorija socijalisti\u010dke Jugoslavije i Hrvatske od 1945, te istorija komunizma. Predaje kolegije Hrvatska povijest nakon 1945. godine, Povijest me\u0111unarodnog komunisti\u010dkog pokreta, Sukob Tito \u2013 Staljin i Goli otok, te Povijest Jugoslavije 1945\u20131991.<\/p>\n\n\n\n<p>Objavio je knjige <em>The Tito \u2013 Stalin Split 70 Years After (s Tvrtkom Jakovinom), Zgodovina Goleg otoka, Breaking Down Bipolarity -Yugoslavia&#8217;s Foreign Relations during the Cold War.<\/em><\/p>\n\n\n\n<p>Dobio je Dr\u017eavnu nagradu za nauku 2019. godine (podru\u010dje humanisti\u010dkih znanosti), za knjigu <em>Povijest Golog otoka,<\/em> te Godi\u0161nju nagradu Dru\u0161tva sveu\u010dili\u0161nih i drugih nastavnika u Zagrebu 2019. godine za istu knjigu.<\/p>\n\n\n\n<p>Pre akademske karijere profesionalno se bavio ko\u0161arkom (Cibona, Zagreb, Dubrava, Karlovac). Bio je \u010dlan juniorske ko\u0161arka\u0161ke reprezentacije Hrvatske koja je u \u0160tutgartu 2002. osvojila zlatnu medalju.<\/p>\n\n\n\n<hr class=\"wp-block-separator\"\/>\n","protected":false},"excerpt":{"rendered":"","protected":false},"author":2,"featured_media":34157,"comment_status":"open","ping_status":"open","sticky":false,"template":"","format":"standard","meta":{"_acf_changed":false,"jetpack_post_was_ever_published":false,"_jetpack_newsletter_access":"","_jetpack_dont_email_post_to_subs":false,"_jetpack_newsletter_tier_id":0,"_jetpack_memberships_contains_paywalled_content":false,"_jetpack_memberships_contains_paid_content":false,"footnotes":"","jetpack_publicize_message":"","jetpack_publicize_feature_enabled":true,"jetpack_social_post_already_shared":true,"jetpack_social_options":{"image_generator_settings":{"template":"highway","default_image_id":0,"font":"","enabled":false},"version":2}},"categories":[8,3],"tags":[],"class_list":["post-34156","post","type-post","status-publish","format-standard","has-post-thumbnail","hentry","category-knjige","category-novosti"],"acf":{"facebook_opis":""},"jetpack_publicize_connections":[],"jetpack_featured_media_url":"https:\/\/i0.wp.com\/historiografija.hr\/wp-content\/uploads\/2023\/01\/Goli-otok.png?fit=550%2C800&ssl=1","jetpack_sharing_enabled":true,"jetpack-related-posts":[],"_links":{"self":[{"href":"https:\/\/historiografija.hr\/index.php?rest_route=\/wp\/v2\/posts\/34156","targetHints":{"allow":["GET"]}}],"collection":[{"href":"https:\/\/historiografija.hr\/index.php?rest_route=\/wp\/v2\/posts"}],"about":[{"href":"https:\/\/historiografija.hr\/index.php?rest_route=\/wp\/v2\/types\/post"}],"author":[{"embeddable":true,"href":"https:\/\/historiografija.hr\/index.php?rest_route=\/wp\/v2\/users\/2"}],"replies":[{"embeddable":true,"href":"https:\/\/historiografija.hr\/index.php?rest_route=%2Fwp%2Fv2%2Fcomments&post=34156"}],"version-history":[{"count":1,"href":"https:\/\/historiografija.hr\/index.php?rest_route=\/wp\/v2\/posts\/34156\/revisions"}],"predecessor-version":[{"id":34158,"href":"https:\/\/historiografija.hr\/index.php?rest_route=\/wp\/v2\/posts\/34156\/revisions\/34158"}],"wp:featuredmedia":[{"embeddable":true,"href":"https:\/\/historiografija.hr\/index.php?rest_route=\/wp\/v2\/media\/34157"}],"wp:attachment":[{"href":"https:\/\/historiografija.hr\/index.php?rest_route=%2Fwp%2Fv2%2Fmedia&parent=34156"}],"wp:term":[{"taxonomy":"category","embeddable":true,"href":"https:\/\/historiografija.hr\/index.php?rest_route=%2Fwp%2Fv2%2Fcategories&post=34156"},{"taxonomy":"post_tag","embeddable":true,"href":"https:\/\/historiografija.hr\/index.php?rest_route=%2Fwp%2Fv2%2Ftags&post=34156"}],"curies":[{"name":"wp","href":"https:\/\/api.w.org\/{rel}","templated":true}]}}