{"id":34154,"date":"2023-01-18T17:12:20","date_gmt":"2023-01-18T17:12:20","guid":{"rendered":"http:\/\/historiografija.hr\/?p=34154"},"modified":"2023-01-18T17:12:20","modified_gmt":"2023-01-18T17:12:20","slug":"filmski-cetvrtak-u-hda-hrvatska-prije-70-godina-1953","status":"publish","type":"post","link":"https:\/\/historiografija.hr\/?p=34154","title":{"rendered":"Filmski \u010detvrtak u HDA: Hrvatska prije 70 godina &#8211; 1953."},"content":{"rendered":"\n<p>U \u010detvrtak, 19. sije\u010dnja 2023., u dvorani Katalozi Hrvatskog dr\u017eavnog arhiva (Maruli\u0107ev trg 21) u okviru programa <em>Filmski \u010detvrtak<\/em> prikazujemo niz filmskih zapisa koji nas vra\u0107aju sedamdeset godina unazad, u 1953. godinu u Hrvatskoj i Jugoslaviji. Godina je to koja je donijela brojne va\u017ene i burne politi\u010dke i dru\u0161tvene doga\u0111aje izme\u0111u kojih se posebno izdvajaju progla\u0161enje Josipa Broza Tita prvim predsjednikom Republike, borba za pripojenje Trsta Jugoslaviji, poslijeratni manevri u Jugoslaviji, prvi posjet Tita nekoj zapadnoj zemlji (Velikoj Britaniji), te difamacija kardinala Stepinca.<\/p>\n\n\n\n<p>Rije\u010d je o filmovima:<\/p>\n\n\n\n<p><em>Filmske novosti br. 316\/74<\/em> (isje\u010dak iz reporta\u017ee<em> Progla\u0161enje novog ustava<\/em>), \u017eurnal, 3 min<\/p>\n\n\n\n<p><em>Filmske novosti br. 14\/53<\/em> (reporta\u017ea <em>Povratak Tita iz Engleske u Split<\/em>), \u017eurnal, 1953., 4 min<\/p>\n\n\n\n<p><em>Filmske novosti br. 39\/53<\/em> (reporta\u017ea <em>Vojni manevri u zagreba\u010dkoj oblasti<\/em>), \u017eurnal, 1953., 2 min<\/p>\n\n\n\n<p><em>Poslije deset godina<\/em>, dokumentarni, Vatroslav Mimica, 1954., 8 min<\/p>\n\n\n\n<p><em>Ne priznajemo sramotnu odluku<\/em>, dokumentarni, Branko Marjanovi\u0107, 1953., 15 min<\/p>\n\n\n\n<p><em>Zasluge kardinala Stepinca,<\/em> dokumentarni, Vatroslav Mimica, 1953., 5 min<\/p>\n\n\n\n<p><em>Opatija \u2013 kvarnerska rivijera<\/em>, dokumentarni, Krsto Petanjek, 1953., 9 min<\/p>\n\n\n\n<p>Nakon projekcije osvrt na filmove i doga\u0111aja 1953. odr\u017eati \u0107e dr. sc. Josip Mihaljevi\u0107, znanstveni suradnik Hrvatskog instituta za povijest. Program je odabrao vi\u0161i filmski arhivist Juraj Kuko\u010d, a za prikazivanje ga priredio filmski arhivist Vjeran Pavlini\u0107.<\/p>\n\n\n\n<hr class=\"wp-block-separator\"\/>\n\n\n\n<p>Izvor:<\/p>\n\n\n\n<p><a href=\"http:\/\/www.arhiv.hr\/hr-hr\/Izlozbe-i-dogadjanja\/ArticleId\/1671\/oamid\/1633\">http:\/\/www.arhiv.hr\/hr-hr\/Izlozbe-i-dogadjanja\/ArticleId\/1671\/oamid\/1633<\/a><\/p>\n\n\n\n<hr class=\"wp-block-separator\"\/>\n","protected":false},"excerpt":{"rendered":"","protected":false},"author":2,"featured_media":9823,"comment_status":"open","ping_status":"open","sticky":false,"template":"","format":"standard","meta":{"_acf_changed":false,"jetpack_post_was_ever_published":false,"_jetpack_newsletter_access":"","_jetpack_dont_email_post_to_subs":false,"_jetpack_newsletter_tier_id":0,"_jetpack_memberships_contains_paywalled_content":false,"_jetpack_memberships_contains_paid_content":false,"footnotes":"","jetpack_publicize_message":"","jetpack_publicize_feature_enabled":true,"jetpack_social_post_already_shared":true,"jetpack_social_options":{"image_generator_settings":{"template":"highway","default_image_id":0,"font":"","enabled":false},"version":2}},"categories":[13,3],"tags":[],"class_list":["post-34154","post","type-post","status-publish","format-standard","has-post-thumbnail","hentry","category-filmovi-i-serije","category-novosti"],"acf":{"facebook_opis":""},"jetpack_publicize_connections":[],"jetpack_featured_media_url":"https:\/\/i0.wp.com\/historiografija.hr\/wp-content\/uploads\/2018\/05\/Filmski-cetvrtak.png?fit=500%2C500&ssl=1","jetpack_sharing_enabled":true,"jetpack-related-posts":[],"_links":{"self":[{"href":"https:\/\/historiografija.hr\/index.php?rest_route=\/wp\/v2\/posts\/34154","targetHints":{"allow":["GET"]}}],"collection":[{"href":"https:\/\/historiografija.hr\/index.php?rest_route=\/wp\/v2\/posts"}],"about":[{"href":"https:\/\/historiografija.hr\/index.php?rest_route=\/wp\/v2\/types\/post"}],"author":[{"embeddable":true,"href":"https:\/\/historiografija.hr\/index.php?rest_route=\/wp\/v2\/users\/2"}],"replies":[{"embeddable":true,"href":"https:\/\/historiografija.hr\/index.php?rest_route=%2Fwp%2Fv2%2Fcomments&post=34154"}],"version-history":[{"count":1,"href":"https:\/\/historiografija.hr\/index.php?rest_route=\/wp\/v2\/posts\/34154\/revisions"}],"predecessor-version":[{"id":34155,"href":"https:\/\/historiografija.hr\/index.php?rest_route=\/wp\/v2\/posts\/34154\/revisions\/34155"}],"wp:featuredmedia":[{"embeddable":true,"href":"https:\/\/historiografija.hr\/index.php?rest_route=\/wp\/v2\/media\/9823"}],"wp:attachment":[{"href":"https:\/\/historiografija.hr\/index.php?rest_route=%2Fwp%2Fv2%2Fmedia&parent=34154"}],"wp:term":[{"taxonomy":"category","embeddable":true,"href":"https:\/\/historiografija.hr\/index.php?rest_route=%2Fwp%2Fv2%2Fcategories&post=34154"},{"taxonomy":"post_tag","embeddable":true,"href":"https:\/\/historiografija.hr\/index.php?rest_route=%2Fwp%2Fv2%2Ftags&post=34154"}],"curies":[{"name":"wp","href":"https:\/\/api.w.org\/{rel}","templated":true}]}}